{"id":179755,"date":"2025-10-16T03:06:10","date_gmt":"2025-10-16T03:06:10","guid":{"rendered":"https:\/\/www.europesays.com\/es\/179755\/"},"modified":"2025-10-16T03:06:10","modified_gmt":"2025-10-16T03:06:10","slug":"compartir-cartel-con-cesar-jimenez-me-hace-muy-feliz","status":"publish","type":"post","link":"https:\/\/www.europesays.com\/es\/179755\/","title":{"rendered":"\u00abCompartir cartel con C\u00e9sar Jim\u00e9nez me hace muy feliz\u00bb"},"content":{"rendered":"<p>El torero sevillano llegar\u00e1 este s\u00e1bado 18 de octubre \u00a0a Arenas de San Pedro sustituyendo a Emilio de Justo. Lo hace en un cartel marcado por la reaparici\u00f3n de C\u00e9sar Jim\u00e9nez y la presencia de Tom\u00e1s Rufo y en el que se lidiar\u00e1n toros del Puerto de SanLorenzo. \u00a0En \u00e9ste, un momento clave de su trayectoria, Borja Jim\u00e9nez reflexiona sobre la responsabilidad de liderar el escalaf\u00f3n, el relevo generacional en la tauromaquia y los sue\u00f1os que a\u00fan guarda en su horizonte.<\/p>\n<p><strong>Finalmente, sustituir\u00e1 a Emilio de Justo tras la cogida sufrida en Madrid. \u00bfC\u00f3mo recibi\u00f3 la noticia y qu\u00e9 significa para usted entrar en este cartel de Arenas De San Pedro?<\/strong><\/p>\n<p>Lo primero es desearle una pronta recuperaci\u00f3n a Emilio, que se recupere bien y pronto, que es lo m\u00e1s importante. Para m\u00ed es una alegr\u00eda estar anunciado en Arenas de San Pedro con este cartel tan especial, con la reaparici\u00f3n de C\u00e9sar Jim\u00e9nez, un torero al que siempre he admirado mucho desde mis inicios. Desde que era novillero sin picadores me fijaba en \u00e9l, y ahora poder compartir cartel en su reaparici\u00f3n es algo que me hace muy feliz.<\/p>\n<p><strong>La reaparici\u00f3n por un d\u00eda de C\u00e9sar Jim\u00e9nez a\u00f1ade un toque hist\u00f3rico a la tarde. \u00bfQu\u00e9 valor le da a compartir cartel con \u00e9l?<\/strong><\/p>\n<p>Much\u00edsimo. Siempre ha sido un referente para m\u00ed y ahora, compartir por primera vez una tarde con \u00e9l en su regreso, aunque sea solo por un d\u00eda, lo valoro como algo muy bonito y \u00a0tambi\u00e9n como algo muy especial.<\/p>\n<p><strong>Este a\u00f1o est\u00e1 siendo especialmente importante en su carrera. \u00bfSiente que ha llegado su momento definitivo como torero?<\/strong><\/p>\n<p>Est\u00e1 siendo un a\u00f1o muy importante, marcado por la regularidad en plazas de m\u00e1xima exigencia y con triunfos muy importantes en plazas de primera. En apenas dos a\u00f1os y \u00a0medio que llevo en las ferias, despu\u00e9s de mi despegue con la puerta grande en Madrid en \u00a02023 y de recibir la Oreja de Oro como triunfador de la temporada pasada, creo que este ?a\u00f1o est\u00e1 sirviendo para consolidar todo lo que hab\u00eda hecho en los dos anteriores. Creo que es muy importante la temporada que estoy haciendo y vamos en el camino que quiero estar.<\/p>\n<p><strong>Se habla de Borja Jim\u00e9nez como uno de los toreros llamados a liderar el futuro inmediato. \u00bfC\u00f3mo afronta esa responsabilidad?<\/strong><\/p>\n<p>Es lo que siempre he buscado. Desde ni\u00f1o so\u00f1aba en grande con el toreo y con estar en lo m\u00e1s alto del escalaf\u00f3n. S\u00e9 que es muy dif\u00edcil mantenerse ah\u00ed muchos a\u00f1os, pero ahora mismo estoy en la posici\u00f3n que quiero estar y toca seguir subiendo, y haciendo cosas\u00a0importantes en la plaza para que mi nombre se consolide en esa parte alta. Que se me vea como alguien que puede liderar el escalaf\u00f3n en un futuro es una gran responsabilidad, pero es precisamente lo que me motiva e ilusiona.<\/p>\n<p><strong>\u00a0\u00bfCree que el p\u00fablico actual busca algo distinto en el toreo respecto a generaciones pasadas?<\/strong><\/p>\n<p>Cada vez hay m\u00e1s j\u00f3venes en las plazas y eso es muy bonito para el toreo y para los toreros cuando vamos a las plazas y vemos tanta cantidad de gente joven. Creo que\u00a0<\/p>\n<p>estamos viviendo un cambio de generaci\u00f3n, no solo en los toreros sino tambi\u00e9n en los ganaderos y en los aficionados. Ahora conviven figuras que llevan muchos a\u00f1os y han conseguido cosas enormes en el toreo, que siguen ah\u00ed porque se lo ganan en la plaza d\u00eda a d\u00eda, con una nueva baraja de toreros j\u00f3venes que est\u00e1n luchando por hacerse un sitio \u00a0arriba. Para m\u00ed es un momento muy bueno para el toreo, porque esa mezcla enriquece y \u00a0ofrece mucho al aficionado.<\/p>\n<p><strong>\u00bfQu\u00e9 sue\u00f1o taurino sigue teniendo pendiente Borja Jim\u00e9nez?<\/strong><\/p>\n<p>Tengo muchos sue\u00f1os por delante, desde que empec\u00e9 a querer ser torero. Uno de ellos es abrir la Puerta del Pr\u00edncipe de Sevilla como matador \u2014ya lo consegu\u00ed como novillero\u2014 y me encantar\u00eda lograrlo tambi\u00e9n ahora. Pero m\u00e1s all\u00e1 de ese sue\u00f1o concreto, lo que m\u00e1s me obsesiona es mantenerme en la parte alta del escalaf\u00f3n durante muchos a\u00f1os. Ese es mi gran objetivo.<\/p>\n","protected":false},"excerpt":{"rendered":"El torero sevillano llegar\u00e1 este s\u00e1bado 18 de octubre \u00a0a Arenas de San Pedro sustituyendo a Emilio de&hellip;\n","protected":false},"author":2,"featured_media":179756,"comment_status":"","ping_status":"","sticky":false,"template":"","format":"standard","meta":{"footnotes":""},"categories":[277],"tags":[2832,373,168,25,24,205,1171,23,167,625,374,444],"class_list":{"0":"post-179755","1":"post","2":"type-post","3":"status-publish","4":"format-standard","5":"has-post-thumbnail","7":"category-toreo","8":"tag-arenas-de-san-pedro","9":"tag-bullfighting","10":"tag-deportes","11":"tag-es","12":"tag-espana","13":"tag-madrid","14":"tag-sevilla","15":"tag-spain","16":"tag-sports","17":"tag-tauromaquia","18":"tag-toreo","19":"tag-toros"},"share_on_mastodon":{"url":"","error":""},"_links":{"self":[{"href":"https:\/\/www.europesays.com\/es\/wp-json\/wp\/v2\/posts\/179755","targetHints":{"allow":["GET"]}}],"collection":[{"href":"https:\/\/www.europesays.com\/es\/wp-json\/wp\/v2\/posts"}],"about":[{"href":"https:\/\/www.europesays.com\/es\/wp-json\/wp\/v2\/types\/post"}],"author":[{"embeddable":true,"href":"https:\/\/www.europesays.com\/es\/wp-json\/wp\/v2\/users\/2"}],"replies":[{"embeddable":true,"href":"https:\/\/www.europesays.com\/es\/wp-json\/wp\/v2\/comments?post=179755"}],"version-history":[{"count":0,"href":"https:\/\/www.europesays.com\/es\/wp-json\/wp\/v2\/posts\/179755\/revisions"}],"wp:featuredmedia":[{"embeddable":true,"href":"https:\/\/www.europesays.com\/es\/wp-json\/wp\/v2\/media\/179756"}],"wp:attachment":[{"href":"https:\/\/www.europesays.com\/es\/wp-json\/wp\/v2\/media?parent=179755"}],"wp:term":[{"taxonomy":"category","embeddable":true,"href":"https:\/\/www.europesays.com\/es\/wp-json\/wp\/v2\/categories?post=179755"},{"taxonomy":"post_tag","embeddable":true,"href":"https:\/\/www.europesays.com\/es\/wp-json\/wp\/v2\/tags?post=179755"}],"curies":[{"name":"wp","href":"https:\/\/api.w.org\/{rel}","templated":true}]}}