{"id":179759,"date":"2025-10-16T03:11:09","date_gmt":"2025-10-16T03:11:09","guid":{"rendered":"https:\/\/www.europesays.com\/es\/179759\/"},"modified":"2025-10-16T03:11:09","modified_gmt":"2025-10-16T03:11:09","slug":"la-escuderia-que-anuncio-a-sus-pilotos-para-2026","status":"publish","type":"post","link":"https:\/\/www.europesays.com\/es\/179759\/","title":{"rendered":"la escuder\u00eda que anunci\u00f3 a sus pilotos para 2026"},"content":{"rendered":"<p>El equipo <strong>Mercedes-AMG Petronas de F\u00f3rmula 1<\/strong> anunci\u00f3 este mi\u00e9rcoles la <strong>renovaci\u00f3n de George Russell y Kimi Antonelli hasta finales de 2026,<\/strong> confirmando as\u00ed la dupla que representar\u00e1 al equipo en la pr\u00f3xima temporada. As\u00ed, <strong><a href=\"https:\/\/www.lmneuquen.com\/deportes\/el-posteo-alpine-que-rompe-las-ilusiones-franco-colapinto-esta-temporada-n1209955\" target=\"_blank\" rel=\"follow nofollow noopener\">Franco Colapinto<\/a><\/strong> tendr\u00eda menos oportunidades la pr\u00f3xima temporada.<\/p>\n<p>Un cambio de pilotos en la escuder\u00eda alemana hubiera causado un revuelo en el mercado. Por ejemplo, si Verstappen se sumaba a Mercedes, Red Bull ten\u00eda previsto llevar a Alex Albon de nuevo a sus filas, lo que hubiera abierto una nueva oportunidad para el argentino en Williams.<\/p>\n<p>La escuder\u00eda alemana puso fin a semanas de especulaciones y asegur\u00f3 la continuidad de sus pilotos formados en el programa de j\u00f3venes talentos de Brackley, de cara a una nueva era t\u00e9cnica en la categor\u00eda.<\/p>\n<p> verstappen pole.jpg   <\/p>\n<p>  <img decoding=\"async\" src=\"https:\/\/www.lmneuquen.com\/css-custom\/195\/lazy.svg\" data-td-src-property=\"https:\/\/media.lmneuquen.com\/p\/1b9e83a9e807e3ddce79de95231800a4\/adjuntos\/195\/imagenes\/007\/879\/0007879554\/770x0\/smart\/verstappen-polejpg.jpg\" alt=\"\" title=\"\" width=\"770\" height=\"undefined\" id=\"1129695-Libre-1678136729_embed\"\/>    <\/p>\n<p>\u201c<strong>Russell y Antonelli han demostrado ser una pareja fuerte<\/strong> y estamos emocionados de continuar nuestro viaje juntos. Confirmar nuestra alineaci\u00f3n fue siempre una cuesti\u00f3n de cu\u00e1ndo, no de si\u201d, se\u00f1al\u00f3 Toto Wolff, director ejecutivo de Mercedes.<\/p>\n<p>El dirigente austr\u00edaco explic\u00f3 que la escuder\u00eda prefiri\u00f3 tomarse su tiempo para manejar las negociaciones \u201cde manera adecuada\u201d y garantizar que todas las partes quedaran conformes.<\/p>\n<p>Para <strong>Russell<\/strong>, que afrontar\u00e1 su <strong>quinta temporada con Mercedes<\/strong>, la renovaci\u00f3n simboliza la consolidaci\u00f3n de una relaci\u00f3n que comenz\u00f3 en 2017, cuando ingres\u00f3 al programa de desarrollo del equipo.<\/p>\n<p>\u201cEl a\u00f1o que viene ser\u00e1 el d\u00e9cimo desde que firm\u00e9 con Mercedes. Ha sido una <strong>colaboraci\u00f3n larga y exitosa<\/strong>, y estoy deseando ver lo que viene, sobre todo con los grandes cambios reglamentarios de 2026\u201d, expres\u00f3 el <strong>piloto brit\u00e1nico<\/strong>, que este a\u00f1o ya sum\u00f3 <strong>dos victorias, incluida la del Gran Premio de Singapur.<\/strong><\/p>\n<p> jorge-russell-LM.jpg    <\/p>\n<p>  <img loading=\"lazy\" decoding=\"async\" src=\"https:\/\/www.lmneuquen.com\/css-custom\/195\/lazy.svg\" data-td-src-property=\"https:\/\/media.lmneuquen.com\/p\/9778f2ae85ca6aa3d86b8d4ea7d0a758\/adjuntos\/195\/imagenes\/006\/755\/0006755155\/jorge-russell-lmjpg.jpg\" alt=\"Russell ser\u00e1 piloto de Mercedes en la temporada 2022 de la F\u00f3rmula 1\" title=\"Russell ser\u00e1 piloto de Mercedes en la temporada 2022 de la F\u00f3rmula 1\" width=\"770\" height=\"435\" id=\"767650-Libre-389380160_embed\"\/>    <\/p>\n<p>Russell ser\u00e1 piloto de Mercedes en la temporada 2022 de la F\u00f3rmula 1<\/p>\n<p>Por su parte, <strong>Kimi Antonelli,<\/strong> de apenas 19 a\u00f1os, <strong>continuar\u00e1 su proceso de crecimiento tras debutar en la F1 esta temporada. <\/strong>El italiano, que hizo historia al convertirse en el <strong>piloto m\u00e1s joven en lograr una pole position en una sprint en Miami<\/strong>, se mostr\u00f3 agradecido por la confianza del equipo.<\/p>\n<p>\u201cHe aprendido mucho en mi primera temporada, tanto en los buenos como en los malos momentos. <strong>Quiero dar las gracias a Toto y a todos en Brackley y Brixworth por su apoyo y fe en m\u00ed<\/strong>\u201d, sostuvo Antonelli.<\/p>\n<p>Con esta confirmaci\u00f3n, <strong>Mercedes pone punto final a los rumores que vinculaban a pilotos como Max Verstappen<\/strong> con la escuder\u00eda alemana, dejando pr\u00e1cticamente cerrado el <strong>mercado de pilotos <\/strong>de cara a 2026.<\/p>\n<p>Solo quedan <strong>asientos disponibles en Red Bull, Alpine y Racing Bulls, <\/strong>mientras el equipo de <strong>Wolff<\/strong> centra su atenci\u00f3n en las \u00faltimas seis carreras del a\u00f1o, donde <strong>pelea con Ferrari y Red Bull por el segundo puesto en el Mundial de Constructores<\/strong>.<\/p>\n<p> \u00bfCu\u00e1les son los asientos libres en la F\u00f3rmula 1? <\/p>\n<p>Aun as\u00ed, todav\u00eda quedan algunas butacas sin due\u00f1o para 2026, donde una de ellas es en <strong>Red Bull <\/strong>para acompa\u00f1ar a <strong>Max Verstappen. <\/strong>A esto se le suman <strong>las dos de<\/strong> <strong>RB<\/strong> (Visa Cash App RB) y el <strong>segundo asiento de Alpine<\/strong>, <a href=\"https:\/\/www.lmneuquen.com\/deportes\/durisimo-testimonio-franco-colapinto-finalizar-17-monza-n1207630\" target=\"_blank\" rel=\"follow nofollow noopener\">donde la expectativa gira en torno al futuro de Colapinto<\/a>. El piloto argentino, actualmente parte del equipo franc\u00e9s, podr\u00eda mantener su lugar junto a<strong> Pierre Gasly<\/strong>, quien renov\u00f3 su v\u00ednculo hasta 2028.<\/p>\n<p>Por otro lado, el resto de las escuder\u00edas ya tiene sus alineaciones pr\u00e1cticamente cerradas: <strong>McLaren <\/strong>con <strong>Lando Norris y Oscar Piastri<\/strong>, <strong>Ferrari<\/strong> con <strong>Charles Leclerc y Lewis Hamilton<\/strong>, <strong>Aston Martin<\/strong> con <strong>Fernando Alonso y Lance Stroll<\/strong>, <strong>Williams <\/strong>con <strong>Alexander Albon y Carlos Sainz y Haas <\/strong>con <strong>Oliver Bearman y Esteban Ocon.<\/strong><\/p>\n<p> Colapinto-Alpine-Singapur-Portada    <\/p>\n<p>  <img decoding=\"async\" src=\"https:\/\/www.lmneuquen.com\/css-custom\/195\/lazy.svg\" data-td-src-property=\"https:\/\/media.lmneuquen.com\/p\/752ba043427331e376c185078977d357\/adjuntos\/195\/imagenes\/008\/044\/0008044014\/770x0\/smart\/colapinto-alpine-singapur-portada.jpg\" alt=\"\" title=\"\" width=\"770\" height=\"undefined\" id=\"1178154-Libre-1598200340_embed\"\/>    <\/p>\n<p>Adem\u00e1s, lo que hoy se conoce como <strong>Sauber<\/strong> pasar\u00e1 al control de <strong>Audi<\/strong>, por lo que el nombre del equipo cambiar\u00e1, pero seguir\u00e1 con <strong>Nico H\u00fclkenberg y Gabriel Bortoleto. <\/strong>A las escuder\u00edas ya conocidas se sum\u00f3 <strong>Cadillac<\/strong>, que contar\u00e1 con los pilotos <strong>Valtteri Bottas y Sergio \u201cCheco\u201d P\u00e9rez<\/strong>.<\/p>\n","protected":false},"excerpt":{"rendered":"El equipo Mercedes-AMG Petronas de F\u00f3rmula 1 anunci\u00f3 este mi\u00e9rcoles la renovaci\u00f3n de George Russell y Kimi Antonelli&hellip;\n","protected":false},"author":2,"featured_media":179760,"comment_status":"","ping_status":"","sticky":false,"template":"","format":"standard","meta":{"footnotes":""},"categories":[270],"tags":[168,25,24,306,271,272,23,167],"class_list":{"0":"post-179759","1":"post","2":"type-post","3":"status-publish","4":"format-standard","5":"has-post-thumbnail","7":"category-formula-1","8":"tag-deportes","9":"tag-es","10":"tag-espana","11":"tag-f1","12":"tag-formula-1","13":"tag-formula1","14":"tag-spain","15":"tag-sports"},"share_on_mastodon":{"url":"","error":""},"_links":{"self":[{"href":"https:\/\/www.europesays.com\/es\/wp-json\/wp\/v2\/posts\/179759","targetHints":{"allow":["GET"]}}],"collection":[{"href":"https:\/\/www.europesays.com\/es\/wp-json\/wp\/v2\/posts"}],"about":[{"href":"https:\/\/www.europesays.com\/es\/wp-json\/wp\/v2\/types\/post"}],"author":[{"embeddable":true,"href":"https:\/\/www.europesays.com\/es\/wp-json\/wp\/v2\/users\/2"}],"replies":[{"embeddable":true,"href":"https:\/\/www.europesays.com\/es\/wp-json\/wp\/v2\/comments?post=179759"}],"version-history":[{"count":0,"href":"https:\/\/www.europesays.com\/es\/wp-json\/wp\/v2\/posts\/179759\/revisions"}],"wp:featuredmedia":[{"embeddable":true,"href":"https:\/\/www.europesays.com\/es\/wp-json\/wp\/v2\/media\/179760"}],"wp:attachment":[{"href":"https:\/\/www.europesays.com\/es\/wp-json\/wp\/v2\/media?parent=179759"}],"wp:term":[{"taxonomy":"category","embeddable":true,"href":"https:\/\/www.europesays.com\/es\/wp-json\/wp\/v2\/categories?post=179759"},{"taxonomy":"post_tag","embeddable":true,"href":"https:\/\/www.europesays.com\/es\/wp-json\/wp\/v2\/tags?post=179759"}],"curies":[{"name":"wp","href":"https:\/\/api.w.org\/{rel}","templated":true}]}}