{"id":179763,"date":"2025-10-16T03:13:08","date_gmt":"2025-10-16T03:13:08","guid":{"rendered":"https:\/\/www.europesays.com\/es\/179763\/"},"modified":"2025-10-16T03:13:08","modified_gmt":"2025-10-16T03:13:08","slug":"roma-barca-femenino-en-directo","status":"publish","type":"post","link":"https:\/\/www.europesays.com\/es\/179763\/","title":{"rendered":"Roma &#8211; Bar\u00e7a femenino en directo"},"content":{"rendered":"<p> <strong>\u00daltima hora y resultado del Roma &#8211; Barcelona hoy de la Champions femenina<\/strong><\/p>\n<p class=\"ue-c-article__paragraph \">\u00a1\u00a1Muy buenas tardes!! El <strong>Bar\u00e7a<\/strong>, al igual que la anterior jornada, es el equipo espa\u00f1ol encargado de abrir una nueva semana de Champions. <strong>Hoy a las 21:00 horas visita a la Roma en el estadio Tre Fontante.<\/strong> El conjunto romanista ha anunciado que se han vendido m\u00e1s de 2.500 entradas para este encuentro de la m\u00e1xima competici\u00f3n europea.<\/p>\n<p class=\"ue-c-article__paragraph \">El FC Barcelona Femen\u00ed llega a su cita contra la Roma en la Champions League en un estado de forma imparable. Las <strong>azulgranas <\/strong>comenzaron su andadura en la competici\u00f3n europea con una <strong>contundente victoria por 7-1 ante el Bayern de M\u00fanich<\/strong>, dejando claro por qu\u00e9 son las grandes favoritas al t\u00edtulo. En la<strong> Liga F<\/strong>, las de Pere Romeu mantienen su paso perfecto tras<strong> golear 0-6 al Atl\u00e9tico de Madrid,<\/strong> extendiendo una racha invicta que abarca desde el arranque de la temporada. El <strong>\u00fanico punto de preocupaci\u00f3n<\/strong> pasa por la <strong>lesi\u00f3n de rodilla de Ewa Pajo <\/strong>que estar\u00e1 fuera del verde de 4 a 6 semanas y cuya evoluci\u00f3n marcar\u00e1 las pr\u00f3ximas convocatorias del equipo.<\/p>\n<p class=\"ue-c-article__paragraph \">Por su parte, la AS Roma Femenina llega al duelo europeo con sensaciones mixtas. En la Champions<strong>, las italianas cayeron por 6-2 ante el Real Madrid en la primera jornada<\/strong>, un resultado que las obliga a reaccionar ante las blaugranas si quieren tener opciones de clasificarse para la siguiente fase. Sin embargo, en la <strong>Serie A <\/strong>femenina atraviesan un buen momento: vienen de<strong> imponerse por 2-1 al AC Milan<\/strong>, una victoria que les ha permitido mantenerse en lo m\u00e1s alto de la clasificaci\u00f3n nacional.<\/p>\n<p class=\"ue-c-article__paragraph \">De esta manera queda presentado el enfrentamiento. Seg\u00fan eche a rodar el bal\u00f3n, podr\u00e9is seguir<strong> los comentarios en directo <\/strong>con todo lo que ocurra sobre el terreno de juego. Por \u00faltimo, la <strong>cr\u00f3nica <\/strong>estar\u00e1 disponible en <strong>MARCA.com<\/strong>. \u00a1ARRANCAMOOOOS!<\/p>\n","protected":false},"excerpt":{"rendered":"\u00daltima hora y resultado del Roma &#8211; Barcelona hoy de la Champions femenina \u00a1\u00a1Muy buenas tardes!! El Bar\u00e7a,&hellip;\n","protected":false},"author":2,"featured_media":179764,"comment_status":"","ping_status":"","sticky":false,"template":"","format":"standard","meta":{"footnotes":""},"categories":[268],"tags":[37417,168,25,24,5039,280,282,1809,281,23,167],"class_list":{"0":"post-179763","1":"post","2":"type-post","3":"status-publish","4":"format-standard","5":"has-post-thumbnail","7":"category-futbol","8":"tag-champions-league-femenina","9":"tag-deportes","10":"tag-es","11":"tag-espana","12":"tag-fc-barcelona-femenino","13":"tag-football","14":"tag-futbol","15":"tag-futbol-femenino","16":"tag-soccer","17":"tag-spain","18":"tag-sports"},"share_on_mastodon":{"url":"","error":""},"_links":{"self":[{"href":"https:\/\/www.europesays.com\/es\/wp-json\/wp\/v2\/posts\/179763","targetHints":{"allow":["GET"]}}],"collection":[{"href":"https:\/\/www.europesays.com\/es\/wp-json\/wp\/v2\/posts"}],"about":[{"href":"https:\/\/www.europesays.com\/es\/wp-json\/wp\/v2\/types\/post"}],"author":[{"embeddable":true,"href":"https:\/\/www.europesays.com\/es\/wp-json\/wp\/v2\/users\/2"}],"replies":[{"embeddable":true,"href":"https:\/\/www.europesays.com\/es\/wp-json\/wp\/v2\/comments?post=179763"}],"version-history":[{"count":0,"href":"https:\/\/www.europesays.com\/es\/wp-json\/wp\/v2\/posts\/179763\/revisions"}],"wp:featuredmedia":[{"embeddable":true,"href":"https:\/\/www.europesays.com\/es\/wp-json\/wp\/v2\/media\/179764"}],"wp:attachment":[{"href":"https:\/\/www.europesays.com\/es\/wp-json\/wp\/v2\/media?parent=179763"}],"wp:term":[{"taxonomy":"category","embeddable":true,"href":"https:\/\/www.europesays.com\/es\/wp-json\/wp\/v2\/categories?post=179763"},{"taxonomy":"post_tag","embeddable":true,"href":"https:\/\/www.europesays.com\/es\/wp-json\/wp\/v2\/tags?post=179763"}],"curies":[{"name":"wp","href":"https:\/\/api.w.org\/{rel}","templated":true}]}}