{"id":179789,"date":"2025-10-16T03:36:19","date_gmt":"2025-10-16T03:36:19","guid":{"rendered":"https:\/\/www.europesays.com\/es\/179789\/"},"modified":"2025-10-16T03:36:19","modified_gmt":"2025-10-16T03:36:19","slug":"que-pasa-con-javi-sanchez","status":"publish","type":"post","link":"https:\/\/www.europesays.com\/es\/179789\/","title":{"rendered":"\u00bfQu\u00e9 pasa con Javi S\u00e1nchez?"},"content":{"rendered":"<p class=\"paragraph\">De un clima de malestar en un vestuario con estandartes m\u00e1s negativos que positivos a un liderazgo que dista mucho del de los \u00faltimos a\u00f1os. El Real Valladolid ha pasado de \u2018l\u00edderes\u2019 como Roberto, Roque Mesa, Javi S\u00e1nchez o Luis P\u00e9rez a que ninguno de ellos, excepto el zaguero, est\u00e9n en plantilla. La limpieza deriva en nuevos jerarcas y deja un rol secundario al \u00fanico superviviente del naufragio de la pasada campa\u00f1a, Javi S\u00e1nchez.<\/p>\n<p class=\"paragraph\">Y es que con la temporada ya en marcha tres figuras son las que emergen en el vestuario blanquivioleta por encima del resto: Stanko Juric, capit\u00e1n y la prolongaci\u00f3n del entrenador en el campo; Iv\u00e1n Alejo, puro compromiso y sentimiento pucelano cuya energ\u00eda se traslada a sus compa\u00f1eros; y Guilherme Fernandes, que demuestra personalidad y liderazgo cada partido que pasa. Tres l\u00edderes, con o sin brazalete, que llevan uni\u00f3n a un vestuario novel . Esto supone que Javi S\u00e1nchez pase de jerarca, capit\u00e1n e imprescindible durante las \u00faltimas campa\u00f1as a estar en la sombra en la actualidad en Segunda Divisi\u00f3n.<\/p>\n<p class=\"paragraph\">Almada transmiti\u00f3 que Javi S\u00e1nchez  contar\u00eda con oportunidades tras no salir en el mercado veraniego, el verdadero deseo del club. Sin embargo el central  madrile\u00f1o ha quedado como convidado de piedra.  La realidad es que ahora mismo para Almada es el quinto central del primer equipo, por detr\u00e1s de los inamovibles Pablo Tomeo y David Torres, de un Mohamed Jaouab que ya recuperado va ganando enteros para poder ser una alternativa y de un Jos\u00e9 Luis Aranda que en la vuelta al trabajo este mi\u00e9rcoles ha estado en el equipo suplente como cuarto defensa.<\/p>\n<p>A RAS DE HIERBA<\/p>\n<p><b>Tocados<\/b>.  Tras vaciarse casi al completo la enfermer\u00eda hay algunos futbolistas del Real Valladolid entre algodones. Es el caso de Trilli, que estaba ante su oportunidad de ser titular por la sanci\u00f3n de Alejo pero arrastra molestias desde hace unos d\u00edas; de Sergi Can\u00f3s, que tiene una sobrecarga muscular y de Iv\u00e1n Garriel, con un golpe en la rodilla. Estas molestias hacen que Bueno, Chuki puedan volver a escena ante el Sporting.<\/p>\n<p class=\"paragraph\">\u00bfY en qu\u00e9 se traduce el papel de Javi S\u00e1nchez, un jugador que posee una de las fichas m\u00e1s altas de la plantilla?  En que el entrenador uruguayo no lo considera un recurso v\u00e1lido para aportar al equipo y ya lo aparta hasta de algunos ejercicios de los entrenamientos como ocurri\u00f3 en la sesi\u00f3n de este mi\u00e9rcoles en ese partido entre habituales y secundarios en el que no han participado ni \u00e9l, ni los delanteros que promocionan desde la cantera: Jorge Delgado y Arnu. Curiosamente, la agencia de representaci\u00f3n de Javi S\u00e1nchez es la misma que la de Iv\u00e1n San Jos\u00e9 \u2018Chuki\u2019, con el que las negociaciones por su renovaci\u00f3n no avanzan a pesar de tener la oferta del club pucelano encima de la mesa.<\/p>\n<p class=\"c-detail__media__subtitle\">\n<p>        Guillermo Almada, durante el entrenamiento de este mi\u00e9rcoles.JUAN MIGUEL LOSTAU<\/p>\n<p class=\"paragraph\">Ahora,  Guilherme, Juric e Iv\u00e1n Alejo marcan el paso en el vestuario y son los tres futbolistas que, sumados al cari\u00f1o e implicaci\u00f3n m\u00e1s que visible por Valladolid de los canteranos Garriel, Maroto, Koke, Arnu o Chuki, inyectan el  compromiso en vena al resto de la plantilla, algo de lo que adolec\u00eda el club de un tiempo a esta parte.<\/p>\n<p class=\"paragraph\">El algod\u00f3n no enga\u00f1a. Javi S\u00e1nchez  lleva casi seis meses sin jugar un partido con la primera plantilla, ni oficial ni amistoso. Y esta vez no es por lesi\u00f3n, la gran r\u00e9mora que le ha tenido fuera de los terrenos de juego por espacio de casi dos a\u00f1os y medio de los seis que lleva en Valladolid, sino por estar totalmente fuera de la din\u00e1mica competitiva, o al menos as\u00ed  lo considera el t\u00e9cnico. Habr\u00e1 que ver cu\u00e1l es la postura que adopta el Club si esta situaci\u00f3n con el central  se alarga en el tiempo y llega al mercado invernal sin jugar y sin ofertas al no disponer de minutos como posible escaparate. Su papel en el equipo es totalmente residual en estos momentos con el a\u00f1adido del lastre que supone tener una ficha muy, muy  elevada.<\/p>\n","protected":false},"excerpt":{"rendered":"De un clima de malestar en un vestuario con estandartes m\u00e1s negativos que positivos a un liderazgo que&hellip;\n","protected":false},"author":2,"featured_media":179790,"comment_status":"","ping_status":"","sticky":false,"template":"","format":"standard","meta":{"footnotes":""},"categories":[268],"tags":[168,25,24,280,282,36007,43623,27720,5298,51159,281,23,167],"class_list":{"0":"post-179789","1":"post","2":"type-post","3":"status-publish","4":"format-standard","5":"has-post-thumbnail","7":"category-futbol","8":"tag-deportes","9":"tag-es","10":"tag-espana","11":"tag-football","12":"tag-futbol","13":"tag-javi-sanchez","14":"tag-luis-perez","15":"tag-naufragios","16":"tag-real-valladolid-cf","17":"tag-roque-mesa","18":"tag-soccer","19":"tag-spain","20":"tag-sports"},"share_on_mastodon":{"url":"","error":""},"_links":{"self":[{"href":"https:\/\/www.europesays.com\/es\/wp-json\/wp\/v2\/posts\/179789","targetHints":{"allow":["GET"]}}],"collection":[{"href":"https:\/\/www.europesays.com\/es\/wp-json\/wp\/v2\/posts"}],"about":[{"href":"https:\/\/www.europesays.com\/es\/wp-json\/wp\/v2\/types\/post"}],"author":[{"embeddable":true,"href":"https:\/\/www.europesays.com\/es\/wp-json\/wp\/v2\/users\/2"}],"replies":[{"embeddable":true,"href":"https:\/\/www.europesays.com\/es\/wp-json\/wp\/v2\/comments?post=179789"}],"version-history":[{"count":0,"href":"https:\/\/www.europesays.com\/es\/wp-json\/wp\/v2\/posts\/179789\/revisions"}],"wp:featuredmedia":[{"embeddable":true,"href":"https:\/\/www.europesays.com\/es\/wp-json\/wp\/v2\/media\/179790"}],"wp:attachment":[{"href":"https:\/\/www.europesays.com\/es\/wp-json\/wp\/v2\/media?parent=179789"}],"wp:term":[{"taxonomy":"category","embeddable":true,"href":"https:\/\/www.europesays.com\/es\/wp-json\/wp\/v2\/categories?post=179789"},{"taxonomy":"post_tag","embeddable":true,"href":"https:\/\/www.europesays.com\/es\/wp-json\/wp\/v2\/tags?post=179789"}],"curies":[{"name":"wp","href":"https:\/\/api.w.org\/{rel}","templated":true}]}}