{"id":179807,"date":"2025-10-16T03:49:04","date_gmt":"2025-10-16T03:49:04","guid":{"rendered":"https:\/\/www.europesays.com\/es\/179807\/"},"modified":"2025-10-16T03:49:04","modified_gmt":"2025-10-16T03:49:04","slug":"moreno-necesita-a-un-perfil-como-el-de-montero-para-la-sanidad-noticias-de-andalucia","status":"publish","type":"post","link":"https:\/\/www.europesays.com\/es\/179807\/","title":{"rendered":"Moreno necesita a un perfil como el de Montero para la sanidad | Noticias de Andaluc\u00eda"},"content":{"rendered":"<p class=\"\">Juan Manuel Moreno tiene una alergia absoluta a las crisis de gobierno. En sus siete a\u00f1os de mandato ha cambiado piezas sin tener que cortar cabezas de manera traum\u00e1tica, los ha movido de un sitio a otro, pero todo muy estilo Moreno: limpito, con buenos modales y sonrisas. La grave crisis por el <a href=\"https:\/\/elpais.com\/sociedad\/2025-10-11\/los-testimonios-de-las-mujeres-cuestionan-las-explicaciones-de-la-junta-sobre-el-alcance-de-la-crisis-de-los-cribados.html\" target=\"_blank\" rel=\"nofollow noopener\" title=\"https:\/\/elpais.com\/sociedad\/2025-10-11\/los-testimonios-de-las-mujeres-cuestionan-las-explicaciones-de-la-junta-sobre-el-alcance-de-la-crisis-de-los-cribados.html\">esc\u00e1ndalo de los cribados de c\u00e1ncer de mama <\/a>del que se desconoce con exactitud su profundidad \u2014\u00bfcu\u00e1ntas mujeres hay afectadas en toda Andaluc\u00eda?, \u00bfcu\u00e1ntos de otros cribados?, \u00bfcu\u00e1ntas personas est\u00e1n esperando tener su primer diagn\u00f3stico?\u2014 es, adem\u00e1s, <a href=\"https:\/\/elpais.com\/espana\/2025-10-12\/las-dos-semanas-que-han-zarandeado-la-marca-juanma.html\" target=\"_blank\" rel=\"noreferrer nofollow noopener\" title=\"https:\/\/elpais.com\/espana\/2025-10-12\/las-dos-semanas-que-han-zarandeado-la-marca-juanma.html\">una grave crisis pol\u00edtica, la principal y mayor de Juan Manuel Moreno <\/a>desde que en enero de 2019 jur\u00f3 como presidente de la Junta de Andaluc\u00eda.<\/p>\n<p class=\"\">Moreno ha tenido tres consejeros de Salud en este tiempo: al primero, <a href=\"https:\/\/elpais.com\/espana\/2022-07-13\/juan-manuel-moreno-propone-al-consejero-de-salud-jesus-aguirre-como-presidente-del-parlamento-andaluz.html\" target=\"_blank\" rel=\"noreferrer nofollow noopener\" title=\"https:\/\/elpais.com\/espana\/2022-07-13\/juan-manuel-moreno-propone-al-consejero-de-salud-jesus-aguirre-como-presidente-del-parlamento-andaluz.html\">Jes\u00fas Aguirre, se lo quit\u00f3 de en medio y lo premi\u00f3 con la jaula de oro de la presidencia del Parlamento<\/a>. Aguirre, cuentan personas pr\u00f3ximas al presidente, lo trataba con cierto desd\u00e9n durante la crisis de la covid, como los m\u00e9dicos (y \u00e9l lo es) conviven con todo aquel que no tenga la misma bata. A <a href=\"https:\/\/elpais.com\/espana\/andalucia\/2024-05-03\/el-pp-cierra-filas-con-la-consejera-de-salud-mientras-moreno-baraja-un-cambio-de-gobierno.html\" target=\"_blank\" rel=\"noreferrer nofollow noopener\" title=\"https:\/\/elpais.com\/espana\/andalucia\/2024-05-03\/el-pp-cierra-filas-con-la-consejera-de-salud-mientras-moreno-baraja-un-cambio-de-gobierno.html\">Catalina Garc\u00eda, su segunda consejera, la ces\u00f3 con mucho arte en plena pol\u00e9mica por los contratos de emergencia sanitarios <\/a>y troceados que investigan dos juzgados. Es enfermera, pero la nombr\u00f3 consejera de Sostenibilidad y Medio Ambiente, una materia que desconoce. Y a la tercera, Roc\u00edo Hern\u00e1ndez, la encontr\u00f3 al frente de la gesti\u00f3n del hospital San Juan de Dios en Bormujos (Sevilla), un centro concertado que presta atenci\u00f3n a la poblaci\u00f3n del Aljarafe sevillano. Hern\u00e1ndez sabe de gesti\u00f3n sanitaria, pero nada de pol\u00edtica. Y se desconoce si tiene capacidad para identificarse con alguien. Esa es una cualidad muy potente en el rifirrafe parlamentario, pero muy deficiente cuando se trata de hablar de la salud de las personas. <a href=\"https:\/\/elpais.com\/sociedad\/2025-10-08\/moreno-bonilla-comparece-por-la-crisis-de-los-cribados-del-cancer-de-mama.html\" target=\"_blank\" rel=\"noreferrer nofollow noopener\" title=\"https:\/\/elpais.com\/sociedad\/2025-10-08\/moreno-bonilla-comparece-por-la-crisis-de-los-cribados-del-cancer-de-mama.html\">Su tercera consejera dimiti\u00f3 o la hicieron dimitir<\/a>.<\/p>\n<p class=\"\">El presidente ha tirado de un valor seguro: su consejero de la Presidencia, Interior, Di\u00e1logo Social y Simplificaci\u00f3n Administrativa, <a href=\"https:\/\/elpais.com\/sociedad\/2025-10-15\/moreno-confirma-a-antonio-sanz-como-consejero-de-sanidad-tras-la-crisis-de-los-cribados-de-mama.html\" target=\"_blank\" rel=\"noreferrer nofollow noopener\" title=\"https:\/\/elpais.com\/sociedad\/2025-10-15\/moreno-confirma-a-antonio-sanz-como-consejero-de-sanidad-tras-la-crisis-de-los-cribados-de-mama.html\">Antonio Sanz<\/a>, un gestor pol\u00edtico de probada experiencia, trayectoria y dedicaci\u00f3n, pero que no tiene ni idea de sanidad. En realidad, Moreno lo que necesitaba en estos momentos es a una Mar\u00eda Jes\u00fas Montero, m\u00e9dica, gestora sanitaria, con contactos en el monstruo del Servicio Andaluz de Salud, que sabe d\u00f3nde est\u00e1n los pasillos de radiolog\u00eda del hospital Virgen del Roc\u00edo, con colmillo y cintura pol\u00edticas y que sabe de lo que habla cuando pregunta por qu\u00e9 nadie revisaba las placas. Porque una mamograf\u00eda es eso, una placa, y la gente en sus casas pregunta: \u201cNi\u00f1a, \u00bfqu\u00e9 pasa con la placa?, \u00bfqu\u00e9 te han dicho de la placa?\u201d. Obviamente, Montero no est\u00e1 disponible.<\/p>\n<p class=\"\">La elecci\u00f3n de Sanz hasta el final de la legislatura para solucionar la crisis es muy morenista. Revela que tiene un problem\u00f3n pol\u00edtico y que elige a alguien al que no le aburren las reuniones. Esa es una de las principales quejas de los sindicatos: el Gobierno andaluz \u201cno escucha\u201d, como dec\u00eda d\u00edas atr\u00e1s la secretaria general de Comisiones Obreras de Andaluc\u00eda, Nuria L\u00f3pez. Otro es que el sistema p\u00fablico de salud andaluz mira m\u00e1s a los grandes n\u00fameros que a los pacientes y a sus placas.<\/p>\n<p class=\"\">Moreno va a repartir algunas competencias de Sanz \u2014el largu\u00edsimo nombre de su consejer\u00eda es como la letra de una sevillana\u2014 en dos consejeros de su confianza: la portavoz y consejera de Econom\u00eda, Hacienda y Asuntos Europeos, Carolina Espa\u00f1a; y el de Industria, Energ\u00eda y Minas, Jorge Paradela, que habla ingl\u00e9s. La primera asumir\u00e1 Simplificaci\u00f3n Administrativa y Di\u00e1logo Social; y el segundo, la Agencia Digital de Andaluc\u00eda. Pod\u00eda haber optado por hacer otro reparto. Moreno, a\u00f1orar\u00eda tener una Montero, pero tiene a un Jos\u00e9 Antonio Nieto, consejero de Justicia, que es otro experimentado pol\u00edtico y gestor. Pero Nieto no se educ\u00f3 en el morenismo.<\/p>\n","protected":false},"excerpt":{"rendered":"Juan Manuel Moreno tiene una alergia absoluta a las crisis de gobierno. En sus siete a\u00f1os de mandato&hellip;\n","protected":false},"author":2,"featured_media":179808,"comment_status":"","ping_status":"","sticky":false,"template":"","format":"standard","meta":{"footnotes":""},"categories":[8],"tags":[259,17,18,1066,17019,17021,25,24,13,14,11,26166,26165,19,20,764,9,10,15,16,952,956,26169,23,12,21,22],"class_list":{"0":"post-179807","1":"post","2":"type-post","3":"status-publish","4":"format-standard","5":"has-post-thumbnail","7":"category-espana","8":"tag-andalucia","9":"tag-breaking-news","10":"tag-breakingnews","11":"tag-cancer","12":"tag-cancer-mama","13":"tag-diagnostico-medico","14":"tag-es","15":"tag-espana","16":"tag-featured-news","17":"tag-featurednews","18":"tag-headlines","19":"tag-juan-manuel-moreno","20":"tag-junta-andalucia","21":"tag-latest-news","22":"tag-latestnews","23":"tag-maria-jesus-montero","24":"tag-news","25":"tag-noticias","26":"tag-noticias-destacadas","27":"tag-noticiasdestacadas","28":"tag-politica","29":"tag-pp","30":"tag-servicio-andaluz-salud-sas","31":"tag-spain","32":"tag-titulares","33":"tag-ultimas-noticias","34":"tag-ultimasnoticias"},"share_on_mastodon":{"url":"","error":""},"_links":{"self":[{"href":"https:\/\/www.europesays.com\/es\/wp-json\/wp\/v2\/posts\/179807","targetHints":{"allow":["GET"]}}],"collection":[{"href":"https:\/\/www.europesays.com\/es\/wp-json\/wp\/v2\/posts"}],"about":[{"href":"https:\/\/www.europesays.com\/es\/wp-json\/wp\/v2\/types\/post"}],"author":[{"embeddable":true,"href":"https:\/\/www.europesays.com\/es\/wp-json\/wp\/v2\/users\/2"}],"replies":[{"embeddable":true,"href":"https:\/\/www.europesays.com\/es\/wp-json\/wp\/v2\/comments?post=179807"}],"version-history":[{"count":0,"href":"https:\/\/www.europesays.com\/es\/wp-json\/wp\/v2\/posts\/179807\/revisions"}],"wp:featuredmedia":[{"embeddable":true,"href":"https:\/\/www.europesays.com\/es\/wp-json\/wp\/v2\/media\/179808"}],"wp:attachment":[{"href":"https:\/\/www.europesays.com\/es\/wp-json\/wp\/v2\/media?parent=179807"}],"wp:term":[{"taxonomy":"category","embeddable":true,"href":"https:\/\/www.europesays.com\/es\/wp-json\/wp\/v2\/categories?post=179807"},{"taxonomy":"post_tag","embeddable":true,"href":"https:\/\/www.europesays.com\/es\/wp-json\/wp\/v2\/tags?post=179807"}],"curies":[{"name":"wp","href":"https:\/\/api.w.org\/{rel}","templated":true}]}}