{"id":179811,"date":"2025-10-16T03:52:10","date_gmt":"2025-10-16T03:52:10","guid":{"rendered":"https:\/\/www.europesays.com\/es\/179811\/"},"modified":"2025-10-16T03:52:10","modified_gmt":"2025-10-16T03:52:10","slug":"la-plaza-de-toros-vicente-segura-celebrara-su-47-aniversario","status":"publish","type":"post","link":"https:\/\/www.europesays.com\/es\/179811\/","title":{"rendered":"La Plaza de Toros \u201cVicente Segura\u201d celebrar\u00e1 su 47 aniversario"},"content":{"rendered":"<p>La empresa <strong>Feria Toro<\/strong> anunci\u00f3 la <strong>Corrida de Aniversario<\/strong> por los <strong>47 a\u00f1os<\/strong> de la <strong>Plaza de Toros \u201cVicente Segura\u201d<\/strong>, en <strong>Pachuca<\/strong>. El evento se realizar\u00e1 el <strong>domingo 16 de noviembre de 2025<\/strong>, a las <strong>16 horas<\/strong>, con un cartel que re\u00fane a exponentes tanto del <strong>rejoneo<\/strong> como del <strong>toreo a pie<\/strong>.<\/p>\n<p class=\"has-blue-ova-color has-white-background-color has-text-color has-background\"><strong>TE PUEDE INTERSAR: <a href=\"https:\/\/ovaciones.com\/suspenden-provisionalmente-espectaculos-taurinos-en-ciudad-juarez\/\" rel=\"nofollow noopener\" target=\"_blank\">Suspenden provisionalmente espect\u00e1culos taurinos en Ciudad Ju\u00e1rez<\/a><\/strong><\/p>\n<p>El festejo cuenta con la participaci\u00f3n de dos de los <strong>j\u00f3venes rejoneadores m\u00e1s destacados de M\u00e9xico<\/strong>, como lo son <strong>Fauro Aloi<\/strong> y <strong>Javier Funtanet<\/strong>, quien a\u00fan no <strong>toma la alternativa<\/strong> pero quien fuera el m\u00e1s reciente <strong>triunfador en Pachuca<\/strong>, cortando <strong>dos orejas<\/strong> y <strong>saliendo a hombros<\/strong>. En la <strong>lidia a pie<\/strong> actuar\u00e1n los matadores <strong>Ernesto Javier \u201cCalita\u201d<\/strong>, otro de los <strong>consentidos de la afici\u00f3n hidalguense<\/strong>, cerrando el cartel el <strong>sevillano Borja Jim\u00e9nez<\/strong>.<\/p>\n<p>Tambi\u00e9n intervendr\u00e1n los <strong>Forcados de Pachuca<\/strong> y los <strong>Forcados Amadores de M\u00e9xico<\/strong>, agrupaciones que aportar\u00e1n la <strong>tradicional pega portuguesa<\/strong> al festejo. El <strong>encierro<\/strong> proceder\u00e1 de la <strong>ganader\u00eda Montecristo<\/strong>, asentada en <strong>Hidalgo<\/strong>, y cuyo propietario es <strong>don Germ\u00e1n Mercado<\/strong>.<\/p>\n<p>Los <strong>boletos<\/strong> estar\u00e1n disponibles en las <strong>taquillas de la plaza<\/strong>, en <strong>Top Tickets Center<\/strong> y en <strong>puntos de venta autorizados<\/strong>. La <strong>Corrida de Aniversario<\/strong> busca <strong>conmemorar<\/strong> la <strong>trayectoria<\/strong> de la Plaza de Toros \u201cVicente Segura\u201d, recinto que desde su <strong>inauguraci\u00f3n<\/strong> se ha consolidado como uno de los <strong>espacios taurinos m\u00e1s representativos del pa\u00eds<\/strong>.<\/p>\n<p><img loading=\"lazy\" decoding=\"async\" src=\"https:\/\/ovaciones.com\/wp-content\/uploads\/2025\/10\/PACHUCA-1-1-480x480.jpg\" alt=\"\" class=\"wp-image-789300 jetpack-lazy-image\" width=\"840\" height=\"840\" data-lazy- data-lazy- data-lazy-src=\"https:\/\/www.europesays.com\/es\/wp-content\/uploads\/2025\/10\/PACHUCA-1-1-480x480.jpg\" \/>Foto: Cortes\u00eda<\/p>\n","protected":false},"excerpt":{"rendered":"La empresa Feria Toro anunci\u00f3 la Corrida de Aniversario por los 47 a\u00f1os de la Plaza de Toros&hellip;\n","protected":false},"author":2,"featured_media":179812,"comment_status":"","ping_status":"","sticky":false,"template":"","format":"standard","meta":{"footnotes":""},"categories":[277],"tags":[373,168,25,24,23,167,374],"class_list":{"0":"post-179811","1":"post","2":"type-post","3":"status-publish","4":"format-standard","5":"has-post-thumbnail","7":"category-toreo","8":"tag-bullfighting","9":"tag-deportes","10":"tag-es","11":"tag-espana","12":"tag-spain","13":"tag-sports","14":"tag-toreo"},"share_on_mastodon":{"url":"","error":""},"_links":{"self":[{"href":"https:\/\/www.europesays.com\/es\/wp-json\/wp\/v2\/posts\/179811","targetHints":{"allow":["GET"]}}],"collection":[{"href":"https:\/\/www.europesays.com\/es\/wp-json\/wp\/v2\/posts"}],"about":[{"href":"https:\/\/www.europesays.com\/es\/wp-json\/wp\/v2\/types\/post"}],"author":[{"embeddable":true,"href":"https:\/\/www.europesays.com\/es\/wp-json\/wp\/v2\/users\/2"}],"replies":[{"embeddable":true,"href":"https:\/\/www.europesays.com\/es\/wp-json\/wp\/v2\/comments?post=179811"}],"version-history":[{"count":0,"href":"https:\/\/www.europesays.com\/es\/wp-json\/wp\/v2\/posts\/179811\/revisions"}],"wp:featuredmedia":[{"embeddable":true,"href":"https:\/\/www.europesays.com\/es\/wp-json\/wp\/v2\/media\/179812"}],"wp:attachment":[{"href":"https:\/\/www.europesays.com\/es\/wp-json\/wp\/v2\/media?parent=179811"}],"wp:term":[{"taxonomy":"category","embeddable":true,"href":"https:\/\/www.europesays.com\/es\/wp-json\/wp\/v2\/categories?post=179811"},{"taxonomy":"post_tag","embeddable":true,"href":"https:\/\/www.europesays.com\/es\/wp-json\/wp\/v2\/tags?post=179811"}],"curies":[{"name":"wp","href":"https:\/\/api.w.org\/{rel}","templated":true}]}}