{"id":179813,"date":"2025-10-16T03:57:10","date_gmt":"2025-10-16T03:57:10","guid":{"rendered":"https:\/\/www.europesays.com\/es\/179813\/"},"modified":"2025-10-16T03:57:10","modified_gmt":"2025-10-16T03:57:10","slug":"increible-max-verstappen-sufre-de-vision-borrosa-tras-choque-con-hamilton-publimetro-mexico","status":"publish","type":"post","link":"https:\/\/www.europesays.com\/es\/179813\/","title":{"rendered":"Incre\u00edble; Max Verstappen sufre de visi\u00f3n borrosa tras choque con Hamilton \u2013 Publimetro M\u00e9xico"},"content":{"rendered":"<p class=\"c-paragraph\">Pocos pilotos en la historia reciente de la <b>F\u00f3rmula 1<\/b> poseen la fortaleza mental y f\u00edsica que caracteriza a <b>Max Verstappen<\/b>. <\/p>\n<p>\u00bfQu\u00e9 le provoc\u00f3 la visi\u00f3n borrosa a Verstappen?<\/p>\n<p class=\"c-paragraph\">Detr\u00e1s de su dominio casi absoluto en la categor\u00eda reina del automovilismo se esconde un episodio que cambi\u00f3 su carrera para siempre: el <b>accidente en Silverstone 2021<\/b>, donde un contacto con <b>Lewis Hamilton<\/b> lo lanz\u00f3 a las barreras con una fuerza superior a <b>51 G<\/b>.<\/p>\n<p><img decoding=\"async\" data-chromatic=\"ignore\" alt=\"Max Verstappen (Red Bull) en el Gran Premio de Azerbaiy\u00e1n\" class=\"c-image\" loading=\"lazy\" src=\"https:\/\/www.europesays.com\/es\/wp-content\/uploads\/2025\/10\/1760587030_634_EQTEZRY2XJFKDDIXWWFHOND5CE.jpeg\"  width=\"800\" height=\"533\"\/>Max Verstappen (Red Bull) en el Gran Premio de Azerbaiy\u00e1n <\/p>\n<p class=\"c-paragraph\">Aquel impacto, que lo dej\u00f3 aturdido y lo oblig\u00f3 a visitar el hospital, tuvo consecuencias m\u00e1s profundas de lo que muchos imaginaron; en una reciente confesi\u00f3n, el piloto neerland\u00e9s revel\u00f3 que durante los meses posteriores corri\u00f3 con <b>visi\u00f3n borrosa<\/b>. <\/p>\n<p class=\"c-paragraph\">En circuitos con muchos baches o iluminaci\u00f3n variable, su vista \u201cse distorsionaba\u201d, lo que lo oblig\u00f3 a <b>ajustar su estilo de manejo<\/b> y a desarrollar una capacidad de concentraci\u00f3n casi sobrehumana.<\/p>\n<p class=\"c-paragraph\">Lejos de rendirse, <b>Verstappen<\/b> convirti\u00f3 esa debilidad en una prueba m\u00e1s que superar; su victoria en <b>Austin 2021<\/b>, todav\u00eda con molestias visuales, fue una de las m\u00e1s simb\u00f3licas de su trayectoria: luch\u00f3 contra Hamilton y contra su propio cuerpo, pero logr\u00f3 imponerse.<\/p>\n<p class=\"c-paragraph\">Desde entonces, su determinaci\u00f3n se convirti\u00f3 en una racha hist\u00f3rica de t\u00edtulos, demostrando que su resiliencia tambi\u00e9n corre a toda velocidad.<\/p>\n<p class=\"c-paragraph\">Hoy, con la vista recuperada y la mente m\u00e1s afilada que nunca, <b>Verstappen<\/b> se encuentra en una posici\u00f3n privilegiada para seguir marcando \u00e9poca. <\/p>\n<p><img decoding=\"async\" data-chromatic=\"ignore\" alt=\"Max Verstappen\" class=\"c-image\" loading=\"lazy\" src=\"https:\/\/www.europesays.com\/es\/wp-content\/uploads\/2025\/10\/1760587030_171_EF2LBXPTMZGY7PYO6WYJM32OCU.JPG\"  width=\"800\" height=\"533\"\/>(SP)BELGIUM-STAVELOT-SPA-FRANCORCHAMPS-F1-BELGIAN GRAND PRIX-SPRINT RACE Red Bull Racing&#8217;s Dutch driver Max Verstappen celebrates after the Sprint Race of the Formula One Belgian Grand Prix at the Spa-Francorchamps circuit in Stavelot, Belgium, July 26, 2025. (Qian Jun) <\/p>\n<p class=\"c-paragraph\">Su madurez al volante, su consistencia bajo presi\u00f3n y su instinto asesino en pista lo mantienen como <b>el rival a batir<\/b>, incluso en un entorno de competitividad creciente.<\/p>\n<p class=\"c-paragraph\">Si en 2021 fue capaz de ganar sin ver con claridad, el futuro promete a\u00fan m\u00e1s; on cada vuelta, el tricampe\u00f3n mundial demuestra que <b>su visi\u00f3n m\u00e1s poderosa no est\u00e1 en los ojos, sino en su ambici\u00f3n<\/b>: la de convertirse en uno de los mejores pilotos de todos los tiempos.<\/p>\n","protected":false},"excerpt":{"rendered":"Pocos pilotos en la historia reciente de la F\u00f3rmula 1 poseen la fortaleza mental y f\u00edsica que caracteriza&hellip;\n","protected":false},"author":2,"featured_media":179432,"comment_status":"","ping_status":"","sticky":false,"template":"","format":"standard","meta":{"footnotes":""},"categories":[270],"tags":[168,25,24,306,271,272,2099,212,23,167,51090],"class_list":{"0":"post-179813","1":"post","2":"type-post","3":"status-publish","4":"format-standard","5":"has-post-thumbnail","7":"category-formula-1","8":"tag-deportes","9":"tag-es","10":"tag-espana","11":"tag-f1","12":"tag-formula-1","13":"tag-formula1","14":"tag-max-verstappen","15":"tag-red-bull","16":"tag-spain","17":"tag-sports","18":"tag-vision-borrosa"},"share_on_mastodon":{"url":"","error":""},"_links":{"self":[{"href":"https:\/\/www.europesays.com\/es\/wp-json\/wp\/v2\/posts\/179813","targetHints":{"allow":["GET"]}}],"collection":[{"href":"https:\/\/www.europesays.com\/es\/wp-json\/wp\/v2\/posts"}],"about":[{"href":"https:\/\/www.europesays.com\/es\/wp-json\/wp\/v2\/types\/post"}],"author":[{"embeddable":true,"href":"https:\/\/www.europesays.com\/es\/wp-json\/wp\/v2\/users\/2"}],"replies":[{"embeddable":true,"href":"https:\/\/www.europesays.com\/es\/wp-json\/wp\/v2\/comments?post=179813"}],"version-history":[{"count":0,"href":"https:\/\/www.europesays.com\/es\/wp-json\/wp\/v2\/posts\/179813\/revisions"}],"wp:featuredmedia":[{"embeddable":true,"href":"https:\/\/www.europesays.com\/es\/wp-json\/wp\/v2\/media\/179432"}],"wp:attachment":[{"href":"https:\/\/www.europesays.com\/es\/wp-json\/wp\/v2\/media?parent=179813"}],"wp:term":[{"taxonomy":"category","embeddable":true,"href":"https:\/\/www.europesays.com\/es\/wp-json\/wp\/v2\/categories?post=179813"},{"taxonomy":"post_tag","embeddable":true,"href":"https:\/\/www.europesays.com\/es\/wp-json\/wp\/v2\/tags?post=179813"}],"curies":[{"name":"wp","href":"https:\/\/api.w.org\/{rel}","templated":true}]}}