{"id":179816,"date":"2025-10-16T03:59:09","date_gmt":"2025-10-16T03:59:09","guid":{"rendered":"https:\/\/www.europesays.com\/es\/179816\/"},"modified":"2025-10-16T03:59:09","modified_gmt":"2025-10-16T03:59:09","slug":"queriamos-esperar-a-recibir-la-llamada-del-betis","status":"publish","type":"post","link":"https:\/\/www.europesays.com\/es\/179816\/","title":{"rendered":"\u00abQuer\u00edamos esperar a recibir la llamada del Betis\u00bb"},"content":{"rendered":"<p style=\"\"><strong>Pablo Garc\u00eda<\/strong> acaba de regresar a las \u00f3rdenes de <a href=\"https:\/\/www.abc.es\/deportes\/alfinaldelapalmera\/noticias-betis\/mayor-virtud-pellegrini-gana-pierde-20251015131810-nts.html\" target=\"_self\" data-voc-vtm-id=\"in-text-traffic\" title=\"Manuel Pellegrini\" data-mrf-link=\"www.abc.es\" rel=\"nofollow noopener\">Manuel Pellegrini<\/a> tras tener una destacada actuaci\u00f3n con la selecci\u00f3n espa\u00f1ola en el Mundial sub 20 celebrado en Chile, en la que anot\u00f3 dos goles; uno ante M\u00e9xico en fase de grupos y otro  &#8230; ante Ucrania en octavos de final. El atacante sevillano vuelve a la capital andaluza con la visi\u00f3n puesta en el pr\u00f3ximo enfrentamiento ante el Villarreal, uno que puede ser decisivo en la lucha por una plaza para la pr\u00f3xima edici\u00f3n de la Champions League.<\/p>\n<p class=\"voc-p\" style=\"\">Antes de seguir preparando el duelo ante el submarino amarillo, el delantero verdiblanco ha dedicado unos minutos para atender los medios oficiales del club para relatar sus or\u00edgenes como futbolista. En el episodio 6 de la serie &#8216;Made in Betis&#8217;, <strong>Pablo Garc\u00eda<\/strong> ha relatado c\u00f3mo declin\u00f3 una oferta del eterno rival cuando era m\u00e1s joven: \u00abYo fui a probar al Sevilla. Cuando me dieron la llamada para firmar con ellos, tuvimos que meternos un poco en contramano y decirle que muchas gracias por la manera en la que nos hab\u00edan tratado, pero que <strong>nosotros lo que quer\u00edamos era esperar a recibir la llamada de Real Betis<\/strong>\u00bb, manifest\u00f3.<\/p>\n<p class=\"voc-p\" style=\"\">Por si cabe la menor duda, <strong>Pablo<\/strong> ha demostrado una vez m\u00e1s en este reportaje <strong>su amor por las trece barras<\/strong>: \u00abEl Betis para m\u00ed lo es todo. Al final te creas un h\u00e1bito que por suerte no quiero dejar de tener nunca. El venir, ponerte tu camiseta, entrenar, sabiendo que el equipo de tu vida, que son los colores que quieres llevar siempre hasta el d\u00eda que mueras. Muy feliz, muy orgulloso y <strong>nunca cambiar\u00e9 ese amor que tengo por el Real Betis<\/strong>\u00bb.<\/p>\n<p class=\"voc-p\" style=\"\">Otro punto interesante de su intervenci\u00f3n vino a colaci\u00f3n de <strong>lo que experiment\u00f3 al debutar en Mallorca<\/strong> la temporada pasada: \u00ab<strong>Fue seguramente el d\u00eda m\u00e1s feliz de mi vida en cuanto a f\u00fatbol se refiere<\/strong> porque es el sue\u00f1o que todo b\u00e9tico, de los que llevamos aqu\u00ed toda la vida, querr\u00eda haber cumplido. Recuerdo que ese d\u00eda yo le habl\u00e9 a todos mis amigos y a toda mi familia pensando en que que iba a salir. Llegaba el minuto 70, yo ya estaba calentando y fui como loco a ponerme mi camiseta corriendo por aquella banda del campo del Mallorca. Al salir fue como una sensaci\u00f3n de libertad y de orgullo el poder vestir la camiseta del equipo. Intent\u00e9 aprovecharlo lo m\u00e1ximo posible, disfrutarlo como si fuera el \u00faltimo\u00bb, expresaba el canterano b\u00e9tico.<\/p>\n<p class=\"voc-p\" style=\"\">Del mismo modo, siente que el partido posterior ante el <strong>Athletic Club<\/strong> en el <strong>Benito Villamar\u00edn<\/strong> fue un privilegio para \u00e9l por el recibimiento que le brind\u00f3 la afici\u00f3n verdiblanca: \u00abPara una persona que vive el Betis tanto como lo vivo yo, eso para m\u00ed fue s\u00faper importante y s\u00faper impactante. <strong>No sab\u00eda que la grada me iba a recibir as\u00ed<\/strong>. Para una persona que el sue\u00f1o que ha tenido siempre ha sido debutar en tu estadio, delante de tu gente, con la camiseta de tu equipo, recibir una ovaci\u00f3n de tu afici\u00f3n, 50.000 personas, jugando contra un Athletic Club&#8230; La verdad que <strong>no tengo palabras para explicar c\u00f3mo sent\u00ed ese momento<\/strong> y eso va a quedar marcado para mi coraz\u00f3n para los restos\u00bb, finaliz\u00f3.<\/p>\n","protected":false},"excerpt":{"rendered":"Pablo Garc\u00eda acaba de regresar a las \u00f3rdenes de Manuel Pellegrini tras tener una destacada actuaci\u00f3n con la&hellip;\n","protected":false},"author":2,"featured_media":179817,"comment_status":"","ping_status":"","sticky":false,"template":"","format":"standard","meta":{"footnotes":""},"categories":[268],"tags":[291,23359,168,981,25,24,18300,280,282,3142,6383,618,31235,798,3635,5847,1171,281,23,167],"class_list":{"0":"post-179816","1":"post","2":"type-post","3":"status-publish","4":"format-standard","5":"has-post-thumbnail","7":"category-futbol","8":"tag-betis","9":"tag-confiesa","10":"tag-deportes","11":"tag-era","12":"tag-es","13":"tag-espana","14":"tag-esperar","15":"tag-football","16":"tag-futbol","17":"tag-garcia","18":"tag-llamada","19":"tag-pablo","20":"tag-queriamos","21":"tag-real","22":"tag-rechazo","23":"tag-recibir","24":"tag-sevilla","25":"tag-soccer","26":"tag-spain","27":"tag-sports"},"share_on_mastodon":{"url":"","error":""},"_links":{"self":[{"href":"https:\/\/www.europesays.com\/es\/wp-json\/wp\/v2\/posts\/179816","targetHints":{"allow":["GET"]}}],"collection":[{"href":"https:\/\/www.europesays.com\/es\/wp-json\/wp\/v2\/posts"}],"about":[{"href":"https:\/\/www.europesays.com\/es\/wp-json\/wp\/v2\/types\/post"}],"author":[{"embeddable":true,"href":"https:\/\/www.europesays.com\/es\/wp-json\/wp\/v2\/users\/2"}],"replies":[{"embeddable":true,"href":"https:\/\/www.europesays.com\/es\/wp-json\/wp\/v2\/comments?post=179816"}],"version-history":[{"count":0,"href":"https:\/\/www.europesays.com\/es\/wp-json\/wp\/v2\/posts\/179816\/revisions"}],"wp:featuredmedia":[{"embeddable":true,"href":"https:\/\/www.europesays.com\/es\/wp-json\/wp\/v2\/media\/179817"}],"wp:attachment":[{"href":"https:\/\/www.europesays.com\/es\/wp-json\/wp\/v2\/media?parent=179816"}],"wp:term":[{"taxonomy":"category","embeddable":true,"href":"https:\/\/www.europesays.com\/es\/wp-json\/wp\/v2\/categories?post=179816"},{"taxonomy":"post_tag","embeddable":true,"href":"https:\/\/www.europesays.com\/es\/wp-json\/wp\/v2\/tags?post=179816"}],"curies":[{"name":"wp","href":"https:\/\/api.w.org\/{rel}","templated":true}]}}