{"id":179820,"date":"2025-10-16T04:01:08","date_gmt":"2025-10-16T04:01:08","guid":{"rendered":"https:\/\/www.europesays.com\/es\/179820\/"},"modified":"2025-10-16T04:01:08","modified_gmt":"2025-10-16T04:01:08","slug":"las-dos-principales-incognitas-sobre-el-cuadro-de-picasso-desaparecido-rumbo-a-granada","status":"publish","type":"post","link":"https:\/\/www.europesays.com\/es\/179820\/","title":{"rendered":"Las dos principales inc\u00f3gnitas sobre el cuadro de Picasso desaparecido rumbo a Granada"},"content":{"rendered":"<p>La desaparici\u00f3n de un cuadro de Pablo Picasso que deb\u00eda ser trasladado de Madrid a un museo de Granada est\u00e1 rodeado de inc\u00f3gnitas. La denuncia  &#8230; la interpuso la Fundaci\u00f3n CajaGranada, destino final del mismo, y el caso est\u00e1 siendo investigado por la Polic\u00eda Nacional. Fuentes cercanas al caso indican que se est\u00e1n revisando tanto las c\u00e1maras de seguridad del museo granadino como del almac\u00e9n de Madrid donde se depositaron antes de su traslado. En este sentido, surgen dos preguntas fundamentales. <\/p>\n<p class=\"v-p\">La primera ser\u00eda por qu\u00e9 los trabajadores de la empresa que transport\u00f3 las obras hicieron noche en Deifontes. Fuentes de la Fundaci\u00f3n CajaGranada se\u00f1alan que esa decisi\u00f3n no estaba pactada, y m\u00e1s teniendo en cuenta que en el furg\u00f3n se trasladaban creaciones por valor de varios millones de euros. La Polic\u00eda deber\u00e1 aclarar este punto a trav\u00e9s de los testimonios de los implicados y las pruebas recogidas. <\/p>\n<p class=\"v-p\">Por otro lado, las mismas fuentes recalcan que, tal y como comprobaron las comisarias durante la preparaci\u00f3n de los cuadros en Madrid, al Picasso se le asign\u00f3 el n\u00famero 15. Una vez que se embal\u00f3, ninguna se\u00f1al en el exterior indicaba que ese era un cuadro del pintor malague\u00f1o. Al parecer, no estaba nombrado por fuera. La obra extraviada mida 12,7&#215;9,8 cent\u00edmetros, por lo que es de tama\u00f1o peque\u00f1o. No era, ni mucho menos, el de m\u00e1s valor de los que iban en aquel furg\u00f3n.<\/p>\n","protected":false},"excerpt":{"rendered":"La desaparici\u00f3n de un cuadro de Pablo Picasso que deb\u00eda ser trasladado de Madrid a un museo de&hellip;\n","protected":false},"author":2,"featured_media":179821,"comment_status":"","ping_status":"","sticky":false,"template":"","format":"standard","meta":{"footnotes":""},"categories":[173],"tags":[229,233,231,230,5835,14089,232,234,1563,146,147,25,24,51162,559,8832,57,23],"class_list":{"0":"post-179820","1":"post","2":"type-post","3":"status-publish","4":"format-standard","5":"has-post-thumbnail","7":"category-arte-y-diseno","8":"tag-arte","9":"tag-arte-y-diseno","10":"tag-arts","11":"tag-arts-and-design","12":"tag-cuadro","13":"tag-desaparecido","14":"tag-design","15":"tag-diseno","16":"tag-dos","17":"tag-entertainment","18":"tag-entretenimiento","19":"tag-es","20":"tag-espana","21":"tag-incognitas","22":"tag-picasso","23":"tag-principales","24":"tag-sobre","25":"tag-spain"},"share_on_mastodon":{"url":"","error":""},"_links":{"self":[{"href":"https:\/\/www.europesays.com\/es\/wp-json\/wp\/v2\/posts\/179820","targetHints":{"allow":["GET"]}}],"collection":[{"href":"https:\/\/www.europesays.com\/es\/wp-json\/wp\/v2\/posts"}],"about":[{"href":"https:\/\/www.europesays.com\/es\/wp-json\/wp\/v2\/types\/post"}],"author":[{"embeddable":true,"href":"https:\/\/www.europesays.com\/es\/wp-json\/wp\/v2\/users\/2"}],"replies":[{"embeddable":true,"href":"https:\/\/www.europesays.com\/es\/wp-json\/wp\/v2\/comments?post=179820"}],"version-history":[{"count":0,"href":"https:\/\/www.europesays.com\/es\/wp-json\/wp\/v2\/posts\/179820\/revisions"}],"wp:featuredmedia":[{"embeddable":true,"href":"https:\/\/www.europesays.com\/es\/wp-json\/wp\/v2\/media\/179821"}],"wp:attachment":[{"href":"https:\/\/www.europesays.com\/es\/wp-json\/wp\/v2\/media?parent=179820"}],"wp:term":[{"taxonomy":"category","embeddable":true,"href":"https:\/\/www.europesays.com\/es\/wp-json\/wp\/v2\/categories?post=179820"},{"taxonomy":"post_tag","embeddable":true,"href":"https:\/\/www.europesays.com\/es\/wp-json\/wp\/v2\/tags?post=179820"}],"curies":[{"name":"wp","href":"https:\/\/api.w.org\/{rel}","templated":true}]}}