{"id":179838,"date":"2025-10-16T04:20:11","date_gmt":"2025-10-16T04:20:11","guid":{"rendered":"https:\/\/www.europesays.com\/es\/179838\/"},"modified":"2025-10-16T04:20:11","modified_gmt":"2025-10-16T04:20:11","slug":"andretti-espera-ver-a-un-piloto-de-ferrari-en-el-futuro-con-cadillac","status":"publish","type":"post","link":"https:\/\/www.europesays.com\/es\/179838\/","title":{"rendered":"Andretti espera ver a un piloto de Ferrari en el futuro con Cadillac"},"content":{"rendered":"<p data-start=\"259\" data-end=\"793\"><strong>Cadillac<\/strong> debutar\u00e1 en 2026 como el und\u00e9cimo equipo de la F\u00f3rmula 1, y lo har\u00e1 con una dupla de pilotos muy experimentada. <a href=\"https:\/\/es.motorsport.com\/driver\/valtteri-bottas\/34294\/\" target=\"_blank\" rel=\"noopener nofollow\">Valtteri Bottas<\/a> y <a href=\"https:\/\/es.motorsport.com\/driver\/sergio-perez\/30553\/\" target=\"_blank\" rel=\"noopener nofollow\">Sergio P\u00e9rez<\/a> ser\u00e1n los encargados de guiar a la nueva formaci\u00f3n estadounidense durante su primera temporada en la categor\u00eda reina.<\/p>\n<p data-start=\"259\" data-end=\"793\"><strong>El hecho de que el equipo a\u00fan no haya debutado no impide que Mario Andretti ya sue\u00f1e con el futuro.<\/strong> El campe\u00f3n del mundo de F1 de 1978 ha confesado en el Festival dello Sport que siente una gran admiraci\u00f3n por uno de los actuales pilotos de <a href=\"https:\/\/es.motorsport.com\/team\/scuderia-ferrari\/21\/\" target=\"_blank\" rel=\"noopener nofollow\">Ferrari<\/a>.<\/p>\n<p data-start=\"795\" data-end=\"1492\">\u00abSoy un gran admirador de <a href=\"https:\/\/es.motorsport.com\/driver\/charles-leclerc\/109621\/\" target=\"_blank\" rel=\"noopener nofollow\">Charles Leclerc<\/a>. Si alguna vez cambiara de equipo, lo fichar\u00eda inmediatamente para Cadillac\u00bb, declar\u00f3 Andretti durante el festival organizado por el diario deportivo italiano Gazzetta dello Sport. Aunque el monegasco tiene un contrato multianual con Ferrari, ya son muchos los rumores que apuntan que se podr\u00eda replantear su futuro si la Scuderia no le da un coche para poder competir el campeonato en los pr\u00f3ximos a\u00f1os. Eso s\u00ed, no hay que olvidar que <strong>Cadillac entra como 11\u00ba equipo, y sin experiencia, ser\u00e1 complicado que puedan competir por un t\u00edtulo a corto plazo.<\/strong><\/p>\n<p data-start=\"795\" data-end=\"1492\">La leyenda estadounidense del automovilismo, de 85 a\u00f1os, tambi\u00e9n habl\u00f3 sobre el inminente debut de Cadillac en la F1. Seg\u00fan el miembro del consejo de administraci\u00f3n del Cadillac F1 Team, gran parte del m\u00e9rito corresponde a su hijo Michael Andretti, aunque este no desempe\u00f1a ning\u00fan papel dentro del equipo.<strong> \u00abEl m\u00e9rito es de mi hijo Michael, porque, sinceramente, nunca tuve demasiado inter\u00e9s en gestionar un equipo. La raz\u00f3n es clara: solo me interesaba correr yo mismo\u00bb.<\/strong><\/p>\n<p><strong data-start=\"1494\" data-end=\"1530\">\u00bfTrato preferencial para Norris?<\/strong><\/p>\n<p data-start=\"1494\" data-end=\"2066\" data-is-last-node=\"\" data-is-only-node=\"\">Antes de que Cadillac debute oficialmente, a\u00fan debe resolverse la lucha por el t\u00edtulo mundial de F1 de 2025. <a href=\"https:\/\/es.motorsport.com\/driver\/oscar-piastri\/828726\/\" target=\"_blank\" rel=\"noopener nofollow\">Oscar Piastri<\/a> lidera actualmente el campeonato, pero <a href=\"https:\/\/es.motorsport.com\/driver\/lando-norris\/290513\/\" target=\"_blank\" rel=\"noopener nofollow\">Lando Norris<\/a> y <a href=\"https:\/\/es.motorsport.com\/driver\/max-verstappen\/38692\/\" target=\"_blank\" rel=\"noopener nofollow\">Max Verstappen<\/a> se han acercado mucho al australiano en las \u00faltimas carreras. Al ser preguntado por su visi\u00f3n sobre la pelea por el campeonato, Andretti expres\u00f3 sus dudas sobre las decisiones que ha tomado <a href=\"https:\/\/es.motorsport.com\/team\/mclaren-f1\/18\/\" target=\"_blank\" rel=\"noopener nofollow\">McLaren F1<\/a>. \u00abVerstappen es muy fuerte. <strong>Me gusta Piastri por su determinaci\u00f3n, pero parece que, por alguna raz\u00f3n, McLaren est\u00e1 dando preferencia a Norris\u00bb.<\/strong><\/p>\n<p>Tambi\u00e9n puedes leer:<\/p>\n<p>            Queremos tu opini\u00f3n<\/p>\n<p class=\"mt-auto\">\u00bfQu\u00e9 le gustar\u00eda ver en Motorsport.com?<\/p>\n<p>            <a href=\"#\" class=\"ms-link text-link font-bold\">Responda a nuestra encuesta de 5 minutos.<\/a><\/p>\n<p class=\"mt-1 font-info text-body\">&#8211; El equipo de Motorsport.com<\/p>\n","protected":false},"excerpt":{"rendered":"Cadillac debutar\u00e1 en 2026 como el und\u00e9cimo equipo de la F\u00f3rmula 1, y lo har\u00e1 con una dupla&hellip;\n","protected":false},"author":2,"featured_media":179839,"comment_status":"","ping_status":"","sticky":false,"template":"","format":"standard","meta":{"footnotes":""},"categories":[270],"tags":[51168,2102,38334,168,25,24,306,2091,271,272,1230,38333,23,167],"class_list":{"0":"post-179838","1":"post","2":"type-post","3":"status-publish","4":"format-standard","5":"has-post-thumbnail","7":"category-formula-1","8":"tag-andretti-espera-ver-a-un-piloto-de-ferrari-en-el-futuro-con-cadillac","9":"tag-charles-leclerc","10":"tag-circuito-de-las-americas-de-austin","11":"tag-deportes","12":"tag-es","13":"tag-espana","14":"tag-f1","15":"tag-ferrari","16":"tag-formula-1","17":"tag-formula1","18":"tag-fu00f3rmula-1","19":"tag-gp-de-estados-unidos","20":"tag-spain","21":"tag-sports"},"share_on_mastodon":{"url":"","error":""},"_links":{"self":[{"href":"https:\/\/www.europesays.com\/es\/wp-json\/wp\/v2\/posts\/179838","targetHints":{"allow":["GET"]}}],"collection":[{"href":"https:\/\/www.europesays.com\/es\/wp-json\/wp\/v2\/posts"}],"about":[{"href":"https:\/\/www.europesays.com\/es\/wp-json\/wp\/v2\/types\/post"}],"author":[{"embeddable":true,"href":"https:\/\/www.europesays.com\/es\/wp-json\/wp\/v2\/users\/2"}],"replies":[{"embeddable":true,"href":"https:\/\/www.europesays.com\/es\/wp-json\/wp\/v2\/comments?post=179838"}],"version-history":[{"count":0,"href":"https:\/\/www.europesays.com\/es\/wp-json\/wp\/v2\/posts\/179838\/revisions"}],"wp:featuredmedia":[{"embeddable":true,"href":"https:\/\/www.europesays.com\/es\/wp-json\/wp\/v2\/media\/179839"}],"wp:attachment":[{"href":"https:\/\/www.europesays.com\/es\/wp-json\/wp\/v2\/media?parent=179838"}],"wp:term":[{"taxonomy":"category","embeddable":true,"href":"https:\/\/www.europesays.com\/es\/wp-json\/wp\/v2\/categories?post=179838"},{"taxonomy":"post_tag","embeddable":true,"href":"https:\/\/www.europesays.com\/es\/wp-json\/wp\/v2\/tags?post=179838"}],"curies":[{"name":"wp","href":"https:\/\/api.w.org\/{rel}","templated":true}]}}