{"id":179842,"date":"2025-10-16T04:22:09","date_gmt":"2025-10-16T04:22:09","guid":{"rendered":"https:\/\/www.europesays.com\/es\/179842\/"},"modified":"2025-10-16T04:22:09","modified_gmt":"2025-10-16T04:22:09","slug":"primero-fue-claudio-bravo-y-ahora-alexis-sanchez-arturo-vidal-haciendo-amigos","status":"publish","type":"post","link":"https:\/\/www.europesays.com\/es\/179842\/","title":{"rendered":"Primero fue Claudio Bravo y, ahora, Alexis S\u00e1nchez: Arturo Vidal, haciendo &#8216;amigos&#8217;"},"content":{"rendered":"<p class=\"parrafo\">\u00ab<strong>A quien le quepa el sombrero, que se lo ponga, y que se deje de andar llorando<\/strong>\u00ab. Esa publicaci\u00f3n en Instagram de <strong>Carla Bravo<\/strong>, la mujer del arquero m\u00e1s internacional con <strong>Chile<\/strong> y que se retirara tras su paso por el <strong>Real Betis<\/strong>, desat\u00f3 el enfrentamiento entre <strong>Claudio<\/strong> y otro baluarte de &#8216;<strong>La Roja<\/strong>&#8216;, el siempre pol\u00e9mico <strong>Arturo Vidal<\/strong>. Se sinti\u00f3 el &#8216;mohicano&#8217; se\u00f1alado cuando la esposa de su compa\u00f1ero denunci\u00f3 el comportamiento poco profesional de algunos miembros de la selecci\u00f3n, m\u00e1s partidarios de la <strong>fiesta<\/strong><strong> <\/strong>que de los entrenamientos, lo que frustr\u00f3 la clasificaci\u00f3n andina para el <strong>Mundial de Rusia 2018<\/strong>. Nada fue igual desde entonces entre ellos, pese a algunos intentos de reconciliaci\u00f3n posteriores.<\/p>\n<p><img decoding=\"async\" src=\"https:\/\/www.europesays.com\/es\/wp-content\/uploads\/2025\/10\/cf810978-0453-4e52-96ed-ece9a3bfe8fb_800x683.jpeg\" loading=\"lazy\"\/><\/p>\n<p class=\"parrafo\">\u00ab<strong>No somos amigos ni vamos a serlo<\/strong>\u00ab, espet\u00f3 unos meses despu\u00e9s el centrocampista, que daba sus razones: \u00ab<strong>Uno de los dos deb\u00eda dar el paso y no era yo<\/strong>, por eso no me hice problemas y cada uno se entren\u00f3 de forma individual. <strong>\u00c9l lo dio todo, yo tambi\u00e9n, y el equipo lo vio as\u00ed<\/strong>. No somos amigos, pero <strong>la selecci\u00f3n es lo m\u00e1s importante<\/strong>\u201d. En esta ocasi\u00f3n, todo sea dicho, no encendi\u00f3 la mecha, aunque el car\u00e1cter contestatario y rebelde del de <strong>San Miguel<\/strong> le ha valido m\u00e1s de un enfrentamiento con rivales y compa\u00f1eros. El \u00faltimo, seg\u00fan muchos, es con <strong>Alexis S\u00e1nchez<\/strong>, casi coet\u00e1neo (poco m\u00e1s de a\u00f1o y medio menor el &#8216;<strong>Ni\u00f1o Maravilla<\/strong>&#8216;).<\/p>\n<p class=\"parrafo\">\u00abNo es en duda, es la verdad. <strong>Soy un jugador competitivo<\/strong>, toda la vida me ha gustado competir. <strong>Por algo me vine y no me qued\u00e9 en Europa<\/strong>, <strong>donde pod\u00eda jugar hasta los 50 a\u00f1os en un equipo que pelee en media tabla o por el descenso<\/strong>\u00ab, apuntaba esta semana <strong>Vidal<\/strong> en ESPN<strong> <\/strong>despu\u00e9s de un partido con <strong>Colo Colo<\/strong>, donde ha retornado y, a sus <strong>38 a\u00f1os<\/strong>, es capit\u00e1n general, apostando por ser cabeza de rat\u00f3n a cola de le\u00f3n, al rev\u00e9s de lo que presumiblemente habr\u00eda hecho, seg\u00fan su an\u00e1lisis, el de <strong>Tocopilla<\/strong>, <a href=\"https:\/\/www.estadiodeportivo.com\/futbol\/sevilla-fc\/alexis-sanchez-sigue-callando-bocas-fuera-del-cesped-20251001-514660.html\" target=\"_blank\" class=\"intext-link\" rel=\"nofollow noopener\">priorizando seguir en el Viejo Continente<\/a>, aunque no luchando a priori por t\u00edtulos, si bien es cierto que <a href=\"https:\/\/www.estadiodeportivo.com\/futbol\/sevilla-fc\/locura-chile-con-alexis-sanchez-medio-retirado-estar-cerca-mejor-version-20250930-514341.html\" target=\"_blank\" class=\"intext-link\" rel=\"nofollow noopener\">su gran estado de forma est\u00e1 sorprendiendo a propios y extra\u00f1os<\/a>.<\/p>\n<p><a class=\"elementos-rel-t2\" href=\"https:\/\/www.estadiodeportivo.com\/futbol\/sevilla-fc\/alexis-sanchez-pero-20251012-516094.html\" title=\"Alexis S\u00e1nchez, S\u00ed pero No\" rel=\"nofollow noopener\" target=\"_blank\">Alexis S\u00e1nchez, S\u00ed pero No<img decoding=\"async\" src=\"https:\/\/www.europesays.com\/es\/wp-content\/uploads\/2025\/10\/526fd232-8817-490c-876d-90628811459c_320x180.jpeg\" alt=\"Alexis S\u00e1nchez, S\u00ed pero No\"\/><\/a><a class=\"elementos-rel-t2\" href=\"https:\/\/www.estadiodeportivo.com\/futbol\/sevilla-fc\/alexis-sanchez-pide-perdon-barca-por-euforica-celebracion-ahi-fue-20251005-515202.html\" title=\"Alexis S\u00e1nchez pide perd\u00f3n al Bar\u00e7a por su euf\u00f3rica celebraci\u00f3n: &quot;Ah\u00ed se me fue&quot;\" rel=\"nofollow noopener\" target=\"_blank\">Alexis S\u00e1nchez pide perd\u00f3n al Bar\u00e7a por su euf\u00f3rica celebraci\u00f3n: \u00abAh\u00ed se me fue\u00bb<img decoding=\"async\" src=\"https:\/\/www.europesays.com\/es\/wp-content\/uploads\/2025\/10\/6ea3e04e-6bb3-4843-9a64-c34a9f72e12d_320x180.jpeg\" alt=\"Alexis S\u00e1nchez pide perd\u00f3n al Bar\u00e7a por su euf\u00f3rica celebraci\u00f3n: &quot;Ah\u00ed se me fue&quot;\"\/><\/a><a class=\"elementos-rel-t2\" href=\"https:\/\/www.estadiodeportivo.com\/futbol\/sevilla-fc\/ignacio-navarro-pedri-nosotros-tenemos-alexis-sanchez-20251005-515172.html\" title=\"Ignacio Navarro: &quot;\u00bfPedri? Nosotros tenemos a Alexis S\u00e1nchez&quot;\" rel=\"nofollow noopener\" target=\"_blank\">Ignacio Navarro: \u00ab\u00bfPedri? Nosotros tenemos a Alexis S\u00e1nchez\u00bb<img decoding=\"async\" src=\"https:\/\/www.europesays.com\/es\/wp-content\/uploads\/2025\/10\/1630eec4-e1e0-4a64-a866-97fc33e26598_320x180.jpeg\" alt=\"Ignacio Navarro: &quot;\u00bfPedri? Nosotros tenemos a Alexis S\u00e1nchez&quot;\"\/><\/a>Para Xavi, no hay color entre Alexis y Vidal<\/p>\n<p class=\"parrafo\">Lo ha hecho en el perfil oficial en Instagram del conocido tiktoker Adri Contreras. <strong>Xavi Hern\u00e1ndez<\/strong>, que dej\u00f3 el <strong>FC Barcelona<\/strong> tres a\u00f1os antes de que llegara <strong>Arturo Vidal<\/strong> pero que s\u00ed coincidi\u00f3 varias temporadas con <strong>Alexis S\u00e1nchez<\/strong>, no ha tenido dudas a la hora de elegir al jugador chileno que m\u00e1s le gusta, tras seleccionar a <strong>Lamine Yamal<\/strong> por <strong>Espa\u00f1a<\/strong>, a <strong>Zinedine Zidane<\/strong> por <strong>Francia<\/strong>, a <strong>Andrea Pirlo<\/strong> por <strong>Italia<\/strong> o a <strong>Cristiano Ronaldo <\/strong>(le cost\u00f3 un poco) por <strong>Portugal<\/strong>. Para el otrora mediocentro y ahora entrenador en paro, el &#8216;<strong>Ni\u00f1o Maravilla<\/strong>&#8216; se lleva esta particular batalla, en la que, bien es cierto, tampoco se lo pens\u00f3 mucho en el caso del argentino <strong>Leo Messi<\/strong>, el uruguayo <strong>Luis Su\u00e1rez<\/strong> o el colombiano <strong>Carlos Valderrama<\/strong>.<\/p>\n","protected":false},"excerpt":{"rendered":"\u00abA quien le quepa el sombrero, que se lo ponga, y que se deje de andar llorando\u00ab. Esa&hellip;\n","protected":false},"author":2,"featured_media":179843,"comment_status":"","ping_status":"","sticky":false,"template":"","format":"standard","meta":{"footnotes":""},"categories":[268],"tags":[37964,51169,51170,168,25,24,284,280,282,2993,281,23,167],"class_list":{"0":"post-179842","1":"post","2":"type-post","3":"status-publish","4":"format-standard","5":"has-post-thumbnail","7":"category-futbol","8":"tag-alexis-sanchez","9":"tag-arturo-vidal","10":"tag-claudio-bravo","11":"tag-deportes","12":"tag-es","13":"tag-espana","14":"tag-estadio-deportivo","15":"tag-football","16":"tag-futbol","17":"tag-sevilla-futbol-club","18":"tag-soccer","19":"tag-spain","20":"tag-sports"},"share_on_mastodon":{"url":"","error":""},"_links":{"self":[{"href":"https:\/\/www.europesays.com\/es\/wp-json\/wp\/v2\/posts\/179842","targetHints":{"allow":["GET"]}}],"collection":[{"href":"https:\/\/www.europesays.com\/es\/wp-json\/wp\/v2\/posts"}],"about":[{"href":"https:\/\/www.europesays.com\/es\/wp-json\/wp\/v2\/types\/post"}],"author":[{"embeddable":true,"href":"https:\/\/www.europesays.com\/es\/wp-json\/wp\/v2\/users\/2"}],"replies":[{"embeddable":true,"href":"https:\/\/www.europesays.com\/es\/wp-json\/wp\/v2\/comments?post=179842"}],"version-history":[{"count":0,"href":"https:\/\/www.europesays.com\/es\/wp-json\/wp\/v2\/posts\/179842\/revisions"}],"wp:featuredmedia":[{"embeddable":true,"href":"https:\/\/www.europesays.com\/es\/wp-json\/wp\/v2\/media\/179843"}],"wp:attachment":[{"href":"https:\/\/www.europesays.com\/es\/wp-json\/wp\/v2\/media?parent=179842"}],"wp:term":[{"taxonomy":"category","embeddable":true,"href":"https:\/\/www.europesays.com\/es\/wp-json\/wp\/v2\/categories?post=179842"},{"taxonomy":"post_tag","embeddable":true,"href":"https:\/\/www.europesays.com\/es\/wp-json\/wp\/v2\/tags?post=179842"}],"curies":[{"name":"wp","href":"https:\/\/api.w.org\/{rel}","templated":true}]}}