{"id":179856,"date":"2025-10-16T04:34:09","date_gmt":"2025-10-16T04:34:09","guid":{"rendered":"https:\/\/www.europesays.com\/es\/179856\/"},"modified":"2025-10-16T04:34:09","modified_gmt":"2025-10-16T04:34:09","slug":"los-toldos-del-colegio-garcilaso-de-la-vega-listos-para-evitar-que-a-un-alumno-con-un-problema-de-salud-le-de-el-sol","status":"publish","type":"post","link":"https:\/\/www.europesays.com\/es\/179856\/","title":{"rendered":"Los toldos del colegio Garcilaso de la Vega, listos para evitar que a un alumno con un problema de salud le d\u00e9 el sol"},"content":{"rendered":"<p style=\"\">El concejal de Educaci\u00f3n, Daniel Morcillo, ha visitado el <strong>colegio Garcilaso de la Vega<\/strong>, donde ha supervisado la reciente instalaci\u00f3n de toldos, unos elementos \u00abque <strong>resultaban especialmente urgentes<\/strong>, dado que en este centro hay un alumno al que, debido a una enfermedad, <strong>no <\/strong> &#8230; <strong>le puede dar el sol<\/strong>\u00bb.<\/p>\n<p class=\"voc-p\" style=\"\">Morcillo, durante su visita, ha conocido a los padres del ni\u00f1o, que le han agradecido \u00abla rapidez y la eficacia\u00bb en la colocaci\u00f3n de las telas. \u00abUno de los momentos m\u00e1s gratificantes de nuestra concejal\u00eda se produce cuando, de una manera real y efectiva, podemos ayudar a nuestros chicos a que la estancia en el centro sea lo m\u00e1s agradable posible, m\u00e1xime cuando, como en este caso, <strong>hablamos de un problema de salud<\/strong>\u00bb, ha apuntado el concejal. <\/p>\n<p class=\"voc-p\" style=\"\">Los toldos han sido elementos muy demandado por los centros escolares. De hecho, <strong>ya en el pasado curso, se colocaron en los colegios San Lucas y Mar\u00eda, Santa Teresa, Valpara\u00edso, Ciudad de Aquisgr\u00e1n y \u00c1ngel del Alc\u00e1zar<\/strong>. \u00abEn una segunda tanda, adem\u00e1s del Garcilaso de la Vega, tambi\u00e9n se han visto beneficiados el Rosa Parks y el Juan de Padilla, cuyas obras se iniciar\u00e1n esta misma semana\u00bb, ha a\u00f1adido Morcillo. <\/p>\n<p class=\"voc-p\" style=\"\">Por \u00faltimo, el concejal de Educaci\u00f3n ha anunciado que, de cara a 2026, su departamento sacar\u00e1 una <strong>nueva convocatoria<\/strong> para que <strong>se sumen los centros escolares de Toledo que demanden estas sombras<\/strong>, adem\u00e1s de <strong>plantar \u00e1rboles<\/strong> en aquellos enclaves en los que sea posible \u00abrespondiendo as\u00ed a una de las peticiones m\u00e1s recurrentes de la comunidad educativa\u00bb.<\/p>\n","protected":false},"excerpt":{"rendered":"El concejal de Educaci\u00f3n, Daniel Morcillo, ha visitado el colegio Garcilaso de la Vega, donde ha supervisado la&hellip;\n","protected":false},"author":2,"featured_media":179857,"comment_status":"","ping_status":"","sticky":false,"template":"","format":"standard","meta":{"footnotes":""},"categories":[42],"tags":[19081,17,18,42658,6971,13,14,51176,11,61,62,63,64,19,20,21333,9,10,15,16,9632,166,2829,12,51175,21,22,8932,65,66,67],"class_list":{"0":"post-179856","1":"post","2":"type-post","3":"status-publish","4":"format-standard","5":"has-post-thumbnail","7":"category-internacional","8":"tag-alumno","9":"tag-breaking-news","10":"tag-breakingnews","11":"tag-colegio","12":"tag-evitar","13":"tag-featured-news","14":"tag-featurednews","15":"tag-garcilaso","16":"tag-headlines","17":"tag-internacional","18":"tag-international","19":"tag-international-news","20":"tag-internationalnews","21":"tag-latest-news","22":"tag-latestnews","23":"tag-listos","24":"tag-news","25":"tag-noticias","26":"tag-noticias-destacadas","27":"tag-noticiasdestacadas","28":"tag-problema","29":"tag-salud","30":"tag-sol","31":"tag-titulares","32":"tag-toldos","33":"tag-ultimas-noticias","34":"tag-ultimasnoticias","35":"tag-vega","36":"tag-world","37":"tag-world-news","38":"tag-worldnews"},"share_on_mastodon":{"url":"","error":""},"_links":{"self":[{"href":"https:\/\/www.europesays.com\/es\/wp-json\/wp\/v2\/posts\/179856","targetHints":{"allow":["GET"]}}],"collection":[{"href":"https:\/\/www.europesays.com\/es\/wp-json\/wp\/v2\/posts"}],"about":[{"href":"https:\/\/www.europesays.com\/es\/wp-json\/wp\/v2\/types\/post"}],"author":[{"embeddable":true,"href":"https:\/\/www.europesays.com\/es\/wp-json\/wp\/v2\/users\/2"}],"replies":[{"embeddable":true,"href":"https:\/\/www.europesays.com\/es\/wp-json\/wp\/v2\/comments?post=179856"}],"version-history":[{"count":0,"href":"https:\/\/www.europesays.com\/es\/wp-json\/wp\/v2\/posts\/179856\/revisions"}],"wp:featuredmedia":[{"embeddable":true,"href":"https:\/\/www.europesays.com\/es\/wp-json\/wp\/v2\/media\/179857"}],"wp:attachment":[{"href":"https:\/\/www.europesays.com\/es\/wp-json\/wp\/v2\/media?parent=179856"}],"wp:term":[{"taxonomy":"category","embeddable":true,"href":"https:\/\/www.europesays.com\/es\/wp-json\/wp\/v2\/categories?post=179856"},{"taxonomy":"post_tag","embeddable":true,"href":"https:\/\/www.europesays.com\/es\/wp-json\/wp\/v2\/tags?post=179856"}],"curies":[{"name":"wp","href":"https:\/\/api.w.org\/{rel}","templated":true}]}}