{"id":179858,"date":"2025-10-16T04:35:08","date_gmt":"2025-10-16T04:35:08","guid":{"rendered":"https:\/\/www.europesays.com\/es\/179858\/"},"modified":"2025-10-16T04:35:08","modified_gmt":"2025-10-16T04:35:08","slug":"el-gobierno-se-plantea-cambiar-la-subida-de-cuotas-a-los-autonomos-tras-el-fuerte-rechazo","status":"publish","type":"post","link":"https:\/\/www.europesays.com\/es\/179858\/","title":{"rendered":"El Gobierno se plantea cambiar la subida de cuotas a los aut\u00f3nomos tras el fuerte rechazo"},"content":{"rendered":"<p style=\"\">El portazo con el que se ha encontrado el Ministerio de Seguridad Social tras poner encima de la mesa <strong>la subida de cotizaciones<\/strong> para todos los aut\u00f3nomos a partir de 2026 va a derivar en una <a href=\"https:\/\/www.abc.es\/economia\/gobierno-prepara-sablazo-cuotas-autonomos-blindarlo-seis-20251013152555-nt.html\" target=\"_self\" data-voc-vtm-id=\"in-text-traffic\" title=\"nueva propuesta que minimice las cuant\u00edas\" data-mrf-link=\"www.abc.es\" rel=\"nofollow noopener\">nueva propuesta que minimice las cuant\u00edas<\/a> planteadas  &#8230; en la reuni\u00f3n de este lunes con los agentes sociales. Empresarios y sindicatos asumen que el Gobierno <strong>modificar\u00e1 el planteamiento realizado<\/strong> y que ha contado con el \u00abno\u00bb clave del Congreso, donde el Ejecutivo se ha cerciorado de que no tiene, ni de cerca, la <strong>mayor\u00eda parlamentaria suficiente<\/strong> como para sacar adelante su propuesta.<\/p>\n<p class=\"voc-p\" style=\"\">Aunque la ministra Elma Saiz apuntaba ayer al PP para que se aviniera a un acuerdo en este sentido, el proceso de <strong>negociaci\u00f3n de las cuotas \u00abir\u00e1 a menos\u00bb<\/strong>, apuntan varias fuentes del di\u00e1logo social consultadas por ABC. Se refieren a que las cuant\u00edas planteadas en el documento que Seguridad Social les entreg\u00f3 el pasado lunes ser\u00e1n recortadas en los pr\u00f3ximos encuentros previstos en las pr\u00f3ximas semanas. Desde ATA, su presidente, <strong>Lorenzo Amor<\/strong>, insiste en recordar a la ministra Saiz que el acuerdo de las pensiones alcanzado en 2022 con su antecesor en el cargo, Jos\u00e9 Luis Escriv\u00e1, no obligaba a subir las cuotas a partir de 2026 de forma generalizada ni en esas cuant\u00edas. \u00abNi la cuant\u00eda de cada cuota correspondiente a cada tramo a partir del 2025 ni cuanto corresponder\u00e1 pagar a cada aut\u00f3nomo en 2022 <strong>se acord\u00f3 en el marco del di\u00e1logo social\u00bb<\/strong>, insiste Amor.<\/p>\n<p class=\"voc-p\" style=\"\">Estas palabras llegan despu\u00e9s de que Saiz haya recordado que los aut\u00f3nomos reciben de media<strong> 650 euros menos de pensi\u00f3n<\/strong> al mes que un asalariado. Y que esa circunstancia se explica porque el 85% de los aut\u00f3nomos cotizaba en 2022 por la base m\u00ednima. \u00abEs una reivindicaci\u00f3n hist\u00f3rica del colectivo\u00bb, ha indicado. <strong>La ministra mira ahora al PP<\/strong> al que le pide \u00abmenos hipocres\u00eda\u00bb porque votaron la reforma de las pensiones de aquel a\u00f1o.<\/p>\n<p class=\"voc-p\" style=\"\">El Gobierno se ha encontrado con el <a href=\"https:\/\/www.abc.es\/economia\/junts-pp-vox-tumbaran-hachazo-cotizaciones-autonomos-20251014100630-nt.html\" target=\"_self\" data-voc-vtm-id=\"in-text-traffic\" title=\"\u00abno\u00bb de la mayor parte del arco parlamentario,\" data-mrf-link=\"www.abc.es\" rel=\"nofollow noopener\">\u00abno\u00bb de la mayor parte del arco parlamentario,<\/a> incluidas formaciones que apoyaron la investidura de Pedro S\u00e1nchez. Los independentistas de <strong>Junts han rechazado subir las cuotas<\/strong> y, al mismo tiempo, han criticado que sigue habiendo \u00abcontacto cero\u00bb no solo en esta cuesti\u00f3n, sino en otras como los Presupuestos. Por su parte, <strong>BNG ha tachado de \u00abdesprop\u00f3sito<\/strong> may\u00fasculo\u00bb la propuesta. E incluso la ministra de Trabajo, Yolanda<strong> D\u00edaz, la ha rechazado<\/strong> porque \u00abpenaliza a las rentas inferiores\u00bb. <\/p>\n<p>\nAlzas con el IPC\n<\/p>\n<p class=\"voc-p\" style=\"\">Precisamente la propuesta inicial planteada por ATA a principios de este a\u00f1o pasaba por un incremento m\u00ednimo de las cuotas de los aut\u00f3nomos a partir de 2026,<strong> en funci\u00f3n de c\u00f3mo evolucione la inflaci\u00f3n.<\/strong> Est\u00e1 previsto que este a\u00f1o el IPC finalice en el entorno del 2,5%. Sin embargo, los c\u00e1lculos presentados por Seguridad Social proponen alzas que van desde el 8,7% para el tramo m\u00ednimo<strong> al 35% m\u00e1ximo<\/strong> en un a\u00f1o. Hasta 2028, algunas cotizaciones llegan a duplicar su cuant\u00eda.<\/p>\n<p class=\"voc-p\" style=\"\">Adem\u00e1s, los trabajadores por cuenta propia rechazan que el acuerdo se <strong>extienda hasta 2031,<\/strong> fijando las cuotas a seis a\u00f1os vista, sin saber c\u00f3mo evolucionar\u00e1 la econom\u00eda hasta entonces ni el propio negocio de cada aut\u00f3nomo a tan largo plazo.<\/p>\n","protected":false},"excerpt":{"rendered":"El portazo con el que se ha encontrado el Ministerio de Seguridad Social tras poner encima de la&hellip;\n","protected":false},"author":2,"featured_media":179859,"comment_status":"","ping_status":"","sticky":false,"template":"","format":"standard","meta":{"footnotes":""},"categories":[8],"tags":[44159,17,18,3054,50312,25,24,13,14,5514,582,11,19,20,9,10,15,16,6859,3635,23,12083,12,575,21,22],"class_list":{"0":"post-179858","1":"post","2":"type-post","3":"status-publish","4":"format-standard","5":"has-post-thumbnail","7":"category-espana","8":"tag-autonomos","9":"tag-breaking-news","10":"tag-breakingnews","11":"tag-cambiar","12":"tag-cuotas","13":"tag-es","14":"tag-espana","15":"tag-featured-news","16":"tag-featurednews","17":"tag-fuerte","18":"tag-gobierno","19":"tag-headlines","20":"tag-latest-news","21":"tag-latestnews","22":"tag-news","23":"tag-noticias","24":"tag-noticias-destacadas","25":"tag-noticiasdestacadas","26":"tag-plantea","27":"tag-rechazo","28":"tag-spain","29":"tag-subida","30":"tag-titulares","31":"tag-tras","32":"tag-ultimas-noticias","33":"tag-ultimasnoticias"},"share_on_mastodon":{"url":"","error":""},"_links":{"self":[{"href":"https:\/\/www.europesays.com\/es\/wp-json\/wp\/v2\/posts\/179858","targetHints":{"allow":["GET"]}}],"collection":[{"href":"https:\/\/www.europesays.com\/es\/wp-json\/wp\/v2\/posts"}],"about":[{"href":"https:\/\/www.europesays.com\/es\/wp-json\/wp\/v2\/types\/post"}],"author":[{"embeddable":true,"href":"https:\/\/www.europesays.com\/es\/wp-json\/wp\/v2\/users\/2"}],"replies":[{"embeddable":true,"href":"https:\/\/www.europesays.com\/es\/wp-json\/wp\/v2\/comments?post=179858"}],"version-history":[{"count":0,"href":"https:\/\/www.europesays.com\/es\/wp-json\/wp\/v2\/posts\/179858\/revisions"}],"wp:featuredmedia":[{"embeddable":true,"href":"https:\/\/www.europesays.com\/es\/wp-json\/wp\/v2\/media\/179859"}],"wp:attachment":[{"href":"https:\/\/www.europesays.com\/es\/wp-json\/wp\/v2\/media?parent=179858"}],"wp:term":[{"taxonomy":"category","embeddable":true,"href":"https:\/\/www.europesays.com\/es\/wp-json\/wp\/v2\/categories?post=179858"},{"taxonomy":"post_tag","embeddable":true,"href":"https:\/\/www.europesays.com\/es\/wp-json\/wp\/v2\/tags?post=179858"}],"curies":[{"name":"wp","href":"https:\/\/api.w.org\/{rel}","templated":true}]}}