{"id":179862,"date":"2025-10-16T04:37:08","date_gmt":"2025-10-16T04:37:08","guid":{"rendered":"https:\/\/www.europesays.com\/es\/179862\/"},"modified":"2025-10-16T04:37:08","modified_gmt":"2025-10-16T04:37:08","slug":"te-rompes-la-cara-por-el-de-al-lado","status":"publish","type":"post","link":"https:\/\/www.europesays.com\/es\/179862\/","title":{"rendered":"\u00abTe rompes la cara por el de al lado\u00bb"},"content":{"rendered":"<p class=\"ft-text\">El reestreno inmaculado del <strong>Attica 21 Hotels OAR<\/strong> en <strong>Divisi\u00f3n de Honor Plata <\/strong>tiene muchos protagonistas, muchas patas que sostienen a un equipo que ha regresado por la puerta grande al pedestal del que cay\u00f3 hace casi 20 a\u00f1os. Pocos han sido tan fundamentales como los hombres encargados de frustrar a los atacantes rivales: <strong>\u00c1lex Conde<\/strong> y <strong>\u00c1lex Malid<\/strong>. El primero fue un pilar robusto del ascenso la temporada pasada. El segundo, procede de un Eivissa al que el equipo coru\u00f1\u00e9s visita este fin de semana y ha aportado en San Francisco Javier un extra de solidez. Con ellos no pasa ni el viento hacia la porter\u00eda de <strong>Mijuskovic<\/strong>.<\/p>\n<p class=\"ft-text\">\u00abLa defensa es clave para competir en un partido de balonmano, ya no digo para ganarlo. Somos de los menos goleados en la liga y, eso, se nota en los resultados\u00bb, resalta <strong>\u00c1lex Malid<\/strong>. El OAR mira con satisfacci\u00f3n la tabla de la categor\u00eda de plata, en la que ocupa la tercera posici\u00f3n en la clasificaci\u00f3n, aupado, en buena medida, por su zaga. Ha encajado 132 goles, el tercer mejor dato de la liga por detr\u00e1s de <strong>Agustinos <\/strong>y <strong>Puerto Sagunto<\/strong>.<\/p>\n<p class=\"ft-text\"><strong>\u00c1lex Conde <\/strong>ya fue un puntal en la defensa que el curso pasado consigui\u00f3 el ascenso a Plata, donde ya cuenta con una experiencia contrastada. \u00abTiro mucho de v\u00eddeo para estudiar al rival. Los equipos tienen m\u00e1s variedad. Para gente grande, como yo, hay rivales que tambi\u00e9n son de mayor tama\u00f1o, no tan bajitos y escurridizos como nos ocurr\u00eda el a\u00f1o pasado\u00bb, revela el pivote vigu\u00e9s, que se siente beneficiado al cubrir a rivales con m\u00e1s recursos y capacidades, pese a que la exigencia es mayor.<\/p>\n<p class=\"ft-text\">Aunque la defensa es la clave de este <strong>OAR<\/strong>, rechazan colmarse ellos de m\u00e9ritos y hablan del trabajo grupal. \u00abEn defensa, las piezas tienen que moverse como un engranaje\u00bb, apunta Conde. \u00abNosotros somos el centro de la defensa, pero esto no lo consiguen dos personas, sino las seis que estamos en la pista y otros tantos que est\u00e1n fuera\u00bb, a\u00f1ade Malid.<\/p>\n<p class=\"ft-text\">Ambos coinciden al se\u00f1alar que el \u00e9xito del OAR no es fruto de la casualidad, sino del esfuerzo colectivo. \u00abSomos un reci\u00e9n ascendido con trampa. Bastantes tenemos experiencia en esta liga e, incluso, en categor\u00edas superiores y en selecciones absolutas\u00bb, resalta \u00c1lex Malid. Tanto \u00e9l como su tocayo reiteran el \u00abtrabajo duro en defensa\u00bb en el que insiste Nando Gonz\u00e1lez en los entrenamientos y en los partidos. \u00abEstoy convencido de que somos uno de los equipos de la liga que m\u00e1s entrena\u00bb, asevera Conde.<\/p>\n<p>Prohibido rendirse<\/p>\n<p class=\"ft-text\">El esfuerzo es un factor irrenunciable y la defensa, una virtud sobre la que crecer. No obstante, los dos jugadores del <strong>OAR <\/strong>se\u00f1alan lo importante que ha sido para el equipo no rendirse en ning\u00fan partido: \u00abNo bajamos los brazos e intentamos competir los 60 minutos sin importar el marcador. Por eso nuestro preparador f\u00edsico nos ha hecho estar como unos toros. Vamos a muerte y se nota\u00bb, explica <strong>\u00c1lex Malid<\/strong>. Conde lleva m\u00e1s all\u00e1 esa garra: \u00abEl equipo se viene abajo en algunos momentos, pero es capaz de remontar. Pas\u00f3 contra M\u00e1laga y Soria, pero tambi\u00e9n en la fase de ascenso\u00bb, recuerda.<\/p>\n<p class=\"ft-text\">El <strong>OAR <\/strong>funciona en la pista, donde a\u00fan no ha perdido en esta liga, pero tambi\u00e9n fuera, en un vestuario que ya parece una familia. \u00abSoy un reci\u00e9n llegado, pero, desde el primero al \u00faltimo del equipo, son personas maravillosas. Te rompes la cara por el de al lado\u00bb, asegura Malid, que destaca la cohesi\u00f3n del plantel fuera del balonmano. Conde, adem\u00e1s, celebra el crecimiento del club que \u00abcada vez hay m\u00e1s ni\u00f1os en la base\u00bb.<\/p>\n","protected":false},"excerpt":{"rendered":"El reestreno inmaculado del Attica 21 Hotels OAR en Divisi\u00f3n de Honor Plata tiene muchos protagonistas, muchas patas&hellip;\n","protected":false},"author":2,"featured_media":179863,"comment_status":"","ping_status":"","sticky":false,"template":"","format":"standard","meta":{"footnotes":""},"categories":[278],"tags":[376,6637,168,8656,25,24,375,51177,51178,5967,5972,51179,23,167],"class_list":{"0":"post-179862","1":"post","2":"type-post","3":"status-publish","4":"format-standard","5":"has-post-thumbnail","7":"category-balonmano","8":"tag-balonmano","9":"tag-conde","10":"tag-deportes","11":"tag-division-de-honor-plata","12":"tag-es","13":"tag-espana","14":"tag-handball","15":"tag-malid","16":"tag-murallas","17":"tag-oar","18":"tag-oar-coruna","19":"tag-rompes","20":"tag-spain","21":"tag-sports"},"share_on_mastodon":{"url":"","error":""},"_links":{"self":[{"href":"https:\/\/www.europesays.com\/es\/wp-json\/wp\/v2\/posts\/179862","targetHints":{"allow":["GET"]}}],"collection":[{"href":"https:\/\/www.europesays.com\/es\/wp-json\/wp\/v2\/posts"}],"about":[{"href":"https:\/\/www.europesays.com\/es\/wp-json\/wp\/v2\/types\/post"}],"author":[{"embeddable":true,"href":"https:\/\/www.europesays.com\/es\/wp-json\/wp\/v2\/users\/2"}],"replies":[{"embeddable":true,"href":"https:\/\/www.europesays.com\/es\/wp-json\/wp\/v2\/comments?post=179862"}],"version-history":[{"count":0,"href":"https:\/\/www.europesays.com\/es\/wp-json\/wp\/v2\/posts\/179862\/revisions"}],"wp:featuredmedia":[{"embeddable":true,"href":"https:\/\/www.europesays.com\/es\/wp-json\/wp\/v2\/media\/179863"}],"wp:attachment":[{"href":"https:\/\/www.europesays.com\/es\/wp-json\/wp\/v2\/media?parent=179862"}],"wp:term":[{"taxonomy":"category","embeddable":true,"href":"https:\/\/www.europesays.com\/es\/wp-json\/wp\/v2\/categories?post=179862"},{"taxonomy":"post_tag","embeddable":true,"href":"https:\/\/www.europesays.com\/es\/wp-json\/wp\/v2\/tags?post=179862"}],"curies":[{"name":"wp","href":"https:\/\/api.w.org\/{rel}","templated":true}]}}