{"id":179872,"date":"2025-10-16T04:48:08","date_gmt":"2025-10-16T04:48:08","guid":{"rendered":"https:\/\/www.europesays.com\/es\/179872\/"},"modified":"2025-10-16T04:48:08","modified_gmt":"2025-10-16T04:48:08","slug":"el-dia-que-juan-del-val-se-acerco-a-san-sebastian-a-firmar-libros-y-a-cerrar-una-polemica","status":"publish","type":"post","link":"https:\/\/www.europesays.com\/es\/179872\/","title":{"rendered":"El d\u00eda que Juan del Val se acerc\u00f3 a San Sebasti\u00e1n a firmar libros&#8230; y a cerrar una pol\u00e9mica"},"content":{"rendered":"<p><img fetchpriority=\"high\" class=\"v-a-img\" src=\"https:\/\/www.europesays.com\/es\/wp-content\/uploads\/2025\/10\/juan-del-val-kApD-U2303389450846GDB-1200x840@Diario Vasco.jpg\" loading=\"eager\" decoding=\"async\" alt=\"Juan del Val, en San Sebasti\u00e1n posando con Andoni Azurmendi en la librer\u00eda Donosti.\"  width=\"1200\" height=\"840\"\/><\/p>\n<p>Juan del Val, en San Sebasti\u00e1n posando con Andoni Azurmendi en la librer\u00eda Donosti.                  <\/p>\n<p>El escritor, nuevo Premio Planeta, critic\u00f3 el deporte del b\u00e1dminton en televisi\u00f3n, lo que llev\u00f3 al due\u00f1o de la librer\u00eda Donosti, presidente de la Federaci\u00f3n Espa\u00f1ola, a pedirle explicaciones con un mensaje cargado de humor<\/p>\n<p class=\"v-mdl-ath__p v-mdl-ath__p--6\">\nJueves, 16 de octubre 2025, 06:33<\/p>\n<p class=\"v-p\">Juan del Val sigue dando que hablar. Y es que el escritor madrile\u00f1o, actualmente colaborador de El Hormiguero, se ha hecho este mi\u00e9rcoles con el <a href=\"https:\/\/www.diariovasco.com\/culturas\/jose-conquista-premio-planeta-2025-20251015161206-ntrc.html\" title=\"www.diariovasco.com\" data-voc-vtm-id=\"in-text-traffic\" data-mrf-link=\"www.diariovasco.com\" rel=\"nofollow noopener\" target=\"_blank\">Premio Planeta 2025<\/a>, preciado galard\u00f3n que le ha permitido embolsarse un mill\u00f3n de euros. Lo ha hecho con la novela &#8216;Vera, una historia de amor&#8217;, que ha recibido el reconocimiento del jurado por delante de &#8216;Cuando el viento hable&#8217;, de \u00c1ngela Banzas. Eso s\u00ed, hace dos a\u00f1os el propio Juan del Val tambi\u00e9n dio mucho que hablar porque se vio inmerso en una <a href=\"https:\/\/www.diariovasco.com\/culturas\/libros\/juan-val-paces-badminton-san-sebastian-20231106065242-nt.html\" title=\"www.diariovasco.com\" data-voc-vtm-id=\"in-text-traffic\" data-mrf-link=\"www.diariovasco.com\" rel=\"nofollow noopener\" target=\"_blank\">peque\u00f1a pol\u00e9mica que le oblig\u00f3 a acercarse a San Sebasti\u00e1n<\/a>.<\/p>\n<p class=\"v-p\">Todo comenz\u00f3 cuando el marido de Nuria Roca no dud\u00f3 en criticar el deporte del b\u00e1dminton en el cierre de la temporada televisiva de El Hormiguero de 2023. En el mismo, el guionista no se cort\u00f3 y en tono de humor no dud\u00f3 en desmerecer el m\u00e9rito de esta actividad. \u00abEs un deporte prescindible. Una disciplina muy frustrante porque le das con todas tus fuerzas y la pluma va muy despacio\u00bb, afirm\u00f3 aquel d\u00eda el escritor, en pleno directo. Pero sus comentarios no quedaron ah\u00ed y sentenci\u00f3: \u00abUn deporte que tiene una pluma para jugar&#8230; lamentable. El b\u00e1dminton es el tenis de los torpes. Lo lamento por la Federaci\u00f3n Espa\u00f1ola de B\u00e1dminton\u00bb, asegur\u00f3 ante las risas del p\u00fablico de de los contertulios del programa de Antena 3.<\/p>\n<p class=\"v-p\">Las palabras no sentaron bien en el seno del m\u00e1ximo \u00f3rgano de este deporte ol\u00edmpico. Tanto es as\u00ed que el donostiarra Andoni Azurmendi, due\u00f1o de la librer\u00eda Donosti, tom\u00f3 cartas en el asunto y no dud\u00f3 en contactar con el propio Juan del Val en calidad de presidente de la Federaci\u00f3n Espa\u00f1ola de B\u00e1dminton. As\u00ed, consigui\u00f3 el n\u00famero del colaborador de El Hormiguero y le envi\u00f3 un mensaje por WhatsApp cargado de sentido humor. En el mismo lleg\u00f3 a incluir alguno de los t\u00edtulos de los libros del escritor.<\/p>\n<p class=\"v-p\">El mensaje gust\u00f3 mucho a Juan del Val, quien r\u00e1pidamente se interes\u00f3 por la actividad desarrollada en la librer\u00eda Donosti y por el rodaje de la pel\u00edcula de Woody Allen que iba a tener lugar all\u00ed mismo. \u00abTengo que ir a firmar mi pr\u00f3xima novela a San Sebasti\u00e1n. Si quieres le digo en la editorial Espasa que firmo en tu librer\u00eda\u00bb, fue el mensaje que el escritor envi\u00f3 a Andoni Azurmendi en el mes de julio.<\/p>\n<p class=\"v-p\">La visita del colaborador de El Hormiguero a San Sebasti\u00e1n fue fugaz y estuvo en peligro. \u00abLe cancelaron el vuelo a Hondarribia y pens\u00e1bamos que ya no vendr\u00eda. A los pocos minutos nos llam\u00f3 y nos dijo que ven\u00eda en coche desde Madrid. Juan del Val lleg\u00f3 a la cita y estuvo m\u00e1s de hora y media firmando libros y fue s\u00faper amable y educado con todo el mundo. Mucha gente hizo cola bajo la lluvia\u00bb, explic\u00f3 Andoni Azurmendi. El marido de Nuria Roca qued\u00f3 prendado por la belleza del interior del local y as\u00ed lo constat\u00f3 en redes sociales: \u00abNo me extra\u00f1a que Woody Allen eligiese este espacio para rodar\u00bb. Al finalizar el encuentro Juan del Val y Andoni Azurmendi sellaron la paz posando para una fotograf\u00eda con unas raquetas de b\u00e1dminton y volantes.<\/p>\n<p>Reporta un error<\/p>\n","protected":false},"excerpt":{"rendered":"Juan del Val, en San Sebasti\u00e1n posando con Andoni Azurmendi en la librer\u00eda Donosti. El escritor, nuevo Premio&hellip;\n","protected":false},"author":2,"featured_media":179873,"comment_status":"","ping_status":"","sticky":false,"template":"","format":"standard","meta":{"footnotes":""},"categories":[172],"tags":[51181,224,5417,978,146,147,25,24,7706,409,225,1526,2228,11678,23,32693],"class_list":{"0":"post-179872","1":"post","2":"type-post","3":"status-publish","4":"format-standard","5":"has-post-thumbnail","7":"category-libros","8":"tag-acerco","9":"tag-books","10":"tag-cerrar","11":"tag-dia","12":"tag-entertainment","13":"tag-entretenimiento","14":"tag-es","15":"tag-espana","16":"tag-firmar","17":"tag-juan","18":"tag-libros","19":"tag-polemica","20":"tag-san","21":"tag-sebastian","22":"tag-spain","23":"tag-val"},"share_on_mastodon":{"url":"","error":""},"_links":{"self":[{"href":"https:\/\/www.europesays.com\/es\/wp-json\/wp\/v2\/posts\/179872","targetHints":{"allow":["GET"]}}],"collection":[{"href":"https:\/\/www.europesays.com\/es\/wp-json\/wp\/v2\/posts"}],"about":[{"href":"https:\/\/www.europesays.com\/es\/wp-json\/wp\/v2\/types\/post"}],"author":[{"embeddable":true,"href":"https:\/\/www.europesays.com\/es\/wp-json\/wp\/v2\/users\/2"}],"replies":[{"embeddable":true,"href":"https:\/\/www.europesays.com\/es\/wp-json\/wp\/v2\/comments?post=179872"}],"version-history":[{"count":0,"href":"https:\/\/www.europesays.com\/es\/wp-json\/wp\/v2\/posts\/179872\/revisions"}],"wp:featuredmedia":[{"embeddable":true,"href":"https:\/\/www.europesays.com\/es\/wp-json\/wp\/v2\/media\/179873"}],"wp:attachment":[{"href":"https:\/\/www.europesays.com\/es\/wp-json\/wp\/v2\/media?parent=179872"}],"wp:term":[{"taxonomy":"category","embeddable":true,"href":"https:\/\/www.europesays.com\/es\/wp-json\/wp\/v2\/categories?post=179872"},{"taxonomy":"post_tag","embeddable":true,"href":"https:\/\/www.europesays.com\/es\/wp-json\/wp\/v2\/tags?post=179872"}],"curies":[{"name":"wp","href":"https:\/\/api.w.org\/{rel}","templated":true}]}}