{"id":179884,"date":"2025-10-16T04:57:09","date_gmt":"2025-10-16T04:57:09","guid":{"rendered":"https:\/\/www.europesays.com\/es\/179884\/"},"modified":"2025-10-16T04:57:09","modified_gmt":"2025-10-16T04:57:09","slug":"el-gobierno-de-noboa-despliega-5-000-militares-mas-para-reprimir-las-protestas-en-ecuador","status":"publish","type":"post","link":"https:\/\/www.europesays.com\/es\/179884\/","title":{"rendered":"El Gobierno de Noboa despliega 5.000 militares m\u00e1s para reprimir las protestas en Ecuador"},"content":{"rendered":"<p class=\"\">Cuando ya han pasado 23 d\u00edas desde el comienzo del paro nacional contra el Gobierno en Ecuador, Otavalo -la ciudad andina que simboliza la resistencia ind\u00edgena ecuatoriana- vivi\u00f3 este martes su jornada m\u00e1s violenta. La Confederaci\u00f3n de Nacionalidades Ind\u00edgenas (Conaie) denunci\u00f3 que militares dispararon munici\u00f3n real contra los manifestantes. \u201c<a href=\"https:\/\/elpais.com\/america\/2025-10-08\/el-ataque-al-convoy-de-daniel-noboa-evidencia-el-coctel-de-descontento-y-violencia-que-atraviesa-las-zonas-rurales-de-ecuador.html\" target=\"_blank\" rel=\"nofollow noopener\" title=\"https:\/\/elpais.com\/america\/2025-10-08\/el-ataque-al-convoy-de-daniel-noboa-evidencia-el-coctel-de-descontento-y-violencia-que-atraviesa-las-zonas-rurales-de-ecuador.html\">El Gobierno de Daniel Noboa<\/a> ha convertido nuestras comunidades en zonas de guerra\u201d, sostiene un comunicado del movimiento ind\u00edgena. La denuncia asegura que fuerzas conjuntas de la Polic\u00eda y del Ej\u00e9rcito irrumpieron en barrios y comunidades, lanzando bombas lacrim\u00f3genas y granadas aturdidoras dentro de las casas, incluso contra mujeres, ni\u00f1os y ancianos. El Ejecutivo defiende la actuaci\u00f3n de las fuerzas del orden y ha anunciado el despliegue de 5.000 militares adicionales para despejar las carreteras bloqueadas. <\/p>\n<p class=\"\">Seg\u00fan el balance oficial, hay al menos 43 detenidos y seis uniformados heridos. Las organizaciones ind\u00edgenas, en cambio, hablan de m\u00e1s de 50 heridos, varios de ellos en estado cr\u00edtico, y acusan a la fuerza p\u00fablica de impedir el acceso a hospitales. El Ministerio de Salud no ha ofrecido ninguna declaraci\u00f3n.<\/p>\n<p class=\"\">La represi\u00f3n comenz\u00f3 en la madrugada, cuando cientos de comuneros bajaron desde las zonas altas de Imbabura para reforzar el bloqueo en la carretera Panamericana, una arteria clave del pa\u00eds. El motivo: la inminente llegada de un convoy militar que el Gobierno describi\u00f3 como \u201chumanitario\u201d para transportar alimentos a regiones desabastecidas. Las Fuerzas Armadas aseguraron que el operativo contaba con el acompa\u00f1amiento de organismos neutrales como la Cruz Roja. La organizaci\u00f3n lo desminti\u00f3. La Conaie exige precisamente que sea la Cruz Roja la que coordine un eventual corredor humanitario, sin presencia armada.<\/p>\n<p><img decoding=\"auto\" class=\"_re lazyload a_m-h\" height=\"276\"  width=\"414\"  src=\"https:\/\/www.europesays.com\/es\/wp-content\/uploads\/2025\/10\/UYWCJLTAXJJDDELIOO27UJT6MI.jpg\" loading=\"lazy\"\/>Polic\u00eda enfrenta a manifestantes en Quito (Ecuador), el 12 de octubre.JOS\u00c9 J\u00c1COME (EFE)<\/p>\n<p class=\"\">La respuesta de la fuerza p\u00fablica fue la de siempre desde que estall\u00f3 el paro nacional: gases lacrim\u00f3genos, disparos al aire y golpes a quienes alzaban palos y piedras en las calles. El enfrentamiento dur\u00f3 ocho horas. Organismos de derechos humanos denuncian el uso desmedido de la fuerza por parte de polic\u00edas y militares, que no han hecho distinci\u00f3n ni siquiera con los periodistas. El lunes, un reportero de un medio comunitario recibi\u00f3 un disparo mientras cubr\u00eda la protesta. El domingo, durante otra manifestaci\u00f3n en Quito, un asistente de c\u00e1mara denunci\u00f3 que un polic\u00eda le fractur\u00f3 dos dedos de la mano derecha. Seg\u00fan la fundaci\u00f3n Periodistas Sin Cadenas, 55 informadores han sido agredidos en las primeras cuatro semanas de movilizaci\u00f3n. A pesar de las denuncias, el ministro del Interior, Jhon Reimberg, no ve ning\u00fan exceso. \u201cQue un periodista diga que lo es y cargue un chaleco que diga prensa no lo exime de una revisi\u00f3n\u201d, declar\u00f3 en una entrevista televisiva.<\/p>\n<p class=\"\">Este martes marc\u00f3 un punto de inflexi\u00f3n en la crisis social que golpea a Ecuador. El presidente Noboa se niega a <a href=\"https:\/\/elpais.com\/america\/2025-09-16\/noboa-decreta-el-estado-de-excepcion-en-seis-regiones-de-ecuador-tras-cortar-el-subsidio-al-diesel.html\" target=\"_blank\" rel=\"nofollow noopener\" title=\"https:\/\/elpais.com\/america\/2025-09-16\/noboa-decreta-el-estado-de-excepcion-en-seis-regiones-de-ecuador-tras-cortar-el-subsidio-al-diesel.html\">retroceder en la medida que desat\u00f3 el estallido:<\/a> la eliminaci\u00f3n del subsidio al di\u00e9sel, anunciada por sorpresa el pasado 13 de septiembre. El conflicto, sin embargo, ha crecido en demandas. Las organizaciones sociales suman a su pliego la alarmante inseguridad -m\u00e1s de 6.000 homicidios entre enero y agosto- y el rechazo a las concesiones mineras y petroleras <\/p>\n","protected":false},"excerpt":{"rendered":"Cuando ya han pasado 23 d\u00edas desde el comienzo del paro nacional contra el Gobierno en Ecuador, Otavalo&hellip;\n","protected":false},"author":2,"featured_media":179885,"comment_status":"","ping_status":"","sticky":false,"template":"","format":"standard","meta":{"footnotes":""},"categories":[42],"tags":[889,17,18,7336,2622,13,14,11,13937,61,62,63,64,19,20,1804,9,10,15,16,18264,2573,12,21,22,65,66,67],"class_list":{"0":"post-179884","1":"post","2":"type-post","3":"status-publish","4":"format-standard","5":"has-post-thumbnail","7":"category-internacional","8":"tag-america","9":"tag-breaking-news","10":"tag-breakingnews","11":"tag-daniel-noboa","12":"tag-ecuador","13":"tag-featured-news","14":"tag-featurednews","15":"tag-headlines","16":"tag-indigenas","17":"tag-internacional","18":"tag-international","19":"tag-international-news","20":"tag-internationalnews","21":"tag-latest-news","22":"tag-latestnews","23":"tag-latinoamerica","24":"tag-news","25":"tag-noticias","26":"tag-noticias-destacadas","27":"tag-noticiasdestacadas","28":"tag-protestas-sociales","29":"tag-sudamerica","30":"tag-titulares","31":"tag-ultimas-noticias","32":"tag-ultimasnoticias","33":"tag-world","34":"tag-world-news","35":"tag-worldnews"},"share_on_mastodon":{"url":"","error":""},"_links":{"self":[{"href":"https:\/\/www.europesays.com\/es\/wp-json\/wp\/v2\/posts\/179884","targetHints":{"allow":["GET"]}}],"collection":[{"href":"https:\/\/www.europesays.com\/es\/wp-json\/wp\/v2\/posts"}],"about":[{"href":"https:\/\/www.europesays.com\/es\/wp-json\/wp\/v2\/types\/post"}],"author":[{"embeddable":true,"href":"https:\/\/www.europesays.com\/es\/wp-json\/wp\/v2\/users\/2"}],"replies":[{"embeddable":true,"href":"https:\/\/www.europesays.com\/es\/wp-json\/wp\/v2\/comments?post=179884"}],"version-history":[{"count":0,"href":"https:\/\/www.europesays.com\/es\/wp-json\/wp\/v2\/posts\/179884\/revisions"}],"wp:featuredmedia":[{"embeddable":true,"href":"https:\/\/www.europesays.com\/es\/wp-json\/wp\/v2\/media\/179885"}],"wp:attachment":[{"href":"https:\/\/www.europesays.com\/es\/wp-json\/wp\/v2\/media?parent=179884"}],"wp:term":[{"taxonomy":"category","embeddable":true,"href":"https:\/\/www.europesays.com\/es\/wp-json\/wp\/v2\/categories?post=179884"},{"taxonomy":"post_tag","embeddable":true,"href":"https:\/\/www.europesays.com\/es\/wp-json\/wp\/v2\/tags?post=179884"}],"curies":[{"name":"wp","href":"https:\/\/api.w.org\/{rel}","templated":true}]}}