{"id":179904,"date":"2025-10-16T05:13:08","date_gmt":"2025-10-16T05:13:08","guid":{"rendered":"https:\/\/www.europesays.com\/es\/179904\/"},"modified":"2025-10-16T05:13:08","modified_gmt":"2025-10-16T05:13:08","slug":"adios-a-la-mtv-el-canal-que-puso-imagen-a-la-musica-de-varias-generaciones","status":"publish","type":"post","link":"https:\/\/www.europesays.com\/es\/179904\/","title":{"rendered":"Adi\u00f3s a la MTV, el canal que puso imagen a la m\u00fasica de varias generaciones"},"content":{"rendered":"<p style=\"\">Si los Buggles clavaron el zeitgeist del mundo del espect\u00e1culo en su \u00e9poca con aquello de <strong>\u00abvideo killed the radio star\u00bb<\/strong> (el v\u00eddeo mat\u00f3 a la estrella de la radio), ahora habr\u00eda que cantar \u00abel streaming mat\u00f3 a la estrella de la tele\u00bb.  &#8230; Porque la <a href=\"https:\/\/www.abc.es\/noticias\/mtv-video-music-awards\/\" target=\"_blank\" data-voc-vtm-id=\"in-text-traffic\" title=\"MTV\" data-mrf-link=\"www.abc.es\" rel=\"nofollow noopener\">MTV<\/a>, el canal de televisi\u00f3n nacido en 1984 con la audaz pretensi\u00f3n de modernizar la industria pop, se ha quedado vieja.<\/p>\n<p class=\"voc-p\" style=\"\">Despu\u00e9s de treinta y ocho a\u00f1os de emisiones, el pr\u00f3ximo 31 de diciembre la MTV se apaga en Europa y ya s\u00f3lo podr\u00e1 verse en Estados Unidos (aunque algunos expertos opinan que no por mucho tiempo). As\u00ed lo han decidido los directivos de la compa\u00f1\u00eda propietaria, Paramount Global, que despu\u00e9s de fusionarse con Skydance Media y hacer cuentas han planteado un <strong>recorte de 500 millones de d\u00f3lares<\/strong> con reestructuraci\u00f3n de plantilla en todo el mundo, que obliga a reducir costes empezando por aquello que ya no puede competir con la oferta en streaming: los videoclips televisados.<\/p>\n<p class=\"voc-p\" style=\"\">Ni siquiera su firme apuesta por los reality shows y otros formatos ajenos a la m\u00fasica ha salvado a la emisora de los n\u00fameros rojos. Los canales <strong>&#8216;MTV Music&#8217;, &#8216;MTV 80s&#8217;, &#8216;MTV 90s&#8217;, &#8216;Club MTV&#8217; y &#8216;MTV Live&#8217;<\/strong> se apagar\u00e1n primero en el Reino Unido e Irlanda, antes de hacerlo en Francia, Espa\u00f1a (donde a\u00fan est\u00e1n disponibles en Movistar Plus+ y Orange TV, despu\u00e9s de abandonar Vodafone en agosto), Alemania, Austria, Polonia y Hungr\u00eda, adem\u00e1s de Australia y Brasil, poniendo fin as\u00ed a un recorrido que forma parte de la historia cultural del pop por derecho propio.<\/p>\n<p class=\"voc-p\" style=\"\">Desde que se inaugur\u00f3 en 1981, precisamente con el videoclip de &#8216;Video killed the radio star&#8217; de The Buggles, la Music Television acumula docenas de hitos, como el estreno del v\u00eddeo <a href=\"https:\/\/www.abc.es\/cultura\/musica\/abci-cosas-quiza-no-sepas-thriller-videoclip-mas-popular-michael-jackson-cumple-37-anos-202012020110_noticia.html\" target=\"_blank\" data-voc-vtm-id=\"in-text-traffic\" title=\"&#039;Thriller&#039; de Michael Jackson\" data-mrf-link=\"www.abc.es\" rel=\"nofollow noopener\">&#8216;Thriller&#8217; de Michael Jackson<\/a> en diciembre de 1983; la rompedora reivindicaci\u00f3n de los artistas negros por parte de David Bowie en MTV News; el reality pionero &#8216;The Real World&#8217; a principios de los 90; la irrupci\u00f3n de Nirvana y del &#8216;underground&#8217; en el &#8216;mainstream&#8217; con la emisi\u00f3n constante del videoclip de &#8216;Smells Like Teen Spirit&#8217;; la eclosi\u00f3n medi\u00e1tica del metal gracias al &#8216;Headbangers Ball&#8217; de Vanessa Warwick; las entrevistas desquiciadas de Courtney Love; los mil y un incidentes durante las entregas de los premios de la cadena&#8230;<\/p>\n<p class=\"voc-p\" style=\"\">Precisamente <strong>las ceremonias de los MTV Video Music Awards<\/strong> (MTV VMAs) y los MTV European Music Awards (MTV EMAs) ser\u00e1n de lo poco que quedar\u00e1 de la marca MTV, que continuar\u00e1 a trav\u00e9s de plataformas digitales pero, el \u00faltimo d\u00eda de este a\u00f1o, dejar\u00e1 de existir como la televisi\u00f3n musical que marc\u00f3 a varias generaciones.<\/p>\n<p class=\"voc-p\" style=\"\">Y es que en la MTV tambi\u00e9n han cabido cosas menos fr\u00edvolas. Cuando el 9 de noviembre de 1989 cay\u00f3 el Muro de Berl\u00edn MTV News estuvo all\u00ed para capturar la emoci\u00f3n de la gente. En varios de sus programas se habl\u00f3 de la homosexualidad y el SIDA cuando a\u00fan era tab\u00fa en el resto de la franja televisiva. Y en 1992, el canal lanz\u00f3 su campa\u00f1a &#8216;Choose or Lose&#8217; (Elige o pierde), un intento por despertar el inter\u00e9s de los j\u00f3venes por votar, en el que MTV News cubri\u00f3 las campa\u00f1as presidenciales tanto del candidato republicano George H. W. Bush como del candidato dem\u00f3crata Bill Clinton.<\/p>\n","protected":false},"excerpt":{"rendered":"Si los Buggles clavaron el zeitgeist del mundo del espect\u00e1culo en su \u00e9poca con aquello de \u00abvideo killed&hellip;\n","protected":false},"author":2,"featured_media":179905,"comment_status":"","ping_status":"","sticky":false,"template":"","format":"standard","meta":{"footnotes":""},"categories":[171],"tags":[6831,4632,146,147,25,24,8596,9465,23496,185,23,214,11304,809],"class_list":{"0":"post-179904","1":"post","2":"type-post","3":"status-publish","4":"format-standard","5":"has-post-thumbnail","7":"category-tv","8":"tag-adios","9":"tag-canal","10":"tag-entertainment","11":"tag-entretenimiento","12":"tag-es","13":"tag-espana","14":"tag-generaciones","15":"tag-hizo","16":"tag-mtv","17":"tag-musica","18":"tag-spain","19":"tag-tv","20":"tag-varias","21":"tag-ver"},"share_on_mastodon":{"url":"","error":""},"_links":{"self":[{"href":"https:\/\/www.europesays.com\/es\/wp-json\/wp\/v2\/posts\/179904","targetHints":{"allow":["GET"]}}],"collection":[{"href":"https:\/\/www.europesays.com\/es\/wp-json\/wp\/v2\/posts"}],"about":[{"href":"https:\/\/www.europesays.com\/es\/wp-json\/wp\/v2\/types\/post"}],"author":[{"embeddable":true,"href":"https:\/\/www.europesays.com\/es\/wp-json\/wp\/v2\/users\/2"}],"replies":[{"embeddable":true,"href":"https:\/\/www.europesays.com\/es\/wp-json\/wp\/v2\/comments?post=179904"}],"version-history":[{"count":0,"href":"https:\/\/www.europesays.com\/es\/wp-json\/wp\/v2\/posts\/179904\/revisions"}],"wp:featuredmedia":[{"embeddable":true,"href":"https:\/\/www.europesays.com\/es\/wp-json\/wp\/v2\/media\/179905"}],"wp:attachment":[{"href":"https:\/\/www.europesays.com\/es\/wp-json\/wp\/v2\/media?parent=179904"}],"wp:term":[{"taxonomy":"category","embeddable":true,"href":"https:\/\/www.europesays.com\/es\/wp-json\/wp\/v2\/categories?post=179904"},{"taxonomy":"post_tag","embeddable":true,"href":"https:\/\/www.europesays.com\/es\/wp-json\/wp\/v2\/tags?post=179904"}],"curies":[{"name":"wp","href":"https:\/\/api.w.org\/{rel}","templated":true}]}}