{"id":179921,"date":"2025-10-16T05:24:10","date_gmt":"2025-10-16T05:24:10","guid":{"rendered":"https:\/\/www.europesays.com\/es\/179921\/"},"modified":"2025-10-16T05:24:10","modified_gmt":"2025-10-16T05:24:10","slug":"giannini-esta-listo-y-felipe-trabaja-con-normalidad","status":"publish","type":"post","link":"https:\/\/www.europesays.com\/es\/179921\/","title":{"rendered":"Giannini est\u00e1 listo y Felipe trabaja con normalidad"},"content":{"rendered":"<p class=\"ft-text\">El <a class=\"ft-link ft-link--decoration\" href=\"https:\/\/www.laopiniondezamora.es\/deportes\/balonmano-zamora\/\" target=\"_blank\" rel=\"nofollow noopener\"><strong>BM Caja Rural de Zamora<\/strong><\/a> regres\u00f3 el pasado martes a los entrenamientos pendiente del estado de su lateral <strong>Felipe Ferreira<\/strong>. El brasile\u00f1o, que se hizo da\u00f1o en una acci\u00f3n del <a class=\"ft-link ft-link--decoration\" href=\"https:\/\/www.laopiniondezamora.es\/deportes\/2025\/10\/11\/bm-zamora-recupera-confianza-goleando-122525549.html\" target=\"_blank\" rel=\"nofollow noopener\">encuentro disputado en el \u00c1ngel Nieto frente al ULE Ademar de Le\u00f3n<\/a>, pintaba que pod\u00eda regresar a la enfermer\u00eda \u00abpistacho\u00bb. Sin embargo, los \u00abGuerreros de Viriato\u00bb podr\u00e1n contar con el brasile\u00f1o de cara al pr\u00f3ximo compromiso liguero en Primera Nacional.<\/p>\n<p>El brasile\u00f1o, del \u00absusto\u00bb a entrenar con normalidad<\/p>\n<p class=\"ft-text\">Felipe sufri\u00f3 un duro rev\u00e9s el pasado s\u00e1bado en forma de dolencia. El carioca tuvo que retirarse de la pista y no volvi\u00f3 al juego tras una acci\u00f3n que parec\u00eda haber da\u00f1ado uno de sus tobillos. Un lance que preocupaba en el seno pistacho, m\u00e1s a\u00fan cuando se pudo comprobar que la verdadera causa del problema estaba en la rodilla. Eso s\u00ed, la que contraria a la que se oper\u00f3 el jugador el pasado curso cuando se lesion\u00f3 en noviembre de 2024.<\/p>\n<p class=\"ft-text\">Sin embargo, tras las pruebas pertinentes, el jugador regres\u00f3 a los entrenamientos con el BM Caja Rural de Zamora el pasado martes, recuper\u00e1ndose r\u00e1pidamente y entrenando en el d\u00eda de ayer sin ning\u00fan tipo de problema con el resto de sus compa\u00f1eros.<\/p>\n<p>Gigi tambi\u00e9n se ejercita con el grupo<\/p>\n<p class=\"ft-text\">La vuelta al trabajo de Felipe no ha sido la \u00fanica que ha celebrado el BM Caja Rural Zamora en los \u00faltimos d\u00edas ya que su compatriota, el tambi\u00e9n brasile\u00f1o <strong>Gabriel Giannini<\/strong>, se encuentra ya entrenando con normalidad bajo las \u00f3rdenes de <strong>F\u00e9lix Moj\u00f3n<\/strong>. Una incorporaci\u00f3n al grupo que deja la enfermer\u00eda pistacho vac\u00eda (salvo por ligeras molestias) por primera vez desde que arranc\u00f3 la temporada.<\/p>\n<p><img decoding=\"async\" src=\"https:\/\/www.europesays.com\/es\/wp-content\/uploads\/2025\/10\/78e39f0d-9494-470d-9011-baccd7903203_alta-libre-aspect-ratio_default_0_x903y601.jpg\" width=\"1200\" height=\"1598\" alt=\"Gabriel &quot;Gigi&quot; Giannini\" class=\"ft-helper-img-rd\" loading=\"lazy\" hasdataaida=\"true\"\/><\/p>\n<p class=\"ft-helper-fontColor-quaternary ft-helper-fontSize-body-S ft-helper-spacer-t-xxs\">Gabriel \u00abGigi\u00bb Giannini  \/ Jos\u00e9 Luis Fern\u00e1ndez<\/p>\n<p class=\"ft-text\">Gigi, que desafortunadamente pis\u00f3 un bal\u00f3n en el <a class=\"ft-link ft-link--decoration\" href=\"https:\/\/www.laopiniondezamora.es\/deportes\/2025\/09\/20\/bm-zamora-caja-rural-vuelve-121790003.html\" target=\"_blank\" rel=\"nofollow noopener\">primer choque en casa ante Astander Astillero<\/a>, recibi\u00f3 el alta m\u00e9dica de su lesi\u00f3n en el tobillo el pasado viernes, no entrando en convocatoria en el \u00faltimo encuentro por precauci\u00f3n ante su falta de ritmo.<\/p>\n<p class=\"ft-text\">El central, que se ha perdido tres jornadas de competici\u00f3n, se afana ahora por recuperar el estado de forma y ganarse un puesto en unos \u00abGuerreros de Viriato\u00bb que ya est\u00e1n al completo.<\/p>\n<p>Pr\u00f3ximo rival, el \u00abfarolillo rojo\u00bb<\/p>\n<p class=\"ft-text\">As\u00ed pues, el BM Caja Rural Zamora prepara con todos sus efectivos su siguiente encuentro. Choque que le llevar\u00e1 hasta tierras c\u00e1ntabras para medirse a un <strong>BM Camargo<\/strong> que ha arrancado la liga con muy malas sensaciones.<\/p>\n<p class=\"ft-text\">Los norte\u00f1os son \u00faltimos en la <a class=\"ft-link ft-link--decoration\" href=\"https:\/\/resultadosbalonmano.isquad.es\/clasificacion.php?seleccion=0&amp;id=1031242&amp;id_ambito=1&amp;id_territorial=9999&amp;id_superficie=1&amp;iframe=0&amp;id_categoria=2526&amp;id_competicion=209266\" target=\"_blank\" rel=\"nofollow noopener\">clasificaci\u00f3n<\/a>, siendo el \u00fanico equipo que todav\u00eda no ha podido puntuar del Grupo B tras la disputa de cinco jornadas.<\/p>\n","protected":false},"excerpt":{"rendered":"El BM Caja Rural de Zamora regres\u00f3 el pasado martes a los entrenamientos pendiente del estado de su&hellip;\n","protected":false},"author":2,"featured_media":179922,"comment_status":"","ping_status":"","sticky":false,"template":"","format":"standard","meta":{"footnotes":""},"categories":[278],"tags":[376,8224,2434,168,5401,25,24,10642,16379,51187,375,1417,23,167,48438],"class_list":{"0":"post-179921","1":"post","2":"type-post","3":"status-publish","4":"format-standard","5":"has-post-thumbnail","7":"category-balonmano","8":"tag-balonmano","9":"tag-balonmano-zamora","10":"tag-caja-rural-de-zamora","11":"tag-deportes","12":"tag-enfermeria","13":"tag-es","14":"tag-espana","15":"tag-felipe","16":"tag-felix-mojon","17":"tag-giannini","18":"tag-handball","19":"tag-primera-nacional","20":"tag-spain","21":"tag-sports","22":"tag-vacia"},"share_on_mastodon":{"url":"","error":""},"_links":{"self":[{"href":"https:\/\/www.europesays.com\/es\/wp-json\/wp\/v2\/posts\/179921","targetHints":{"allow":["GET"]}}],"collection":[{"href":"https:\/\/www.europesays.com\/es\/wp-json\/wp\/v2\/posts"}],"about":[{"href":"https:\/\/www.europesays.com\/es\/wp-json\/wp\/v2\/types\/post"}],"author":[{"embeddable":true,"href":"https:\/\/www.europesays.com\/es\/wp-json\/wp\/v2\/users\/2"}],"replies":[{"embeddable":true,"href":"https:\/\/www.europesays.com\/es\/wp-json\/wp\/v2\/comments?post=179921"}],"version-history":[{"count":0,"href":"https:\/\/www.europesays.com\/es\/wp-json\/wp\/v2\/posts\/179921\/revisions"}],"wp:featuredmedia":[{"embeddable":true,"href":"https:\/\/www.europesays.com\/es\/wp-json\/wp\/v2\/media\/179922"}],"wp:attachment":[{"href":"https:\/\/www.europesays.com\/es\/wp-json\/wp\/v2\/media?parent=179921"}],"wp:term":[{"taxonomy":"category","embeddable":true,"href":"https:\/\/www.europesays.com\/es\/wp-json\/wp\/v2\/categories?post=179921"},{"taxonomy":"post_tag","embeddable":true,"href":"https:\/\/www.europesays.com\/es\/wp-json\/wp\/v2\/tags?post=179921"}],"curies":[{"name":"wp","href":"https:\/\/api.w.org\/{rel}","templated":true}]}}