{"id":179953,"date":"2025-10-16T05:47:10","date_gmt":"2025-10-16T05:47:10","guid":{"rendered":"https:\/\/www.europesays.com\/es\/179953\/"},"modified":"2025-10-16T05:47:10","modified_gmt":"2025-10-16T05:47:10","slug":"esta-temporada-el-objetivo-no-es-otro-que-pelear-por-el-ascenso","status":"publish","type":"post","link":"https:\/\/www.europesays.com\/es\/179953\/","title":{"rendered":"\u00abEsta temporada el objetivo no es otro que pelear por el ascenso\u00bb"},"content":{"rendered":"<p>                                <strong>Entrevista &gt; Jacobo Balongo \/ Presidente del Club Balonmano Benidorm<\/strong><\/p>\n<p>\u00a0<\/p>\n<p>El descenso del Servigroup Benidorm a Divisi\u00f3n de Honor Plata ha marcado un antes y un despu\u00e9s en la trayectoria reciente del club. Tras una temporada marcada por lesiones, decisiones deportivas cuestionadas y un contexto econ\u00f3mico complejo, el presidente de la entidad reconoce sin tapujos que \u201cha habido m\u00e1s errores que aciertos\u201d.<\/p>\n<p>En una entrevista en la que repasa tanto lo deportivo como lo institucional, Jacobo Balongo habla de los factores que llevaron al equipo a perder la categor\u00eda, de la falta de medios y de la importancia del apoyo p\u00fablico y privado para garantizar la viabilidad del proyecto.<\/p>\n<p>El dirigente no elude temas delicados como la marcha del t\u00e9cnico Sergio Carballeira, la salida del gerente -a la que reconoce haber respondido con l\u00e1grimas- o la necesidad de rearmar el proyecto de la mano de Marko Krivokapic e Ivan Nikcevic.<\/p>\n<p>Tambi\u00e9n deja claro que, aunque restan dos a\u00f1os para el final de su mandato, no seguir\u00e1 en el cargo m\u00e1s all\u00e1 de ese plazo. En cuanto a lo deportivo, se muestra cauto con el nuevo equipo, mezcla de experiencia y juventud, y subraya que el objetivo debe ser luchar por el ascenso sin prometer nada.<\/p>\n<p><strong>\u00a0<\/strong><\/p>\n<p><strong>El descenso del primer equipo a Plata fue, sin duda, el gran titular que nos dej\u00f3 una temporada pasada que tambi\u00e9n fue convulsa en lo institucional. Centr\u00e1ndonos por ahora en lo deportivo y en las decisiones tomadas por la directiva, \u00bfhubo m\u00e1s errores que aciertos?<\/strong><\/p>\n<p>Esa pregunta se contesta r\u00e1pidamente: ha habido m\u00e1s errores que aciertos, pero eso no quita que el trabajo de esta junta directiva, de los trabajadores del club, de la gente que se dedica a la base y de los jugadores haya sido espectacular.<\/p>\n<p>Lo que pasa que el deporte es como la Coca-Cola: es espumoso. Si ganas, eres un \u00eddolo, y si pierdes, eres un \u2018matado\u2019. Dicho esto, hay una realidad que es evidente porque los datos est\u00e1n ah\u00ed. Hemos fracasado m\u00e1s que hemos acertado.<\/p>\n<p>\u00a0<\/p>\n<p><strong>En lo deportivo, y no se trata de ser ahora ventajista analizando decisiones que se tomaron en su d\u00eda y en sus circunstancias, se opt\u00f3 por una plantilla corta. As\u00ed, al menos, la calific\u00f3 el entrenador con el que se comenz\u00f3 la temporada, Sergio Carballeira. Luego, vino un rosario de lesiones. \u00bfPudo ser ese un factor clave en lo que pas\u00f3 despu\u00e9s?<\/strong><\/p>\n<p>No lo s\u00e9. Hay una parte emocional que estoy seguro que existe en las lesiones y en el comportamiento f\u00edsico de las personas. Eso tiene trascendencia. Tuvimos una preparaci\u00f3n f\u00edsica a trav\u00e9s de unos profesionales y tambi\u00e9n una plaga de lesiones. Los medios que ten\u00edamos que tener, los ten\u00edamos.<\/p>\n<p>Luego hay otras partes, en el d\u00eda a d\u00eda del equipo, que no se pueden manejar porque est\u00e1n en las cabezas de las personas. De repente te ves en la parte baja de la tabla, un d\u00eda tomas una decisi\u00f3n y otro d\u00eda, tomas la otra\u2026 eso genera estr\u00e9s y genera lesiones. Hemos tenido lesiones graves y lesiones del d\u00eda a d\u00eda que han supuesto una verdadera debacle.<\/p>\n<p>Tambi\u00e9n hemos tenido jugadores que se ficharon con la expectativa de conseguir darle un salto de importancia al equipo y no fue as\u00ed. Pero no fue as\u00ed no por culpa de ellos, sino porque, al final, todos somos personas y todos nos equivocamos. Tambi\u00e9n los jugadores.<\/p>\n<p>\u00a0<\/p>\n<p><strong>Dec\u00edas que ten\u00edais los medios para trabajar la preparaci\u00f3n f\u00edsica. Sin embargo, en ese apartado hubo bajas notables. Ahora s\u00ed, visto con la perspectiva actual, \u00bfmantienes que se cont\u00f3 con el personal suficiente para ello?<\/strong><\/p>\n<p>Pues tal vez no. Lo que ocurre es que las circunstancias econ\u00f3micas del club son las que son desde que nosotros lo cogimos en julio de 2023. Desde entonces, lo que hemos hecho es pagar pr\u00e9stamos, facturas, n\u00f3minas\u2026 y da para lo que da.<\/p>\n<p>A partir de ah\u00ed, claro que s\u00ed, hemos tenido un fisio que estaba a jornada completa, que es un excelente profesional y que se ha marchado, que es Rafa. Hemos tenido un m\u00e9dico que ha apoyado la jugada. Por supuesto, nos hacen falta m\u00e1s medios. Pero el problema es, \u00bfcon qu\u00e9 se pagan los medios?<\/p>\n<p>\u00a0<\/p>\n<blockquote>\n<p>\u00abHa habido m\u00e1s errores que aciertos, hemos fracasado m\u00e1s que acertado\u00bb<\/p>\n<\/blockquote>\n<p><strong>Esa realidad econ\u00f3mica deriva, evidentemente, del apoyo p\u00fablico y privado que el club sea capaz de generar. \u00bfQu\u00e9 an\u00e1lisis haces de ello?<\/strong><\/p>\n<p>La situaci\u00f3n institucional es maravillosa y sin ella no es posible. Ahora nos queda ver qu\u00e9 va a pasar con el club econ\u00f3micamente por parte del Ayuntamiento a partir del descenso a Plata.<\/p>\n<p>\u00a0<\/p>\n<p><strong>\u00bfY en cuanto a la parte privada?<\/strong><\/p>\n<p>En ese sentido, hay que destacar dos cosas. Primero, que Servigroup es un grupo empresarial maravilloso. Las personas que los dirigen son gente para quitarte el sombrero. Yo trato habitualmente con Natalia Caball\u00e9 y sentarte a hablar con ella en una mesa es maravilloso y estupendo. Adem\u00e1s, hay un grupo de empresas m\u00e1s peque\u00f1itas que siguen apoy\u00e1ndonos desde el punto de vista econ\u00f3mico.<\/p>\n<p>Claro que hace falta m\u00e1s apoyo. Aqu\u00ed hay gente que tiene mucho dinero y en lugar de dedicarlo a otras cosas, que por supuesto son leg\u00edtimas, porque su dinero; si nos dieran un apoyo, un m\u00ednimo apoyo, esto ser\u00eda de otra manera, claramente.<\/p>\n<p>No me tengo que olvidar tampoco de la Fundaci\u00f3n Trinidad Alfonso, que el a\u00f1o pasado nos apoy\u00f3 de manera importante. Este a\u00f1o nos va a seguir apoyando, un a\u00f1o m\u00e1s, y si ascendemos, entraremos otra vez dentro de lo que es el circuito de equipos con ayuda.<\/p>\n<p>\u00a0<\/p>\n<blockquote>\n<p>\u00abCreo que el deporte es gaseoso como la Coca-Cola: si ganas eres un \u00eddolo, si pierdes un matado\u00bb<\/p>\n<\/blockquote>\n<p><strong>La salida de Sergio Carballeira al principio de la segunda vuelta fue la m\u00e1s medi\u00e1tica; pero tambi\u00e9n se fue el gerente, una marcha que nunca se oficializ\u00f3, pero que imagino que fue muy sensible en el d\u00eda a d\u00eda de la entidad.<\/strong><\/p>\n<p>Esta pregunta que me haces es la m\u00e1s dolorosa que te voy a contestar. Prefiero decirte que hac\u00eda tiempo que no lloraba. Y por la salida del club de Jaime he llorado y me he planteado muchas veces si val\u00eda la pena esto.<\/p>\n<p>\u00a0<\/p>\n<p><strong>\u00bfTe dio alg\u00fan motivo?<\/strong><\/p>\n<p>Eso es privado.<\/p>\n<p>\u00a0<\/p>\n<blockquote>\n<p>\u00abLas circunstancias econ\u00f3micas marcan lo que podemos permitirnos\u00bb<\/p>\n<\/blockquote>\n<p><strong>\u00bfEntiendes que haya gente que piense, por el momento en el que se produjo, que fue abandonar un barco que se estaba hundiendo?<\/strong><\/p>\n<p>Jaime tiene todos mis respetos y jam\u00e1s nadie va a escuchar de m\u00ed ni una palabra mala de \u00e9l. Si la tuviera, que no la tengo, no la dir\u00eda. No le voy a cargar esa responsabilidad sobre su espalda, porque yo supongo que me escuchar\u00e1, pero si yo di un paso adelante para coger esto, entre otras cosas, era porque \u00e9l estaba a mi lado y al del resto de la directiva. De Jaime prefiero no hablar porque me produce mucho dolor.<\/p>\n<p>\u00a0<\/p>\n<p><strong>En esas mismas fechas, y junto a Marko Krivokapic, se apuesta por traer de vuelta a un exjugador como Ivan Nikcevic, en esta ocasi\u00f3n, como director deportivo. A \u00e9l se le encomienda montar el proyecto 2025-2026. En ese momento, \u00bfse le da la instrucci\u00f3n de construir un equipo para Asobal o ya para Plata?<\/strong><\/p>\n<p>Tanto el trabajo de Iv\u00e1n como el de Jos\u00e9 Sanch\u00eds \u2018Boti\u2019 se hac\u00eda para tener el equipo este a\u00f1o de nuevo en Asobal.<\/p>\n<p>\u00a0<\/p>\n<blockquote>\n<p>\u00abEl club no es nuestro y si alguien quiere dar un paso adelante perfecto. Esto es una cuesti\u00f3n democr\u00e1tica\u00bb<\/p>\n<\/blockquote>\n<p><strong>\u00bfCu\u00e1ndo se pincha el globo?<\/strong><\/p>\n<p>En la \u00faltima jornada. Cuando ganamos a Nava, pero los dem\u00e1s tambi\u00e9n ganaron y nos quedamos sin la permanencia. A partir de ah\u00ed se inici\u00f3 un proceso de cambio total. Ten\u00edamos fichado un portero croata, a cuatro jugadores, a un central dan\u00e9s que estaba en Cangas\u2026 lo que pasa es que se hab\u00eda puesto una cl\u00e1usula de descenso.<\/p>\n<p>\u00a0<\/p>\n<p><strong>Al certificarse ese descenso, que fue el cuarto entre todas las categor\u00edas en dos a\u00f1os de tu junta directiva, \u00bfno llegasteis en ning\u00fan momento a plantearos una dimisi\u00f3n en bloque o, al menos, poner vuestros cargos a disposici\u00f3n de los socios?<\/strong><\/p>\n<p>Va a haber una asamblea en breve, porque la tenemos que hacer. Estoy pendiente de cerrar una cuesti\u00f3n econ\u00f3mica y as\u00ed poder convocarla. El club no es nuestro y si alguien quiere dar un paso adelante, absolutamente adelante. Esto es una cuesti\u00f3n democr\u00e1tica. De hecho, creo que nosotros hemos democratizado el club, hemos hecho asambleas, hemos informado, hemos estado m\u00e1s abiertos al conocimiento de lo que es una instituci\u00f3n deportiva y si alguien quiere dar un paso, encantado.<\/p>\n<p>Ya te digo, y te lo digo en primicia, que cuando termine mi mandato no voy a seguir bajo ning\u00fan concepto.<\/p>\n<p>\u00a0<\/p>\n<blockquote>\n<p>\u00abPor la marcha de Jaime llor\u00e9, fue lo m\u00e1s doloroso que me ha tocado vivir en el club\u00bb<\/p>\n<\/blockquote>\n<p><strong>Te quedan dos a\u00f1os de mandato.<\/strong><\/p>\n<p>As\u00ed es. Bajo ning\u00fan concepto seguir\u00e1 m\u00e1s all\u00e1. Otra cosa bien distinta es que, por circunstancias, alguien quiera capitanear y liderar el club y yo estar\u00e9 encantado de hacerle una transici\u00f3n ordenada, de explicarle c\u00f3mo funciona el club, si es que no lo sabe ya.<\/p>\n<p>\u00a0<\/p>\n<p><strong>Centr\u00e9monos ya en la nueva temporada. \u00bfSe tiene el equipo que se ha querido o el equipo que se ha podido? <\/strong><\/p>\n<p>Es una mezcla de las dos cosas. Hay una mezcla de jugadores de peso que tienen categor\u00eda de Asobal y luego un grupo joven que tiene ganas de morder. Y eso es lo que nos hab\u00eda pedido el entrenador, lo que nos hab\u00edan dicho que era necesario para afrontar este reto. Gente con cuchillo entre los dientes, porque la Plata es una categor\u00eda muy dura desde el punto de vista f\u00edsico.<\/p>\n<p>\u00a0<\/p>\n<blockquote>\n<p>\u00abMarko Krivokapic es un acierto, una persona maravillosa con las ideas claras\u00bb<\/p>\n<\/blockquote>\n<p><strong>\u00bfEstuvo en alg\u00fan momento en duda la continuidad de Marko Krivokapic tras el descenso?<\/strong><\/p>\n<p>Habl\u00e1bamos de errores. Este chico es un acierto, es una gran persona. \u00bfSabes qu\u00e9 pasa? Que muchas veces nos olvidamos de que ante todo somos personas. Y a m\u00ed personalmente, hoy por hoy, me parece m\u00e1s importante una persona que un jugador, siendo el mismo ser. Marko es una persona maravillosa, es un acierto, un tipo disciplinado y que tiene las ideas claras. En definitiva, hemos acertado.<\/p>\n<p>\u00a0<\/p>\n<p><strong>Como corresponde a un reci\u00e9n descendido y por la plantilla que se ha armado, todo el mundo se\u00f1ala al Servigroup Benidorm como un claro favorito al ascenso. \u00bfEres optimista?<\/strong><\/p>\n<p>El a\u00f1o pasado hice pron\u00f3sticos, me equivoqu\u00e9 y no voy a dar ninguno ahora. Desde luego, el objetivo est\u00e1 en eso que has dicho, estar entre los cuatro primeros. Tenemos que tener suerte a nivel deportivo, a nivel de no tener lesiones, en el plano econ\u00f3mico\u2026 y trabajar en hacer esto mejor.<\/p>\n<p>                    <a href=\"https:\/\/aquimediosdecomunicacion.com\/wp-content\/uploads\/2025\/10\/BEN-Jacobo-Balongo_01.jpg\" rel=\"nofollow noopener\" target=\"_blank\"><img loading=\"lazy\" width=\"150\" height=\"150\" class=\"attachment-thumbnail size-thumbnail lazyload\" alt=\"\" aria-describedby=\"gallery_2-190962\" decoding=\"async\" src=\"https:\/\/www.europesays.com\/es\/wp-content\/uploads\/2025\/10\/BEN-Jacobo-Balongo_01-150x150.jpg\" data-  data-expand=\"700\"\/><\/a><\/p>\n<p>                    Marko Krivokapic seguir\u00e1 al frente del primer equipo.<\/p>\n<p>                    <a href=\"https:\/\/aquimediosdecomunicacion.com\/wp-content\/uploads\/2025\/10\/BEN-Jacobo-Balongo_03.jpg\" rel=\"nofollow noopener\" target=\"_blank\"><img loading=\"lazy\" width=\"150\" height=\"150\" class=\"attachment-thumbnail size-thumbnail lazyload\" alt=\"\" aria-describedby=\"gallery_2-190963\" decoding=\"async\" src=\"https:\/\/www.europesays.com\/es\/wp-content\/uploads\/2025\/10\/BEN-Jacobo-Balongo_03-150x150.jpg\" data-  data-expand=\"700\"\/><\/a><\/p>\n<p>                    Imagen del equipo tras el torneo del pasado verano.<\/p>\n<p>                    <a href=\"https:\/\/aquimediosdecomunicacion.com\/wp-content\/uploads\/2025\/10\/Ben-Jacobo-Balongo.jpg\" rel=\"nofollow noopener\" target=\"_blank\"><img loading=\"lazy\" width=\"150\" height=\"150\" class=\"attachment-thumbnail size-thumbnail lazyload\" alt=\"\" decoding=\"async\" src=\"https:\/\/www.europesays.com\/es\/wp-content\/uploads\/2025\/10\/Ben-Jacobo-Balongo-150x150.jpg\" data-  data-expand=\"700\"\/><\/a><br \/>\n                <br style=\"clear: both\"\/><\/p>\n","protected":false},"excerpt":{"rendered":"Entrevista &gt; Jacobo Balongo \/ Presidente del Club Balonmano Benidorm \u00a0 El descenso del Servigroup Benidorm a Divisi\u00f3n&hellip;\n","protected":false},"author":2,"featured_media":179954,"comment_status":"","ping_status":"","sticky":false,"template":"","format":"standard","meta":{"footnotes":""},"categories":[278],"tags":[376,168,25,24,375,23,167],"class_list":{"0":"post-179953","1":"post","2":"type-post","3":"status-publish","4":"format-standard","5":"has-post-thumbnail","7":"category-balonmano","8":"tag-balonmano","9":"tag-deportes","10":"tag-es","11":"tag-espana","12":"tag-handball","13":"tag-spain","14":"tag-sports"},"share_on_mastodon":{"url":"","error":""},"_links":{"self":[{"href":"https:\/\/www.europesays.com\/es\/wp-json\/wp\/v2\/posts\/179953","targetHints":{"allow":["GET"]}}],"collection":[{"href":"https:\/\/www.europesays.com\/es\/wp-json\/wp\/v2\/posts"}],"about":[{"href":"https:\/\/www.europesays.com\/es\/wp-json\/wp\/v2\/types\/post"}],"author":[{"embeddable":true,"href":"https:\/\/www.europesays.com\/es\/wp-json\/wp\/v2\/users\/2"}],"replies":[{"embeddable":true,"href":"https:\/\/www.europesays.com\/es\/wp-json\/wp\/v2\/comments?post=179953"}],"version-history":[{"count":0,"href":"https:\/\/www.europesays.com\/es\/wp-json\/wp\/v2\/posts\/179953\/revisions"}],"wp:featuredmedia":[{"embeddable":true,"href":"https:\/\/www.europesays.com\/es\/wp-json\/wp\/v2\/media\/179954"}],"wp:attachment":[{"href":"https:\/\/www.europesays.com\/es\/wp-json\/wp\/v2\/media?parent=179953"}],"wp:term":[{"taxonomy":"category","embeddable":true,"href":"https:\/\/www.europesays.com\/es\/wp-json\/wp\/v2\/categories?post=179953"},{"taxonomy":"post_tag","embeddable":true,"href":"https:\/\/www.europesays.com\/es\/wp-json\/wp\/v2\/tags?post=179953"}],"curies":[{"name":"wp","href":"https:\/\/api.w.org\/{rel}","templated":true}]}}