{"id":17996,"date":"2025-08-01T07:18:07","date_gmt":"2025-08-01T07:18:07","guid":{"rendered":"https:\/\/www.europesays.com\/es\/17996\/"},"modified":"2025-08-01T07:18:07","modified_gmt":"2025-08-01T07:18:07","slug":"copa-los-andes-bolivia-gana-a-venezuela-y-suma-su-primer-triunfo","status":"publish","type":"post","link":"https:\/\/www.europesays.com\/es\/17996\/","title":{"rendered":"Copa Los Andes: Bolivia gana a Venezuela y suma su primer triunfo"},"content":{"rendered":"<p>La Federaci\u00f3n Boliviana de Golf (FBG)<strong> informa que el equipo nacional sum\u00f3 su primera victoria en el Campeonato Sudamericano por Equipos Copa Los Andes que se lleva adelante en Guayaquil, Ecuador, donde <\/strong>este jueves derrot\u00f3 a Venezuela por 2-0 y tambi\u00e9n perdi\u00f3 en un apretado enfrentamiento con el anfitri\u00f3n (2-0).<\/p>\n<p>El mi\u00e9rcoles comenz\u00f3 el<strong> principal torneo amateur de golf de la regi\u00f3n que se desarrollar\u00e1 hasta el s\u00e1bado.<\/strong><\/p>\n<p>Participan los 10 pa\u00edses de Sudam\u00e9rica y Bolivia est\u00e1 representada<strong> por los golfistas Vicente Quiroga, Flavio Semeja, Jos\u00e9 Luis Monta\u00f1o, Mat\u00edas Monasterio y Daniel Pati\u00f1o, adem\u00e1s de capit\u00e1n Sebasti\u00e1n MacLean.<\/strong><\/p>\n<p>La modalidad de competencia es de enfrentamientos contra <strong>cada selecci\u00f3n. Por las ma\u00f1anas son los duelos a parejas, mientras que por las tardes es el individual.<\/strong><\/p>\n<p><strong>En su debut, en el Guayaquil Country Club, Bolivia perdi\u00f3 con Colombia y Per\u00fa, ambos por 2-0<\/strong>. Pero este jueves el combinado nacional tuvo un gran desempe\u00f1o ante el combinado llanero.<\/p>\n<p>En los dos encuentros por parejas que hubo sali\u00f3 vencedor Bolivia: Monta\u00f1o<strong> y Quiroga derrotaron a Virgilio Paz y Diego Neira, mientras que Sameja y Monasterio ganaron a Nicol\u00e1s Bencomo y Jos\u00e9 Carletta.<\/strong><\/p>\n<p>En singles, Sameja empat\u00f3 con Paz,<strong> Monta\u00f1o super\u00f3 a Neira y Quiroga derrot\u00f3 a Juan Yumar.<\/strong><\/p>\n<p>Ante los ecuatorianos, <strong>Monta\u00f1o y Quiroga vencieron a Philippe Thorin y Ezequiel Gonz\u00e1lez, en tanto que Sameja y Monasterio no pudieron con Renato Naula<\/strong> y Felipe Garces.<br \/>En el individual, Sameja gan\u00f3 a Thorin, Monta\u00f1o empat\u00f3 con Garces, Monasterio perdi\u00f3 con Joaqu\u00edn Guerrero y Quiroga cay\u00f3 con Naula.<\/p>\n<p>El volante creativo, de 31 a\u00f1os, llega al equipo colombiano tras haber quedado libre del Club Bol\u00edvar.<\/p>\n","protected":false},"excerpt":{"rendered":"La Federaci\u00f3n Boliviana de Golf (FBG) informa que el equipo nacional sum\u00f3 su primera victoria en el Campeonato&hellip;\n","protected":false},"author":2,"featured_media":17997,"comment_status":"","ping_status":"","sticky":false,"template":"","format":"standard","meta":{"footnotes":""},"categories":[275],"tags":[11413,168,25,24,329,23,167],"class_list":{"0":"post-17996","1":"post","2":"type-post","3":"status-publish","4":"format-standard","5":"has-post-thumbnail","7":"category-golf","8":"tag-copa-los-andes","9":"tag-deportes","10":"tag-es","11":"tag-espana","12":"tag-golf","13":"tag-spain","14":"tag-sports"},"share_on_mastodon":{"url":"","error":""},"_links":{"self":[{"href":"https:\/\/www.europesays.com\/es\/wp-json\/wp\/v2\/posts\/17996","targetHints":{"allow":["GET"]}}],"collection":[{"href":"https:\/\/www.europesays.com\/es\/wp-json\/wp\/v2\/posts"}],"about":[{"href":"https:\/\/www.europesays.com\/es\/wp-json\/wp\/v2\/types\/post"}],"author":[{"embeddable":true,"href":"https:\/\/www.europesays.com\/es\/wp-json\/wp\/v2\/users\/2"}],"replies":[{"embeddable":true,"href":"https:\/\/www.europesays.com\/es\/wp-json\/wp\/v2\/comments?post=17996"}],"version-history":[{"count":0,"href":"https:\/\/www.europesays.com\/es\/wp-json\/wp\/v2\/posts\/17996\/revisions"}],"wp:featuredmedia":[{"embeddable":true,"href":"https:\/\/www.europesays.com\/es\/wp-json\/wp\/v2\/media\/17997"}],"wp:attachment":[{"href":"https:\/\/www.europesays.com\/es\/wp-json\/wp\/v2\/media?parent=17996"}],"wp:term":[{"taxonomy":"category","embeddable":true,"href":"https:\/\/www.europesays.com\/es\/wp-json\/wp\/v2\/categories?post=17996"},{"taxonomy":"post_tag","embeddable":true,"href":"https:\/\/www.europesays.com\/es\/wp-json\/wp\/v2\/tags?post=17996"}],"curies":[{"name":"wp","href":"https:\/\/api.w.org\/{rel}","templated":true}]}}