{"id":179975,"date":"2025-10-16T06:03:07","date_gmt":"2025-10-16T06:03:07","guid":{"rendered":"https:\/\/www.europesays.com\/es\/179975\/"},"modified":"2025-10-16T06:03:07","modified_gmt":"2025-10-16T06:03:07","slug":"dengue-oropouche-y-chikungunya-una-crisis-epidemiologica-tiene-en-vilo-a-cuba","status":"publish","type":"post","link":"https:\/\/www.europesays.com\/es\/179975\/","title":{"rendered":"Dengue, Oropouche y chikungunya: una crisis epidemiol\u00f3gica tiene en vilo a Cuba"},"content":{"rendered":"<p class=\"\">Para el fin de los meses de verano, la gente en Cuba, sobre todo al occidente de la isla, se preguntaba qu\u00e9 enfermedad \u201crara\u201d que los ten\u00eda encamados, con dolores e inflamaci\u00f3n en el cuerpo, fiebres de hasta 40 grados, v\u00f3mitos, diarreas, cefaleas, e incluso manchas en la piel. En Matanzas, epicentro del desastre, familias enteras reportaron contagios, que luego se extendieron a cada barrio, m\u00e1s tarde a toda la provincia, hasta abarcar casi el pa\u00eds entero. Nadie sab\u00eda exactamente de qu\u00e9 se trataba, y apenas hab\u00eda reactivos en los laboratorios municipales que, en el inicio del brote, confirmaran lo que hoy se sabe: Cuba atraviesa una crisis epidemiol\u00f3gica combinada, con la presencia, a la vez, de dengue, <a href=\"https:\/\/elpais.com\/america\/2024-08-19\/el-virus-del-oropouche-alerta-a-cuba-aumentan-los-casos-frente-a-la-falta-de-transparencia.html\" target=\"_self\" rel=\"nofollow noopener\" title=\"https:\/\/elpais.com\/america\/2024-08-19\/el-virus-del-oropouche-alerta-a-cuba-aumentan-los-casos-frente-a-la-falta-de-transparencia.html\">Oropouche<\/a> y <a href=\"https:\/\/elpais.com\/noticias\/chikunguna\/\" target=\"_self\" rel=\"nofollow noopener\" title=\"https:\/\/elpais.com\/noticias\/chikunguna\/\">chikungunya<\/a>, que hasta ahora las autoridades hab\u00edan pretendido soslayar. <\/p>\n<p class=\"\">Despu\u00e9s de varias semanas en silencio, los funcionarios salieron a desmentir los rumores que hablaban de enfermedades ajenas a los isle\u00f1os. \u201cNi son nuevas, ni son raras, ni son desconocidas\u201d, dijo la semana pasada el ministro de Salud P\u00fablica de Cuba, Jos\u00e9 \u00c1ngel Portal Miranda. Aunque aumentaban las denuncias de cientos de contagios, e incluso de muertes, las autoridades se empe\u00f1aban en desmentir cualquier deceso. \u201cNadie puede esconder una epidemia ni los muertos\u201d, afirm\u00f3 el ministro. A su vez, el conocido doctor Francisco Dur\u00e1n Garc\u00eda, director nacional de Epidemiolog\u00eda y un rostro cercano para los cubanos por sus reportes diarios en medio de la pandemia de coronavirus, declar\u00f3 el pasado 8 de octubre que ni hab\u00eda 11 fallecidos como se comentaba, ni los hospitales estaban colapsados. <\/p>\n<p class=\"\">La intelectual cubana <a href=\"https:\/\/elpais.com\/opinion\/2021-11-16\/en-cuba-el-inmovilismo-ya-no-es-una-opcion.html\" target=\"_self\" rel=\"nofollow noopener\" title=\"https:\/\/elpais.com\/opinion\/2021-11-16\/en-cuba-el-inmovilismo-ya-no-es-una-opcion.html\">Alina B\u00e1rbara L\u00f3pez<\/a> hab\u00eda asegurado en Facebook que las autoridades estaban \u201cmanipulando\u201d la \u201csituaci\u00f3n grav\u00edsima\u201d en Matanzas, la ciudad donde vive. \u201cLa orden de desmentir los fallecidos por arbovirosis est\u00e1 dada\u201d, insisti\u00f3. Por esos d\u00edas, se hablaba del fallecimiento del joven Yuniel en el municipio C\u00e1rdenas, a causa del dengue hemorr\u00e1gico, un deceso que no cuenta entre las estad\u00edsticas del Ministerio de Salud de Cuba. No fue hasta este mi\u00e9rcoles, cuando ya la isla era un innegable hervidero de enfermedades, que las autoridades de La Habana reconocieron la muerte de tres personas a causa del dengue, sin dar mucha m\u00e1s informaci\u00f3n sobre los casos. La viceministra de Salud P\u00fablica, Carilda Pe\u00f1a Garc\u00eda, reconoci\u00f3 ante la prensa oficial que en el pa\u00eds hoy circulan nueve virus respiratorios y que hay un aumento de enfermedades diarreicas agudas y presencia de la hepatitis A. No obstante, no ofreci\u00f3 datos que puedan ilustrar la dimensi\u00f3n del fen\u00f3meno. <\/p>\n<p>Una cadena de crisis<\/p>\n<p class=\"\">A falta de la transparencia en las cifras oficiales y el reconocimiento de la seriedad del caos epidemiol\u00f3gico, han sido los propios ciudadanos quienes se han encargado de denunciar, alertar y visibilizar una situaci\u00f3n que hoy padecen desde ni\u00f1os hasta ancianos de todo el territorio nacional. \u201cSi no abrimos los ojos, vamos a morir como abandonados animales callejeros\u201d, escribi\u00f3 en la red social Facebook la artista matancera Sindy San Miguel Fari\u00f1as, quien, a causa de la enfermedad, apenas pod\u00eda levantar los pies, ni flexionar las rodillas, estaba inflamada y padec\u00eda dolores en las articulaciones. <\/p>\n<p class=\"\">Hoy se conoce que al menos el dengue y el Oropuche tienen presencia en 12 provincias del pa\u00eds, mientras que el chikungunya en unas ocho, seg\u00fan datos oficiales. Las autoridades achacan la situaci\u00f3n a los meses de calor y lluvia, en los que aumenta la reproducci\u00f3n de los mosquitos transmisores. Pero los cubanos aseguran que el abandono sist\u00e9mico en Cuba los ha llevado a este punto. No solo lidian con las largas <a href=\"https:\/\/elpais.com\/america\/2025-08-17\/sobrevivir-en-la-cuba-mas-desigual.html\" target=\"_self\" rel=\"nofollow noopener\" title=\"https:\/\/elpais.com\/america\/2025-08-17\/sobrevivir-en-la-cuba-mas-desigual.html\">horas de apagones<\/a> y la <a href=\"https:\/\/elpais.com\/america\/2025-10-13\/otra-crisis-desespera-a-los-cubanos-mas-de-tres-millones-sufren-la-escasez-de-agua-en-la-isla.html\" target=\"_self\" rel=\"nofollow noopener\" title=\"https:\/\/elpais.com\/america\/2025-10-13\/otra-crisis-desespera-a-los-cubanos-mas-de-tres-millones-sufren-la-escasez-de-agua-en-la-isla.html\">falta de agua<\/a> que les impide mantener condiciones m\u00ednimas de higiene, sino que la proliferaci\u00f3n de basura en cada esquina se ha hecho ya parte del paisaje diario. Fuentes oficiales han declarado que, solamente en La Habana, donde se acumulan 30.108 metros c\u00fabicos al d\u00eda, el pasado a\u00f1o m\u00e1s del 40% de los camiones recolectores estaban fuera de servicio. Tambi\u00e9n se ha registrado una falta creciente de trabajadores en la empresa estatal Comunales, encargada de este tipo de servicios p\u00fablicos. <\/p>\n<p class=\"\">Aunque las autoridades han hecho un llamamiento a la poblaci\u00f3n para mantener las condiciones de higiene, existen otras cuestiones de infraestructura que han contribuido con esta deriva epidemiol\u00f3gica: se habla de la falta de fumigaci\u00f3n para controlar los mosquitos a causa del poco combustible, la ausencia de pesquisas o los constantes salideros de agua que se acumula o estanca. La crisis epidemiol\u00f3gica, adem\u00e1s, se ve agravada por la falta de reactivos en los laboratorios para hacer diagn\u00f3sticos, por lo que en muchos casos los enfermos no han sabido qu\u00e9 virus padecen, y la escasez del 70% de los medicamentos en las farmacias cubanas les hace imposible atacar los s\u00edntomas. <\/p>\n<p class=\"\">Aun as\u00ed, el ministro de Salud P\u00fablica asegur\u00f3 que \u201cla situaci\u00f3n est\u00e1 bajo control\u201d. \u201cTenemos que transmitirle a la gente que no dejamos de saber que tenemos problemas, pero que estamos haciendo todo por salvarle la vida\u201d, sostuvo. Pero ante una situaci\u00f3n de crisis total, con muchos hospitales de Matanzas colapsados por la afluencia de enfermos, los cubanos una vez m\u00e1s est\u00e1n acudiendo a la ayuda que llega desde el exilio y movilizando los recursos para paliar las carencias. <\/p>\n","protected":false},"excerpt":{"rendered":"Para el fin de los meses de verano, la gente en Cuba, sobre todo al occidente de la&hellip;\n","protected":false},"author":2,"featured_media":179976,"comment_status":"","ping_status":"","sticky":false,"template":"","format":"standard","meta":{"footnotes":""},"categories":[92],"tags":[5051,889,11524,1164,2216,21303,25,24,165,39673,1804,41469,166,23],"class_list":{"0":"post-179975","1":"post","2":"type-post","3":"status-publish","4":"format-standard","5":"has-post-thumbnail","7":"category-salud","8":"tag-agua","9":"tag-america","10":"tag-chikungunya","11":"tag-cuba","12":"tag-dengue","13":"tag-epidemia","14":"tag-es","15":"tag-espana","16":"tag-health","17":"tag-la-habana","18":"tag-latinoamerica","19":"tag-miguel-diaz-canel","20":"tag-salud","21":"tag-spain"},"share_on_mastodon":{"url":"","error":""},"_links":{"self":[{"href":"https:\/\/www.europesays.com\/es\/wp-json\/wp\/v2\/posts\/179975","targetHints":{"allow":["GET"]}}],"collection":[{"href":"https:\/\/www.europesays.com\/es\/wp-json\/wp\/v2\/posts"}],"about":[{"href":"https:\/\/www.europesays.com\/es\/wp-json\/wp\/v2\/types\/post"}],"author":[{"embeddable":true,"href":"https:\/\/www.europesays.com\/es\/wp-json\/wp\/v2\/users\/2"}],"replies":[{"embeddable":true,"href":"https:\/\/www.europesays.com\/es\/wp-json\/wp\/v2\/comments?post=179975"}],"version-history":[{"count":0,"href":"https:\/\/www.europesays.com\/es\/wp-json\/wp\/v2\/posts\/179975\/revisions"}],"wp:featuredmedia":[{"embeddable":true,"href":"https:\/\/www.europesays.com\/es\/wp-json\/wp\/v2\/media\/179976"}],"wp:attachment":[{"href":"https:\/\/www.europesays.com\/es\/wp-json\/wp\/v2\/media?parent=179975"}],"wp:term":[{"taxonomy":"category","embeddable":true,"href":"https:\/\/www.europesays.com\/es\/wp-json\/wp\/v2\/categories?post=179975"},{"taxonomy":"post_tag","embeddable":true,"href":"https:\/\/www.europesays.com\/es\/wp-json\/wp\/v2\/tags?post=179975"}],"curies":[{"name":"wp","href":"https:\/\/api.w.org\/{rel}","templated":true}]}}