{"id":180005,"date":"2025-10-16T06:24:08","date_gmt":"2025-10-16T06:24:08","guid":{"rendered":"https:\/\/www.europesays.com\/es\/180005\/"},"modified":"2025-10-16T06:24:08","modified_gmt":"2025-10-16T06:24:08","slug":"arturito-pomar-el-pequeno-peon-mallorquin","status":"publish","type":"post","link":"https:\/\/www.europesays.com\/es\/180005\/","title":{"rendered":"Arturito Pomar: el peque\u00f1o pe\u00f3n mallorqu\u00edn"},"content":{"rendered":"<p>La de <strong><a href=\"https:\/\/www.ultimahora.es\/etiqueta\/Arturo+Pomar.html?utm_source=Inline-tag&amp;utm_medium=internal\" rel=\"nofollow noopener\" target=\"_blank\">Arturo Pomar<\/a><\/strong>, vista hoy, es una vida marcada por el blanco y el negro. El del Franquismo, el del No-Do y el del tablero y las piezas del <a href=\"https:\/\/www.ultimahora.es\/etiqueta\/Ajedrez.html?utm_source=Inline-tag&amp;utm_medium=internal\" rel=\"nofollow noopener\" target=\"_blank\">ajedrez<\/a>, deporte en el que sobresali\u00f3 el mallorqu\u00edn. Las luces y las sombras se alternan en una biograf\u00eda que hoy, a las 21.00 horas, coge no solo color, sino en pantalla grande de la mano de <strong>Joan Gamero<\/strong> que dirige el <a href=\"https:\/\/www.ultimahora.es\/etiqueta\/documental.html?utm_source=Inline-tag&amp;utm_medium=internal\" rel=\"nofollow noopener\" target=\"_blank\">documental<\/a> <strong>El petit pe\u00f3<\/strong>, filme que presenta en la Sala Augusta y que repasa la faceta m\u00e1s \u00edntima del ni\u00f1o prodigio y juguete roto de la dictadura.<\/p>\n<p>Pomar fue, en palabras del director de la cinta (producida localmente por La Perif\u00e8rica), un \u00ab<strong>mono de feria del Franquismo<\/strong>\u00bb, que utiliz\u00f3 a este ni\u00f1o superdotado del mismo modo que lo hizo con Marisol y Joselito\u00bb y cuando dej\u00f3 de ser un ni\u00f1o \u00abya no interesaba medi\u00e1ticamente\u00bb y lo abandon\u00f3.<\/p>\n<p><img loading=\"lazy\" decoding=\"async\" src=\"https:\/\/www.europesays.com\/es\/wp-content\/uploads\/2025\/10\/3517147.jpg\" border=\"0\" alt=\"Franco y Pomar\" width=\"1634\" height=\"2000\"\/>&#13;<br \/>\nEl dictador Francisco Franco junto a Pomar.&#13;<\/p>\n<p>No obstante, la fama de Pomar era tal que Gamero destaca que ser\u00eda <strong>equiparable a la de Nadal<\/strong> hoy, y su largometraje, que se podr\u00e1 ver tambi\u00e9n ma\u00f1ana y el s\u00e1bado en la Augusta a las 18.30 horas, se adentra en el Pomar no solo ajedrecista, sino en la \u00abpersonalidad\u00bb y el drama que vivi\u00f3 a nivel de salud mental, ya que le fue diagnosticada <strong>esquizofrenia<\/strong>.<\/p>\n<p>El contexto, pues, fue muy importante. Seg\u00fan indica Gamero, si Pomar hubiera nacido en la <strong>Uni\u00f3n Sovi\u00e9tica<\/strong>, habr\u00eda sido campe\u00f3n del mundo, porque ten\u00eda un cerebro totalmente preparado para jugar al ajedrez, pero no tuvo el apoyo ni la preparaci\u00f3n necesarias. Aun as\u00ed, logr\u00f3 hacer tablas con nada menos que <strong>Bobby Fischer<\/strong>, un hito sin duda.<\/p>\n<p>Al final de su vida, con la enfermedad atacando fuerte, Pomar ofrec\u00eda tablas a todo el mundo y pr\u00e1cticamente no dej\u00f3 de jugar nunca, aunque hay opiniones varias sobre si disfrutaba haci\u00e9ndolo o no. El <strong>ni\u00f1o prodigio del ajedrez<\/strong>, de hecho, acab\u00f3 siendo funcionario de Correos, y sus hijos hablan de un padre ausente.<\/p>\n<p>Con testimonios de los hijos del ajedrecista, as\u00ed como de profesionales que no dudan en se\u00f1alar a Pomar como una gran inspiraci\u00f3n, como <strong>Juan Manuel Bell\u00f3n L\u00f3pez<\/strong> o <strong>Jeroni Bergas<\/strong>, que tiene un museo dedicado a su figura en Maria de la Salut y autor de un libro sobre Pomar, El petit pe\u00f3 se centra en dar a conocer la figura de un prodigio del ajedrez y de su relaci\u00f3n con el juego, con el cual lleg\u00f3 a tener contradicciones a lo largo de su vida. La vida de un peque\u00f1o pe\u00f3n rodeado y amenazado por piezas m\u00e1s poderosas y jaques de los que fue muy dif\u00edcil salir.<\/p>\n","protected":false},"excerpt":{"rendered":"La de Arturo Pomar, vista hoy, es una vida marcada por el blanco y el negro. El del&hellip;\n","protected":false},"author":2,"featured_media":180006,"comment_status":"","ping_status":"","sticky":false,"template":"","format":"standard","meta":{"footnotes":""},"categories":[169],"tags":[6847,51217,177,5318,209,6084,51218,146,147,25,24,176,175,23],"class_list":{"0":"post-180005","1":"post","2":"type-post","3":"status-publish","4":"format-standard","5":"has-post-thumbnail","7":"category-cine","8":"tag-ajedrez","9":"tag-arturo-pomar","10":"tag-cine","11":"tag-cine-en-mallorca","12":"tag-cultura","13":"tag-documental","14":"tag-el-jugador-de-ajedrez","15":"tag-entertainment","16":"tag-entretenimiento","17":"tag-es","18":"tag-espana","19":"tag-film","20":"tag-movies","21":"tag-spain"},"share_on_mastodon":{"url":"","error":""},"_links":{"self":[{"href":"https:\/\/www.europesays.com\/es\/wp-json\/wp\/v2\/posts\/180005","targetHints":{"allow":["GET"]}}],"collection":[{"href":"https:\/\/www.europesays.com\/es\/wp-json\/wp\/v2\/posts"}],"about":[{"href":"https:\/\/www.europesays.com\/es\/wp-json\/wp\/v2\/types\/post"}],"author":[{"embeddable":true,"href":"https:\/\/www.europesays.com\/es\/wp-json\/wp\/v2\/users\/2"}],"replies":[{"embeddable":true,"href":"https:\/\/www.europesays.com\/es\/wp-json\/wp\/v2\/comments?post=180005"}],"version-history":[{"count":0,"href":"https:\/\/www.europesays.com\/es\/wp-json\/wp\/v2\/posts\/180005\/revisions"}],"wp:featuredmedia":[{"embeddable":true,"href":"https:\/\/www.europesays.com\/es\/wp-json\/wp\/v2\/media\/180006"}],"wp:attachment":[{"href":"https:\/\/www.europesays.com\/es\/wp-json\/wp\/v2\/media?parent=180005"}],"wp:term":[{"taxonomy":"category","embeddable":true,"href":"https:\/\/www.europesays.com\/es\/wp-json\/wp\/v2\/categories?post=180005"},{"taxonomy":"post_tag","embeddable":true,"href":"https:\/\/www.europesays.com\/es\/wp-json\/wp\/v2\/tags?post=180005"}],"curies":[{"name":"wp","href":"https:\/\/api.w.org\/{rel}","templated":true}]}}