{"id":180022,"date":"2025-10-16T06:34:09","date_gmt":"2025-10-16T06:34:09","guid":{"rendered":"https:\/\/www.europesays.com\/es\/180022\/"},"modified":"2025-10-16T06:34:09","modified_gmt":"2025-10-16T06:34:09","slug":"bada-huesca-mide-la-mejoria-del-balonmano-caserio","status":"publish","type":"post","link":"https:\/\/www.europesays.com\/es\/180022\/","title":{"rendered":"Bada Huesca mide la mejor\u00eda del Balonmano Caser\u00edo"},"content":{"rendered":"<p>El <a target=\"_blank\" rel=\"noopener noreferrer nofollow\" href=\"https:\/\/www.instagram.com\/balonmano_caserio\/\">Balonmano Caser\u00edo <\/a>tiene se\u00f1alado el partido contra Bada Huesca como una posibilidad m\u00e1s para romper el hito que se se\u00f1ala como <strong>primera victoria fuera de casa<\/strong> en su camino por Asobal; un camino lleno de emociones que toca aprender a disfrutar, con esa magia de quien construye grandes cosas y mira con la mirada del que sue\u00f1a con los ojos abiertos. <\/p>\n<p>Haber ganado la pasada semana en el Quijote Arena a un rival como Balonmano Nava, le ha dado al equipo de Santi Urdiales ese <strong>plus de confianza<\/strong> que se necesitaba para respaldar el camino trazado. Detr\u00e1s de ese triunfo en un partido que domin\u00f3 de principio a fin, penalizando al rival cuando tocaba, no existe la casualidad, sino el trabajo desde que arranc\u00f3 la pretemporada y el aprendizaje que ha tocado ir puliendo con el paso de los partidos. <\/p>\n<p><img decoding=\"async\" fetchpriority=\"high\" width=\"1299\" height=\"730\" src=\"https:\/\/www.europesays.com\/es\/wp-content\/uploads\/2025\/10\/BM-Caserio-La-Nava-_-Clara-Manzano-117-1299x730.jpg\" alt=\"BM Caser\u00edo - La Nava _ Clara Manzano--117\"  \/><\/p>\n<p><strong>Giovagnola, gran protagonista en el \u00faltimo partido del BM Caser\u00edo\/ Clara Manzano<\/strong><\/p>\n<p>Ese salto en la din\u00e1mica del equipo<strong> toca refrendarlo lejos del Quijote Arena<\/strong>, donde no se contar\u00e1 con el factor afici\u00f3n que tan importante est\u00e1 siendo para los ciudadreale\u00f1os, m\u00e1xime cuando en el horizonte queda el partido del pr\u00f3ximo fin de semana contra el Bar\u00e7a, al que ganarle ser\u00eda reescribir la Odisea y cambiarle todos los personajes. <\/p>\n<p>Caser\u00edo viaja con el enfoque exclusivo en Huesca<\/p>\n<p>Pero de momento, <strong>no caben distracciones<\/strong> con lo que queda tan lejos; con los impredecibles sin respuesta. Toca pensar en Bada Huesca, un rival que gan\u00f3 en la segunda jornada de liga y que desde entonces ha venido coleccionando derrotas que lo han ido hundido en la clasificaci\u00f3n hasta ocupar el farolillo rojo. <\/p>\n<p>Los aragoneses <strong>vienen de perder contra el Bidasoa 32-24<\/strong> y necesitan un nuevo triunfo como el comer. M\u00e1s all\u00e1 de los resultados, lo que ha dejado claro es que sabe competir, que tal vez no tenga esas individualidades que atesoran otros clubes, pero son un bloque contundente que no van a regalar nada. <\/p>\n<p>En estas cinco primeras jornadas, sus <strong>n\u00fameros han sido similare<\/strong>s a los del <a target=\"_blank\" rel=\"noopener noreferrer nofollow\" href=\"https:\/\/www.lanzadigital.com\/equipo\/caserio\/\">BM Caser\u00edo<\/a>. Ha anotado un gol menos que los de Santi Urdiales (137, con una media por partido casi id\u00e9ntica 27,4 por 27,6 de los ciudadreale\u00f1os). Le est\u00e1 costando m\u00e1s encontrar solidez defensiva, siendo uno de los conjuntos que m\u00e1s goles encaja por partido (33); tres m\u00e1s que el Caser\u00edo. <\/p>\n<p>Debe aprovechar ese factor el equipo de Urdiales que la pasada semana subi\u00f3 el ritmo anotador y que encontr\u00f3 ese equilibrio entre ataque y defensa que lo hizo volar en pista. <\/p>\n<p>Con casi todos sus efectivos en forma, viajar\u00e1 el equipo ciudadreale\u00f1o a Huesca, donde se medir\u00e1 a los locales este domingo a partir de las 18:00 horas. <\/p>\n<p><strong>Resultado en directo<\/strong><\/p>\n<p>Divisi\u00f3n de Honor Masculina \/ 6\u00aa Jornada<\/p>\n<p>\n         Actualizar resultados\n    <\/p>\n<p>\u00a0<\/p>\n<p>Puedes seguir la emisi\u00f3n en directo de este partido en <a target=\"_blank\" rel=\"noopener noreferrer nofollow\" href=\"https:\/\/www.lanzadigital.com\/tag\/partidos-en-directo\/\">Lanza Digital<\/a>. Recuerda que puedes seguir todo el desarrollo de la jornada deportiva en nuestro apartado de <a target=\"_blank\" rel=\"noopener noreferrer nofollow\" href=\"https:\/\/www.lanzadigital.com\/clasificaciones\/resultados-deportivos-de-ciudad-real-en-directo\/\">resultados en directo<\/a>, con los resultados y clasificaciones de todos los equipos de la provincia de Ciudad Real.<\/p>\n<p>\t\t\t\t<script async src=\"\/\/www.instagram.com\/embed.js\"><\/script><\/p>\n","protected":false},"excerpt":{"rendered":"El Balonmano Caser\u00edo tiene se\u00f1alado el partido contra Bada Huesca como una posibilidad m\u00e1s para romper el hito&hellip;\n","protected":false},"author":2,"featured_media":180023,"comment_status":"","ping_status":"","sticky":false,"template":"","format":"standard","meta":{"footnotes":""},"categories":[278],"tags":[376,168,25,24,375,23,167],"class_list":{"0":"post-180022","1":"post","2":"type-post","3":"status-publish","4":"format-standard","5":"has-post-thumbnail","7":"category-balonmano","8":"tag-balonmano","9":"tag-deportes","10":"tag-es","11":"tag-espana","12":"tag-handball","13":"tag-spain","14":"tag-sports"},"share_on_mastodon":{"url":"","error":""},"_links":{"self":[{"href":"https:\/\/www.europesays.com\/es\/wp-json\/wp\/v2\/posts\/180022","targetHints":{"allow":["GET"]}}],"collection":[{"href":"https:\/\/www.europesays.com\/es\/wp-json\/wp\/v2\/posts"}],"about":[{"href":"https:\/\/www.europesays.com\/es\/wp-json\/wp\/v2\/types\/post"}],"author":[{"embeddable":true,"href":"https:\/\/www.europesays.com\/es\/wp-json\/wp\/v2\/users\/2"}],"replies":[{"embeddable":true,"href":"https:\/\/www.europesays.com\/es\/wp-json\/wp\/v2\/comments?post=180022"}],"version-history":[{"count":0,"href":"https:\/\/www.europesays.com\/es\/wp-json\/wp\/v2\/posts\/180022\/revisions"}],"wp:featuredmedia":[{"embeddable":true,"href":"https:\/\/www.europesays.com\/es\/wp-json\/wp\/v2\/media\/180023"}],"wp:attachment":[{"href":"https:\/\/www.europesays.com\/es\/wp-json\/wp\/v2\/media?parent=180022"}],"wp:term":[{"taxonomy":"category","embeddable":true,"href":"https:\/\/www.europesays.com\/es\/wp-json\/wp\/v2\/categories?post=180022"},{"taxonomy":"post_tag","embeddable":true,"href":"https:\/\/www.europesays.com\/es\/wp-json\/wp\/v2\/tags?post=180022"}],"curies":[{"name":"wp","href":"https:\/\/api.w.org\/{rel}","templated":true}]}}