{"id":180034,"date":"2025-10-16T06:43:09","date_gmt":"2025-10-16T06:43:09","guid":{"rendered":"https:\/\/www.europesays.com\/es\/180034\/"},"modified":"2025-10-16T06:43:09","modified_gmt":"2025-10-16T06:43:09","slug":"julia-roberts-y-danny-moder-el-matrimonio-discreto-que-ha-vivido-el-exito-y-ahora-enfrenta-el-nido-vacio-el-es-mi-mejor-amigo-pero-tambien-el-unico-hombre-al-que-quiero-besar-la-combinaci","status":"publish","type":"post","link":"https:\/\/www.europesays.com\/es\/180034\/","title":{"rendered":"Julia Roberts y Danny Moder, el matrimonio discreto que ha vivido el \u00e9xito y ahora enfrenta el nido vac\u00edo: \u201c\u00c9l es mi mejor amigo, pero tambi\u00e9n el \u00fanico hombre al que quiero besar. La combinaci\u00f3n de esas dos cosas es\u2026 uf\u00bb"},"content":{"rendered":"<p>Desde que <a href=\"https:\/\/www.revistavanityfair.es\/articulos\/julia-roberts-aparece-en-el-festival-de-venecia-2025-por-primera-vez-en-su-carrera\" rel=\"nofollow noopener\" target=\"_blank\"><strong>Julia Roberts<\/strong><\/a> se convirti\u00f3 en madre tras casarse con <a href=\"https:\/\/www.revistavanityfair.es\/articulos\/julia-roberts-marido-danny-moder-hijos\" rel=\"nofollow noopener\" target=\"_blank\"><strong>el director de fotograf\u00eda Danny Moder<\/strong><\/a> en 2002, ha hecho siempre lo posible por <a href=\"https:\/\/www.revistavanityfair.es\/articulos\/julia-roberts-hace-una-excepcion-a-su-hermetismo-familiar-por-el-18-cumpleanos-de-su-hijo-henry\" rel=\"nofollow noopener\" target=\"_blank\">blindar la privacidad<\/a> de <a href=\"https:\/\/www.revistavanityfair.es\/articulos\/la-estricta-forma-en-la-que-julia-roberts-ha-educado-a-sus-hijos\" rel=\"nofollow noopener\" target=\"_blank\">sus tres hijos<\/a>: los gemelos Hazel y Phinnaeus (nacidos en 2004); y Henry (nacido en 2007).<\/p>\n<p><strong>Roberts ha hablado p\u00fablicamente sobre ellos en muy contadas ocasiones<\/strong>, pero ahora, cuando todos son ya mayores de edad, ha hecho una peque\u00f1a excepci\u00f3n durante la promoci\u00f3n de su nueva pel\u00edcula, Caza de brujas (After the Hunt), dirigida por <strong>Luca Guadagnino<\/strong> y por la que podr\u00eda volver a aspirar al Oscar (se estrena en cines este 17 de octubre).<\/p>\n<p>No ha desvelado detalles \u00edntimos sobre ellos, por supuesto, pero en varias entrevistas que ha concedido s\u00ed que ha explicado lo que siente al tener que <strong>enfrentarse por primera vez al s\u00edndrome del nido vac\u00edo<\/strong> despu\u00e9s de que su hijo menor, Henry, haya dejado atr\u00e1s el hogar familiar hace solo unas semanas para empezar su vida universitaria.<\/p>\n<p><img decoding=\"async\" alt=\"Julia Roberts en el Festival de Cine de Londres el pasado 11 de octubre\" loading=\"lazy\" class=\"ResponsiveImageContainer-eNxvmU cfBbTk responsive-image__image\"   src=\"https:\/\/www.europesays.com\/es\/wp-content\/uploads\/2025\/10\/GettyImages-2240037787.jpg\"\/><\/p>\n<p>Julia Roberts en el Festival de Cine de Londres el pasado 11 de octubreDave Benett\/Getty Images<\/p>\n<p>\u00ab\u00bfEn alg\u00fan momento tu marido te ha encontrado en la habitaci\u00f3n de tu hija, dando vueltas lentamente y llorando sola?\u00bb, le pregunt\u00f3 el presentador <a href=\"https:\/\/www.youtube.com\/watch?v=SCDFhOBAGcU\" rel=\"nofollow noopener\" target=\"_blank\">Stephen Colbert en su late-night<\/a>.<\/p>\n<p>\u201cNo s\u00e9 si llorar ahora es el mejor punto de partida para nuestra entrevista\u201d, le contest\u00f3 ella en tono de broma. \u00abHa sido divertido, la verdad. Y tambi\u00e9n es delicioso. <strong>Mis hijos&#8230; s\u00e9 que todos piensan que sus hijos son geniales, bueno, yo creo que mis hijos son geniales.<\/strong> Me encanta estar con ellos y pasar tiempo con ellos. Por suerte, hemos tenido muchas visitas a lo largo de este camino hacia el nido vac\u00edo\u00bb.<\/p>\n<p>Durante otra reciente aparici\u00f3n en el podcast <a data-offer-url=\"https:\/\/www.smartless.com\/\" class=\"external-link\" data-event-click=\"{&quot;element&quot;:&quot;ExternalLink&quot;,&quot;outgoingURL&quot;:&quot;https:\/\/www.smartless.com\/&quot;}\" href=\"https:\/\/www.smartless.com\/\" rel=\"nofollow noopener\" target=\"_blank\">Smartless<\/a>, que conducen los actores Jason Bateman, Will Arnett y Sean Hayes, Julia Roberts volvi\u00f3 a tocar el tema y explic\u00f3 que la mejor receta para sobrellevar ese vac\u00edo es seguir profundamente enamorada de su marido.<\/p>\n<p><strong>\u201cCuando los ni\u00f1os se marchan, si te das la vuelta [hacia tu pareja] y piensas: \u00bfY t\u00fa por qu\u00e9 sigues aqu\u00ed? Ah\u00ed es cuando tienes problemas\u201d<\/strong>, dijo. \u201c\u00c9l es mi mejor amigo, pero tambi\u00e9n el \u00fanico hombre al que quiero besar. La combinaci\u00f3n de esas dos cosas es\u2026 uf\u2026 Mi vida podr\u00eda haber descarrilado de 100 diferentes maneras en los \u00faltimos 25 a\u00f1os si no hubiera encontrado a mi persona\u201d.<\/p>\n","protected":false},"excerpt":{"rendered":"Desde que Julia Roberts se convirti\u00f3 en madre tras casarse con el director de fotograf\u00eda Danny Moder en&hellip;\n","protected":false},"author":2,"featured_media":180035,"comment_status":"","ping_status":"","sticky":false,"template":"","format":"standard","meta":{"footnotes":""},"categories":[174],"tags":[255,177,146,147,25,24,256,1505,29533,23],"class_list":{"0":"post-180034","1":"post","2":"type-post","3":"status-publish","4":"format-standard","5":"has-post-thumbnail","7":"category-famosos","8":"tag-celebrities","9":"tag-cine","10":"tag-entertainment","11":"tag-entretenimiento","12":"tag-es","13":"tag-espana","14":"tag-famosos","15":"tag-hollywood","16":"tag-julia-roberts","17":"tag-spain"},"share_on_mastodon":{"url":"","error":""},"_links":{"self":[{"href":"https:\/\/www.europesays.com\/es\/wp-json\/wp\/v2\/posts\/180034","targetHints":{"allow":["GET"]}}],"collection":[{"href":"https:\/\/www.europesays.com\/es\/wp-json\/wp\/v2\/posts"}],"about":[{"href":"https:\/\/www.europesays.com\/es\/wp-json\/wp\/v2\/types\/post"}],"author":[{"embeddable":true,"href":"https:\/\/www.europesays.com\/es\/wp-json\/wp\/v2\/users\/2"}],"replies":[{"embeddable":true,"href":"https:\/\/www.europesays.com\/es\/wp-json\/wp\/v2\/comments?post=180034"}],"version-history":[{"count":0,"href":"https:\/\/www.europesays.com\/es\/wp-json\/wp\/v2\/posts\/180034\/revisions"}],"wp:featuredmedia":[{"embeddable":true,"href":"https:\/\/www.europesays.com\/es\/wp-json\/wp\/v2\/media\/180035"}],"wp:attachment":[{"href":"https:\/\/www.europesays.com\/es\/wp-json\/wp\/v2\/media?parent=180034"}],"wp:term":[{"taxonomy":"category","embeddable":true,"href":"https:\/\/www.europesays.com\/es\/wp-json\/wp\/v2\/categories?post=180034"},{"taxonomy":"post_tag","embeddable":true,"href":"https:\/\/www.europesays.com\/es\/wp-json\/wp\/v2\/tags?post=180034"}],"curies":[{"name":"wp","href":"https:\/\/api.w.org\/{rel}","templated":true}]}}