{"id":180036,"date":"2025-10-16T06:45:08","date_gmt":"2025-10-16T06:45:08","guid":{"rendered":"https:\/\/www.europesays.com\/es\/180036\/"},"modified":"2025-10-16T06:45:08","modified_gmt":"2025-10-16T06:45:08","slug":"la-vida-por-los-cuernos-o-como-sobrevivir-a-una-relacion-que-agoniza-aprendiendo-del-vino","status":"publish","type":"post","link":"https:\/\/www.europesays.com\/es\/180036\/","title":{"rendered":"&#8216;La vida por los cuernos&#8217; o c\u00f3mo sobrevivir a una relaci\u00f3n que agoniza aprendiendo del vino"},"content":{"rendered":"<p>Manu Aduna y Esther Jaurrieta presentan ma\u00f1ana en bodegas Tihom de <a href=\"https:\/\/www.larioja.com\/comarcas\/haro\/\" data-voc-vtm-id=\"in-text-traffic\" title=\"Haro\" data-mrf-link=\"www.larioja.com\" rel=\"nofollow noopener\" target=\"_blank\">Haro<\/a>, en el Barrio de la Estaci\u00f3n, a partir de las 19.00  &#8230; horas, su libro &#8216;La vida por los cuernos&#8217;, una novela rom\u00e1ntica ambientada en la ciudad jarrera, vertebrada en el desarrollo personal y la gesti\u00f3n de emociones. El argumento es fruto del trabajo de una escritora y un &#8216;coach&#8217;. \u00abNuestro objetivo era acercar el &#8216;coaching&#8217; a las personas que no saben lo que es \u2013explicaba Jaurrieta, autora de la conocida novela &#8216;Felizmente divorciada&#8217;\u2013, que la gente se entere bien qu\u00e9 es\u00bb.<\/p>\n<p class=\"v-p\">La historia trata de una mujer que, inmersa en una relaci\u00f3n, conoce a un coach, y este le ir\u00e1 aconsejando en las diferentes situaciones que tiene que le van surgiendo. \u00abLa idea es c\u00f3mo afrontar situaciones de la vida cuando no sale como estaba prevista \u2013indicaba\u2013. Derrumb\u00e1ndote lo menos posible y extrayendo los aprendizajes necesarios para aplicarlos en ese momento\u00bb. <\/p>\n<p class=\"v-p\">Manu Aduna naci\u00f3 en Haro, aunque vive desde los cuatro a\u00f1os en Vitoria. \u00abUn d\u00eda hablando con Esther le dije una met\u00e1fora en torno al mundo del vino: cuando las vi\u00f1as lloran tras el invierno, comienzan a brotar gotas de savia bruta que llegan a las ramas. En ese momento, el mundo a\u00fan no lo sabe, pero est\u00e1n a punto de salir los brotes verdes\u00bb, detallaba. \u00abY as\u00ed decid\u00ed juntar mi ciudad, el mundo del vino y el desarrollo personal, haciendo algo muy f\u00e1cil de leer. Creo que podr\u00eda escribir un libro t\u00e9cnico para mis alumnos, pero el reto era juntar pasiones\u00bb, afirm\u00f3.<\/p>\n<p class=\"v-p\">La entrada al acto es libre y comenzar\u00e1 a las 19.00 horas.<\/p>\n","protected":false},"excerpt":{"rendered":"Manu Aduna y Esther Jaurrieta presentan ma\u00f1ana en bodegas Tihom de Haro, en el Barrio de la Estaci\u00f3n,&hellip;\n","protected":false},"author":2,"featured_media":180037,"comment_status":"","ping_status":"","sticky":false,"template":"","format":"standard","meta":{"footnotes":""},"categories":[172],"tags":[51221,51222,26776,224,51220,146,147,25,24,16494,1496,225,2436,5977,13556,13480,23,2606,6028],"class_list":{"0":"post-180036","1":"post","2":"type-post","3":"status-publish","4":"format-standard","5":"has-post-thumbnail","7":"category-libros","8":"tag-agoniza","9":"tag-aprendiendo","10":"tag-bodegas","11":"tag-books","12":"tag-cuernos","13":"tag-entertainment","14":"tag-entretenimiento","15":"tag-es","16":"tag-espana","17":"tag-haro","18":"tag-libro","19":"tag-libros","20":"tag-presentacion","21":"tag-relacion","22":"tag-rioja","23":"tag-sobrevivir","24":"tag-spain","25":"tag-vida","26":"tag-vino"},"share_on_mastodon":{"url":"","error":""},"_links":{"self":[{"href":"https:\/\/www.europesays.com\/es\/wp-json\/wp\/v2\/posts\/180036","targetHints":{"allow":["GET"]}}],"collection":[{"href":"https:\/\/www.europesays.com\/es\/wp-json\/wp\/v2\/posts"}],"about":[{"href":"https:\/\/www.europesays.com\/es\/wp-json\/wp\/v2\/types\/post"}],"author":[{"embeddable":true,"href":"https:\/\/www.europesays.com\/es\/wp-json\/wp\/v2\/users\/2"}],"replies":[{"embeddable":true,"href":"https:\/\/www.europesays.com\/es\/wp-json\/wp\/v2\/comments?post=180036"}],"version-history":[{"count":0,"href":"https:\/\/www.europesays.com\/es\/wp-json\/wp\/v2\/posts\/180036\/revisions"}],"wp:featuredmedia":[{"embeddable":true,"href":"https:\/\/www.europesays.com\/es\/wp-json\/wp\/v2\/media\/180037"}],"wp:attachment":[{"href":"https:\/\/www.europesays.com\/es\/wp-json\/wp\/v2\/media?parent=180036"}],"wp:term":[{"taxonomy":"category","embeddable":true,"href":"https:\/\/www.europesays.com\/es\/wp-json\/wp\/v2\/categories?post=180036"},{"taxonomy":"post_tag","embeddable":true,"href":"https:\/\/www.europesays.com\/es\/wp-json\/wp\/v2\/tags?post=180036"}],"curies":[{"name":"wp","href":"https:\/\/api.w.org\/{rel}","templated":true}]}}