{"id":180038,"date":"2025-10-16T06:46:09","date_gmt":"2025-10-16T06:46:09","guid":{"rendered":"https:\/\/www.europesays.com\/es\/180038\/"},"modified":"2025-10-16T06:46:09","modified_gmt":"2025-10-16T06:46:09","slug":"la-exconcursante-de-gran-hermano-que-ahora-vende-cupones-de-la-once","status":"publish","type":"post","link":"https:\/\/www.europesays.com\/es\/180038\/","title":{"rendered":"La exconcursante de &#8216;Gran Hermano&#8217; que ahora vende cupones de la ONCE"},"content":{"rendered":"<p class=\"ft-text ft-helper-closenews\">Hace m\u00e1s de veinte a\u00f1os, <strong>Raquel Morillas<\/strong> se hizo conocida en toda <strong>Espa\u00f1a<\/strong> por su paso por <strong>\u2018<\/strong><a class=\"ft-link ft-link--decoration\" href=\"https:\/\/www.elperiodico.com\/es\/temas\/gran-hermano-15953\" rel=\"nofollow noopener\" target=\"_blank\"><strong>Gran Hermano 3<\/strong><\/a><strong>\u2019<\/strong>, el programa que convirti\u00f3 en celebridades a varios de sus participantes. Aquel a\u00f1o comparti\u00f3 convivencia con <strong>Kiko Hern\u00e1ndez<\/strong>, <strong>Patricia Ledesma<\/strong> y <strong>Javito<\/strong>, el ganador de la edici\u00f3n. No logr\u00f3 llegar hasta el final, pero su car\u00e1cter y su historia personal la situaron en el centro de la atenci\u00f3n medi\u00e1tica durante meses.<\/p>\n<p class=\"ft-text\">Hoy, el escenario de su vida es muy distinto. Vive en <strong>Santa Pola<\/strong>, trabaja en la <strong>ONCE<\/strong> vendiendo cupones en la zona de <strong>Gran Alacant<\/strong> y lleva una rutina tranquila, lejos de los plat\u00f3s que un d\u00eda la lanzaron a la fama.<\/p>\n<p>Un accidente que lo cambi\u00f3 todo<\/p>\n<p class=\"ft-text\">El giro en la vida de <strong>Raquel<\/strong> lleg\u00f3 en <strong>2003<\/strong>, apenas un a\u00f1o despu\u00e9s de su paso por el reality. Viajaba junto a su entonces pareja, <strong>Noem\u00ed Ungr\u00eda<\/strong>, cuando sufrieron un grave accidente de tr\u00e1fico en la provincia de <strong>Barcelona<\/strong>. El coche en el que iban se sali\u00f3 de la carretera y dio varias vueltas de campana. Aunque ambas sobrevivieron, <strong>Raquel<\/strong> result\u00f3 gravemente herida y tuvo que ser intervenida en numerosas ocasiones.<\/p>\n<p class=\"ft-text\">Como consecuencia del siniestro, perdi\u00f3 la visi\u00f3n y la audici\u00f3n del lado izquierdo y tiene reconocida una <strong>discapacidad del 41 %<\/strong>. Ella misma ha contado que aquel momento supuso un punto de inflexi\u00f3n: \u201c<strong>Tuve que aprender a vivir con un cuerpo distinto, pero no a dejar de vivir<\/strong>\u201d, explicaba a\u00f1os despu\u00e9s.<\/p>\n<p>Una segunda oportunidad en Alicante<\/p>\n<p class=\"ft-text\">Desde <strong>2019<\/strong>, <strong>Raquel<\/strong> forma parte de la plantilla de la <strong>ONCE<\/strong>. Cada ma\u00f1ana, a pie de calle, reparte suerte y conversaci\u00f3n entre los vecinos y turistas que visitan <strong>Gran Alacant<\/strong>. \u201c<strong>Hay d\u00edas de sol, viento o lluvia, pero me gusta lo que hago y el trato con la gente<\/strong>\u201d, ha dicho en m\u00e1s de una ocasi\u00f3n. Muchos de los clientes que la saludan no recuerdan su paso por televisi\u00f3n, pero s\u00ed reconocen su cercan\u00eda.<\/p>\n<p class=\"ft-text\">Lejos del ruido medi\u00e1tico, <strong>Raquel<\/strong> ha encontrado en su trabajo una rutina estable y un entorno que le ha devuelto la normalidad.<\/p>\n<p>Aceptar, superar y seguir adelante<\/p>\n<p class=\"ft-text\">Tras el accidente, lleg\u00f3 una etapa complicada. La recuperaci\u00f3n fue larga y estuvo marcada por problemas de salud y episodios de ansiedad. Con el tiempo, busc\u00f3 ayuda profesional y logr\u00f3 estabilizar su vida personal. En <strong>2020<\/strong> se cas\u00f3 con <strong>Noah Soriano<\/strong>, profesora de pilates, con quien comparte vivienda en <strong>Santa Pola<\/strong>. \u201c<strong>Ahora me siento en paz. Tengo un trabajo, una pareja estable y una vida tranquila. No necesito nada m\u00e1s<\/strong>\u201d, declar\u00f3 en una entrevista televisiva.<\/p>\n<p class=\"ft-text\"><strong>Raquel<\/strong> reconoce que a\u00fan conserva cicatrices f\u00edsicas y emocionales, pero habla de ellas con naturalidad y sin dramatismo. Su historia es la de una mujer que convirti\u00f3 la adversidad en aprendizaje y reconstruy\u00f3 su futuro desde cero.<\/p>\n<p>De la televisi\u00f3n al trato directo con la gente<\/p>\n<p class=\"ft-text\">Aunque sus seguidores m\u00e1s nost\u00e1lgicos siguen recordando a la <strong>Raquel<\/strong> espont\u00e1nea y pol\u00e9mica de <strong>\u2018GH3\u2019<\/strong>, ella prefiere el anonimato amable de su d\u00eda a d\u00eda. El cambio de los plat\u00f3s por las calles de <strong>Santa Pola<\/strong> no ha sido un paso atr\u00e1s, sino una elecci\u00f3n consciente hacia una vida m\u00e1s sencilla.<\/p>\n<p class=\"ft-text\">Cada vez que alguien se le acerca para comprar un cup\u00f3n o simplemente para charlar, <strong>Raquel<\/strong> lo hace con una sonrisa. Y quiz\u00e1 en eso, en el gesto cotidiano y no en la fama, est\u00e9 hoy su verdadera historia de \u00e9xito.<\/p>\n<p data-close=\"closedContent\" class=\"subscribeHideForDisplay\">Suscr\u00edbete para seguir leyendo<\/p>\n","protected":false},"excerpt":{"rendered":"Hace m\u00e1s de veinte a\u00f1os, Raquel Morillas se hizo conocida en toda Espa\u00f1a por su paso por \u2018Gran&hellip;\n","protected":false},"author":2,"featured_media":180039,"comment_status":"","ping_status":"","sticky":false,"template":"","format":"standard","meta":{"footnotes":""},"categories":[171],"tags":[808,51223,4482,146,147,25,24,9983,256,3956,3057,37,531,23,214,5649],"class_list":{"0":"post-180038","1":"post","2":"type-post","3":"status-publish","4":"format-standard","5":"has-post-thumbnail","7":"category-tv","8":"tag-ahora","9":"tag-cupones-once","10":"tag-dv","11":"tag-entertainment","12":"tag-entretenimiento","13":"tag-es","14":"tag-espana","15":"tag-exconcursante","16":"tag-famosos","17":"tag-gran","18":"tag-gran-hermano","19":"tag-hermano","20":"tag-once","21":"tag-spain","22":"tag-tv","23":"tag-vende"},"share_on_mastodon":{"url":"","error":""},"_links":{"self":[{"href":"https:\/\/www.europesays.com\/es\/wp-json\/wp\/v2\/posts\/180038","targetHints":{"allow":["GET"]}}],"collection":[{"href":"https:\/\/www.europesays.com\/es\/wp-json\/wp\/v2\/posts"}],"about":[{"href":"https:\/\/www.europesays.com\/es\/wp-json\/wp\/v2\/types\/post"}],"author":[{"embeddable":true,"href":"https:\/\/www.europesays.com\/es\/wp-json\/wp\/v2\/users\/2"}],"replies":[{"embeddable":true,"href":"https:\/\/www.europesays.com\/es\/wp-json\/wp\/v2\/comments?post=180038"}],"version-history":[{"count":0,"href":"https:\/\/www.europesays.com\/es\/wp-json\/wp\/v2\/posts\/180038\/revisions"}],"wp:featuredmedia":[{"embeddable":true,"href":"https:\/\/www.europesays.com\/es\/wp-json\/wp\/v2\/media\/180039"}],"wp:attachment":[{"href":"https:\/\/www.europesays.com\/es\/wp-json\/wp\/v2\/media?parent=180038"}],"wp:term":[{"taxonomy":"category","embeddable":true,"href":"https:\/\/www.europesays.com\/es\/wp-json\/wp\/v2\/categories?post=180038"},{"taxonomy":"post_tag","embeddable":true,"href":"https:\/\/www.europesays.com\/es\/wp-json\/wp\/v2\/tags?post=180038"}],"curies":[{"name":"wp","href":"https:\/\/api.w.org\/{rel}","templated":true}]}}