{"id":180040,"date":"2025-10-16T06:47:07","date_gmt":"2025-10-16T06:47:07","guid":{"rendered":"https:\/\/www.europesays.com\/es\/180040\/"},"modified":"2025-10-16T06:47:07","modified_gmt":"2025-10-16T06:47:07","slug":"las-chicas-hablan-y-se-expresan-como-quieren-antes-se-te-tachaba-de-loca-y-ahora-es-si-lo-estoy","status":"publish","type":"post","link":"https:\/\/www.europesays.com\/es\/180040\/","title":{"rendered":"Las chicas hablan y se expresan como quieren; antes se te tachaba de loca y ahora es &#8216;s\u00ed, lo estoy"},"content":{"rendered":"<p class=\"c-paragraph\">Mala Rodr\u00edguez est\u00e1 de celebraci\u00f3n. Lujo Ib\u00e9rico, su primer disco, cumple 25 a\u00f1os y es por ello que ha querido homenajearlo por todo lo alto con una gira que cruza el charco y que este jueves tendr\u00e1 su paso por el Teatro Eslava de la mano de Ochoymedioclub, quien tambi\u00e9n conmemora sus dos d\u00e9cadas y media de vida.\u00a0\u00ab<b>A la gente le encantan los cumplea\u00f1os, as\u00ed que han dicho, vamos a celebrarlo juntos<\/b>. Justo cumplo en octubre los 25 de Lujo Ib\u00e9rico y fue como, &#8216;vale, pues vamos a hacer algo especial&#8217;. Adem\u00e1s, en Madrid no lo hab\u00edamos hecho nunca y para m\u00ed tambi\u00e9n significa importante porque esta ciudad me ha ayudado en mi carrera; me vine de muy peque\u00f1a y me ha dado muchas alegr\u00edas. Creo que va a ser un show muy especial\u00bb,\u00a0apunta la artista gaditana para las c\u00e1maras de <a href=\"https:\/\/www.20minutos.es\/tags\/instituciones-empresas\/20minutos.html\" title=\"20minutos\" rel=\"nofollow noopener\" target=\"_blank\">20minutos<\/a>, a quien hemos recibido en nuestro plat\u00f3.<\/p>\n<p class=\"c-paragraph\">El proyecto de hacer una serie de conciertos para homenajear sus primeras andaduras en la industria significa para ella <b>\u00abuna oportunidad de volver a saborear todo lo que fue ese momento\u00bb. <\/b>Reencontrarse con este \u00e1lbum es tambi\u00e9n para Mala una manera de verlo \u00abdesde otra perspectiva\u00bb, algo que podr\u00eda llegar a cambiar el significado de sus canciones, pero que, seg\u00fan comenta, no ha sido as\u00ed: \u00abAlgunas que no ten\u00eda ni idea de que significaban ahora las entiendo. A veces solo est\u00e1s vomitando, escribiendo, y con el tiempo comprendes de d\u00f3nde vienen, por qu\u00e9 te naci\u00f3 hacer eso\u00bb.<\/p>\n<blockquote class=\"c-phrase__blockquote\"><p>\u00abEn Espa\u00f1a hay muchas cosas que son un lujo, como las playas, la gente tom\u00e1ndose una cerveza despu\u00e9s de trabajar, la familia cuando se junta los fines de semana&#8230;\u00bb<\/p><\/blockquote>\n<p class=\"c-paragraph\">Hablando del significado que puede tener el propio concepto de &#8216;lujo ib\u00e9rico&#8217; Mala afirma que \u00abvivir en Espa\u00f1a es un lujo\u00bb. \u00abHe tenido la oportunidad de vivir fuera y aqu\u00ed se est\u00e1 muy bien. Hay muchas cosas que son un lujo, como las playas, la gente tom\u00e1ndose una cerveza despu\u00e9s de trabajar, la familia cuando se junta los fines de semana&#8230; La vida es diferente que en Inglaterra y eso significa que tienes m\u00e1s contacto contigo, que no solo vives para trabajar\u00bb, reconoce. Por ello, considera que <b>volver a casa es fundamental, \u00abcomo darle a la pausa\u00bb.<\/b> Sevilla y C\u00e1diz son sus hogares y en ellos \u00abel tiempo se congela\u00bb, por lo que\u00bb aprovecha para relajarse y dejarse mimar. \u00abCreo que a todo el mundo le pasa cuando est\u00e1 donde se ha criado, a su tierra. Es como tiene todas las cositas cogidas y se sabe pillar el doble tempo a la vida\u00bb.<\/p>\n<p class=\"c-paragraph\">Ligado con la tradici\u00f3n y sus ra\u00edces, la cantante ha optado por llevar una mantilla como est\u00e9tica del tour, un complemento que hasta incluso considera de reivindicativo en la sociedad. \u00abEs algo muy sevillano y tiene mucha historia. Es muy revolucionario porque solo la llevaban las mujeres de la corte y luego las empezaron a llevar todas. Lo he visto desde peque\u00f1a y me parece superelegante. <b>Es un s\u00edmbolo que se ha hecho popular y que est\u00e1 relacionado con la feminidad de la mujer andaluza<\/b>\u00ab.<\/p>\n<p class=\"c-paragraph\">En su Lujo Ib\u00e9rico Vivo est\u00e1 acompa\u00f1ada por una orquesta sinf\u00f3nica; en el caso del concierto de Madrid ser\u00e1 la Alma Mahler. El motivo de esta decisi\u00f3n fue que Mala quer\u00eda que hacer \u00abla fiesta m\u00e1s grande\u00bb de su trayectoria. \u00abEst\u00e1bamos en enero tratando de ponerle forma y era como &#8216;madre m\u00eda, c\u00f3mo va a salir esto&#8217; y sali\u00f3 maravilloso. Creo que todo tiene que ver con que se enriquezca, es decir, <b>que de la canci\u00f3n original y de la orquesta se coja lo mejor de cada uno\u00bb<\/b>.<\/p>\n<p class=\"c-paragraph\">Es una int\u00e9rprete que apuesta por el sonido en directo, pero que no quita m\u00e9ritos al autotune o a las ediciones digitales: \u00abCreo que se puede usar como un instrumento m\u00e1s para tu voz y no es nuevo. En lo urbano es un b\u00e1sico y queda chulo\u00bb. Asimismo, aplaude a esos artistas j\u00f3venes que est\u00e1n apostando por lo folcl\u00f3rico y tradicional: \u00ab<b>Existe una nostalgia por lo puro y esto est\u00e1 llevando a buscar en el ba\u00fal de la abuela<\/b>; me parece muy bonito. La m\u00fasica una carrera muy dura y poder contar con m\u00fasicos que hagan unos arreglos bien montados para que funcione es un milagro\u00bb, reflexiona.<\/p>\n<blockquote class=\"c-phrase__blockquote\"><p>\u00abEl autotune se puede usar como un instrumento m\u00e1s para la voz, en lo urbano es un b\u00e1sico y queda chulo\u00bb<\/p><\/blockquote>\n<p class=\"c-paragraph\">Con este tour\u00a0va a estar recorriendo diferentes salas de Espa\u00f1a y de Latinoam\u00e9rica. En una \u00e9poca donde llenar estadios y recintos de grandes dimensiones est\u00e1 a la orden del d\u00eda, la gaditana <b>disfruta m\u00e1s de los espacios peque\u00f1os, ya que siempre van a conservar su esencia <\/b>y la experiencia que ofrece en relaci\u00f3n a la cercan\u00eda con el p\u00fablico no es comparable. \u00abHe estado viendo a Blackpink en Barcelona y s\u00ed, es guay, pero prefiero una sala. El ver a tu artista y tenerlo a dos metros, es que te da igual quien sea. Adem\u00e1s, es como una comuni\u00f3n con el p\u00fablico; en el estadio todo el mundo est\u00e1 desbaratado y la sala es algo muy caluroso, \u00edntimo y bonito\u00bb, explica.<\/p>\n<p class=\"c-paragraph\">Pionera de las mujeres dentro del rap y el g\u00e9nero urbano espa\u00f1ol, Mala considera que en el panorama actual \u00abno hay l\u00edmites\u00bb. \u00abCuando empec\u00e9, se re\u00edan de m\u00ed, pero es normal. Cuando vas a hacer algo que nadie se espera, la mayor\u00eda de la gente no cree en ti. Pero es que no puedes pensar eso, tienes que confiar en ti misma. Ahora es guay, las chicas hablan de lo que quieren y se expresan como quieren. Antes se te tachaba de loca y ahora es, &#8216;s\u00ed, estoy loca&#8217;. <b>Hagas lo que hagas, te van a poner de vuelta y media, pero me parece que ellas est\u00e1n plant\u00e1ndole cara a todo eso sin ning\u00fan tipo de miedo <\/b>y eso me gusta\u00bb. La gaditana piensa que la nueva oleada es \u00abmuy valiente\u00bb y que hay mucho \u00abchico llor\u00f3n\u00bb al ver que ellas progresan.<\/p>\n<p class=\"c-paragraph\">Si tuviera que colaborar con alguna, tiene varias candidatas: \u00abMe gusta mucho <b>Lorna<\/b>, me parece una t\u00eda de verdad y que realmente est\u00e1 usando la m\u00fasica para encontrarse porque se la ve muy tierna y a la vez muy inteligente. Las amo todas: <b>la Zowi, Albany, Metrika, Santa Salut<\/b>&#8230;\u00bb.<\/p>\n<p class=\"c-paragraph\">Y, \u00bfqu\u00e9 hace una artista como Mala para reinventarse despu\u00e9s de tantos a\u00f1os haciendo m\u00fasica? Respuesta f\u00e1cil: gastarse el dinero. \u00abMe lo gasto todo, as\u00ed tengo que empezar de nuevo y no me dan aires de grandeza. Tengo dos agujeros en las manos como Jesucristo, as\u00ed soy yo. Me encanta mudarme, hacer cosas locas, soy una persona que no puedo estar mucho tiempo quieta: quiero todo el rato cambio de planes. <b>Me gusta que la vida me rete, y si no me reta ella, la reto yo<\/b>\u00ab, asegura.<\/p>\n<blockquote class=\"c-phrase__blockquote\"><p>\u00abSoy una persona que no puedo estar mucho tiempo quieta: quiero todo el rato cambio de planes\u00bb<\/p><\/blockquote>\n<p class=\"c-paragraph\">A sus espaldas acumula siete discos de estudio, colaboraciones desde SFDK,\u00a0Kase-O o Calle 13 a Julieta Venegas, Lola \u00cdndigo y Beatriz Luengo, y  fue situada en el puesto n\u00famero siete en la lista de los &#8217;50 grandes raperos en la historia del rap en espa\u00f1ol&#8217;, de la revista estadounidense Rolling Stone en 2023.\u00a0Su \u00faltimo trabajo de estudio fue Un mundo raro (2024), un nombre que aplica a la vida misma. \u00abUn artista debe ser fiel a lo que vive y respira. Este \u00e1lbum necesitaba hacerlo porque estaba sintiendo que el mundo est\u00e1 muy raro.<b> Ya no sabes lo que es verdad y lo que es mentira. Los valores b\u00e1sicos est\u00e1n completamente de capa ca\u00edda, est\u00e1 bien ser malo. <\/b>No todo el mundo necesita una armadura para salir a la calle, pero hay gente que es muy sensible y le duele y s\u00ed la necesita. Es un disco bastante \u00edntimo en el que hay una historia de transformaci\u00f3n porque realmente estamos viviendo tiempos dif\u00edciles\u00bb, matiza.<\/p>\n<p class=\"c-paragraph\">Por ello, si tiene que hablar u opinar sobre los temas de actualidad, no siente presi\u00f3n, ya que lo hace \u00abdesde el coraz\u00f3n\u00bb y mostrando quien es. \u00abSi por algo se caracteriza la Mala es porque dice lo que piensa y es espont\u00e1nea. <b>A estas alturas no voy a cambiar, no quiero aprender a no ser espont\u00e1nea y a no decir lo que pienso.<\/b> Tampoco es que me parezca bien la gente que va diciendo todo el d\u00eda lo que piensa, pero s\u00ed creo oportuno que es necesario, no tengo por qu\u00e9 callarme\u00bb.<\/p>\n<blockquote class=\"c-phrase__blockquote\"><p>\u00abMe encanta mi nombre art\u00edstico porque realmente me representa. Para muchas personas, he hecho cosas que eran de mala mujer, y que, sin embargo, para m\u00ed no lo son\u00bb<\/p><\/blockquote>\n<p class=\"c-paragraph\">Y aunque el nombre de Mala guarde esa connotaci\u00f3n negativa, en ella hay mucha bondad. \u00abEstamos en el mundo al rev\u00e9s, por eso soy la Mala, porque cuando a m\u00ed me dec\u00edan &#8216;mala&#8217; es porque no quise hacer algo: tuve hijos cuando no deb\u00eda tenerlos o no le dej\u00e9 a alguien que me hiciera algo que no sent\u00eda apropiado. <b>En estos 25 a\u00f1os, pueden ser tambi\u00e9n en estos 75 a\u00f1os, las mujeres vamos ganando derechos muy poquito a poco<\/b>. Me encanta mi nombre art\u00edstico porque realmente me representa. Para muchas personas, he hecho cosas que eran de mala mujer, y que, sin embargo, para m\u00ed no lo son. Por eso me alegro de que ahora hay tantas malas. Todas somos malas\u00bb, concluye.<\/p>\n","protected":false},"excerpt":{"rendered":"Mala Rodr\u00edguez est\u00e1 de celebraci\u00f3n. Lujo Ib\u00e9rico, su primer disco, cumple 25 a\u00f1os y es por ello que&hellip;\n","protected":false},"author":2,"featured_media":180041,"comment_status":"","ping_status":"","sticky":false,"template":"","format":"standard","meta":{"footnotes":""},"categories":[170],"tags":[146,147,25,24,4879,184,185,416,23],"class_list":{"0":"post-180040","1":"post","2":"type-post","3":"status-publish","4":"format-standard","5":"has-post-thumbnail","7":"category-musica","8":"tag-entertainment","9":"tag-entretenimiento","10":"tag-es","11":"tag-espana","12":"tag-mala","13":"tag-music","14":"tag-musica","15":"tag-rodriguez","16":"tag-spain"},"share_on_mastodon":{"url":"","error":""},"_links":{"self":[{"href":"https:\/\/www.europesays.com\/es\/wp-json\/wp\/v2\/posts\/180040","targetHints":{"allow":["GET"]}}],"collection":[{"href":"https:\/\/www.europesays.com\/es\/wp-json\/wp\/v2\/posts"}],"about":[{"href":"https:\/\/www.europesays.com\/es\/wp-json\/wp\/v2\/types\/post"}],"author":[{"embeddable":true,"href":"https:\/\/www.europesays.com\/es\/wp-json\/wp\/v2\/users\/2"}],"replies":[{"embeddable":true,"href":"https:\/\/www.europesays.com\/es\/wp-json\/wp\/v2\/comments?post=180040"}],"version-history":[{"count":0,"href":"https:\/\/www.europesays.com\/es\/wp-json\/wp\/v2\/posts\/180040\/revisions"}],"wp:featuredmedia":[{"embeddable":true,"href":"https:\/\/www.europesays.com\/es\/wp-json\/wp\/v2\/media\/180041"}],"wp:attachment":[{"href":"https:\/\/www.europesays.com\/es\/wp-json\/wp\/v2\/media?parent=180040"}],"wp:term":[{"taxonomy":"category","embeddable":true,"href":"https:\/\/www.europesays.com\/es\/wp-json\/wp\/v2\/categories?post=180040"},{"taxonomy":"post_tag","embeddable":true,"href":"https:\/\/www.europesays.com\/es\/wp-json\/wp\/v2\/tags?post=180040"}],"curies":[{"name":"wp","href":"https:\/\/api.w.org\/{rel}","templated":true}]}}