{"id":180050,"date":"2025-10-16T06:53:10","date_gmt":"2025-10-16T06:53:10","guid":{"rendered":"https:\/\/www.europesays.com\/es\/180050\/"},"modified":"2025-10-16T06:53:10","modified_gmt":"2025-10-16T06:53:10","slug":"que-hacer-con-las-acciones-de-viscofan","status":"publish","type":"post","link":"https:\/\/www.europesays.com\/es\/180050\/","title":{"rendered":"\u00bfQu\u00e9 hacer con las acciones de Viscofan?"},"content":{"rendered":"<p class=\"ue-c-article__paragraph\">El fabricante de envolturas para la alimentaci\u00f3n cay\u00f3 el martes un 13% pero ayer rebot\u00f3 un 4,89%. El riesgo reputacional por las acusaciones de contaminaci\u00f3n de su negocio en EEUU tambalean la cotizaci\u00f3n, pero muchas firmas de inversi\u00f3n aconsejan comprar t\u00edtulos.<\/p>\n<p class=\"ue-c-article__paragraph\">Agitaci\u00f3n en la cotizaci\u00f3n de uno de los valores de la<strong> Bolsa espa\u00f1ola <\/strong>considerados tranquilos. Las acciones del fabricante de envolturas para la <strong>alimentaci\u00f3n<\/strong>, <strong>Viscofan<\/strong>, rebot\u00f3 ayer un 4,89%, hasta los 53,60 euros. Esto ocurri\u00f3 tras desplomarse el d\u00eda anterior un 13% debido a las acusaciones de realizar emisiones t\u00f3xicas en EEUU. Han sido dos sesiones con mucho volumen (23 veces superior a la media diaria el martes y casi 17 veces ayer).<\/p>\n<p class=\"ue-c-article__paragraph\">La empresa espa\u00f1ola, que niega estas informaciones procedentes de una publicaci\u00f3n relacionada con el hedge fund Hunterbrook, mantiene el respaldo de la mayor\u00eda de firmas de inversi\u00f3n. Consideran que este castigo ofrece un atractivo punto de entrada. Eso s\u00ed, el <strong>ruido que genere y el temor a elevadas multas en EEUU<\/strong> han hecho que muchos inversores hicieran caja el martes.<\/p>\n<p class=\"ue-c-article__paragraph\">\u00abVemos excesivo el castigo sufrido por la acci\u00f3n. Los 363 millones de euros de capitalizaci\u00f3n burs\u00e1til que perdi\u00f3 el martes equivalen a casi todos los ingresos del grupo en Norteam\u00e9rica (EEUU, Canad\u00e1, M\u00e9xico y Costa Rica) previstos para 2024\u00bb, apunta <strong>Virginia P\u00e9rez, directora de an\u00e1lisis de Intermoney<\/strong>. Cree que a estos precios Viscofan ofrece una oportunidad de entrada en una compa\u00f1\u00eda de alta calidad y con un descuento del 34,3% frente a su precio objetivo de 72 euros, por lo que aconseja comprar.<\/p>\n<p><img loading=\"lazy\" decoding=\"async\" width=\"1320\" height=\"880\" class=\"ue-c-article__media--image\" alt=\"\" src=\"https:\/\/www.europesays.com\/es\/wp-content\/uploads\/2025\/10\/17605683448597.jpg\"\/><\/p>\n<p class=\"ue-c-article__paragraph\">\u00abLa ca\u00edda supone una <strong>oportunidad <\/strong>mientras no tengamos la certeza de que existan errores materiales\u00bb, comentan los analistas de <strong>Banco Sabadell<\/strong>, que reitera su consejo de sobreponderar.<\/p>\n<p class=\"ue-c-article__paragraph\">Tambi\u00e9n Santander, Oddo, Alantra, Bestinver y BNP Paribas mantienen su confianza en Viscofan y le dan recorrido hasta los 72-75,30 euros por acci\u00f3n.<\/p>\n<p class=\"ue-c-article__paragraph\">Otros expertos se muestran cautos. \u00abAconsejamos esperar a que se estabilice la acci\u00f3n y ver si hay m\u00e1s informaci\u00f3n\u00bb, comenta<strong> V\u00edctor Peiro, director de an\u00e1lisis de GVC Gaesco<\/strong>. Explica que Viscofan es una empresa con una larga y buena tradici\u00f3n en Espa\u00f1a y que no ha tenido problemas medioambientales o laborales.<\/p>\n<p class=\"ue-c-article__paragraph\">Independientemente de que las acusaciones pudieran no confirmarse, la cotizaci\u00f3n puede sufrir por la salida de fondos ligados a la sostenibilidad. Estos fondos, solo por las dudas, pueden frenar sus entradas o hacer caja. Por eso, la entrada de caza gangas puede tardar m\u00e1s en notarse.<\/p>\n<p class=\"ue-c-article__paragraph\">Los analistas comentan que los temas que afectan a la sostenibilidad, debido a su car\u00e1cter subjetivo, y los procesos de litigios en EEUU, que suelen tener cierto recorrido, deben estudiarse pausadamente. \u00abHay que evaluar el mayor riesgo y posibles aumentos en gastos o inversiones medioambientales\u00bb, explica Peiro. \u00abAnte la imposibilidad de conocer el alcance y veracidad de la informaci\u00f3n optamos por rebajar la recomendaci\u00f3n a vender\u00bb, afirma<strong> Carlos Pellicer, analista de Bankinter<\/strong>, que pone el precio objetivo en revisi\u00f3n.En su opini\u00f3n, \u00abla cotizaci\u00f3n dejar\u00e1 de moverse por fundamentales en el corto plazo. Existe m\u00e1s riesgo a la baja que de un posible rebote\u00bb.<\/p>\n<p class=\"ue-c-article__paragraph\">La planta de Illinois es la m\u00e1s grande de Viscofan en EEUU, por lo que las acusaciones afectan a una instalaci\u00f3n clave para la operativa de la empresa. La noticia tiene un <strong>riesgo reputacional elevado y puede derivar tanto en multas del regulador (importe incuantificable) como en la p\u00e9rdida de clientes <\/strong>que erosionar\u00eda las ventas, afirma Pellicer.<\/p>\n","protected":false},"excerpt":{"rendered":"El fabricante de envolturas para la alimentaci\u00f3n cay\u00f3 el martes un 13% pero ayer rebot\u00f3 un 4,89%. El&hellip;\n","protected":false},"author":2,"featured_media":180051,"comment_status":"","ping_status":"","sticky":false,"template":"","format":"standard","meta":{"footnotes":""},"categories":[80],"tags":[82,95,94,25,24,114,23],"class_list":{"0":"post-180050","1":"post","2":"type-post","3":"status-publish","4":"format-standard","5":"has-post-thumbnail","7":"category-economia","8":"tag-business","9":"tag-economia","10":"tag-economy","11":"tag-es","12":"tag-espana","13":"tag-mercados","14":"tag-spain"},"share_on_mastodon":{"url":"","error":""},"_links":{"self":[{"href":"https:\/\/www.europesays.com\/es\/wp-json\/wp\/v2\/posts\/180050","targetHints":{"allow":["GET"]}}],"collection":[{"href":"https:\/\/www.europesays.com\/es\/wp-json\/wp\/v2\/posts"}],"about":[{"href":"https:\/\/www.europesays.com\/es\/wp-json\/wp\/v2\/types\/post"}],"author":[{"embeddable":true,"href":"https:\/\/www.europesays.com\/es\/wp-json\/wp\/v2\/users\/2"}],"replies":[{"embeddable":true,"href":"https:\/\/www.europesays.com\/es\/wp-json\/wp\/v2\/comments?post=180050"}],"version-history":[{"count":0,"href":"https:\/\/www.europesays.com\/es\/wp-json\/wp\/v2\/posts\/180050\/revisions"}],"wp:featuredmedia":[{"embeddable":true,"href":"https:\/\/www.europesays.com\/es\/wp-json\/wp\/v2\/media\/180051"}],"wp:attachment":[{"href":"https:\/\/www.europesays.com\/es\/wp-json\/wp\/v2\/media?parent=180050"}],"wp:term":[{"taxonomy":"category","embeddable":true,"href":"https:\/\/www.europesays.com\/es\/wp-json\/wp\/v2\/categories?post=180050"},{"taxonomy":"post_tag","embeddable":true,"href":"https:\/\/www.europesays.com\/es\/wp-json\/wp\/v2\/tags?post=180050"}],"curies":[{"name":"wp","href":"https:\/\/api.w.org\/{rel}","templated":true}]}}