{"id":180055,"date":"2025-10-16T06:57:13","date_gmt":"2025-10-16T06:57:13","guid":{"rendered":"https:\/\/www.europesays.com\/es\/180055\/"},"modified":"2025-10-16T06:57:13","modified_gmt":"2025-10-16T06:57:13","slug":"faisal-salmi-despues-de-esta-importante-victoria-tenemos-que-seguir-mejorando-semana-a-semana-y-competir-lo-mejor-posible","status":"publish","type":"post","link":"https:\/\/www.europesays.com\/es\/180055\/","title":{"rendered":"Faisal Salmi: \u201cDespu\u00e9s de esta importante victoria, tenemos que seguir mejorando semana a semana y competir lo mejor posible\u201d"},"content":{"rendered":"<p><strong>El Club Balonmano T-Maravilla Melilla estren\u00f3 el pasado s\u00e1bado su casillero de victorias al imponerse con autoridad por 22-30 al BM. Pozuelo de Calatrava, en la tercera jornada del Grupo D de la Divisi\u00f3n de Honor Plata Femenina. Para el t\u00e9cnico Faisal Salmi, \u201cesta victoria nos da confianza y demuestra que el equipo puede competir al m\u00e1ximo nivel\u201d., pero ahora \u201cdebemos seguir trabajando, corregir errores y prepararnos para retos mayores como Alcobendas\u201d, resalt\u00f3.<\/strong><\/p>\n<p>El conjunto melillense domin\u00f3 de principio a fin, mostrando solidez en defensa y eficacia en ataque, sumando dos puntos de gran valor y reforzando la moral tras un inicio exigente.<\/p>\n<p>El entrenador melillense destac\u00f3 en primer lugar la importancia emocional del triunfo: \u201cA nivel an\u00edmico viene bastante bien. Afrontamos el siguiente encuentro ante el Alcobendas con otra mentalidad, pero tenemos que seguir mejorando semana a semana y competir lo mejor posible ante todos los rivales, sean m\u00e1s o menos fuertes\u201d.<\/p>\n<p>Faisal Salmi analiz\u00f3 tambi\u00e9n el desarrollo del encuentro ante el Balonmano Pozuelo: \u201cNos toc\u00f3 un rival al que no le salieron bien las cosas, sobre todo en la primera parte, y eso nos facilit\u00f3 bastante la ventaja que conseguimos. Supimos aprovecharla y mantener el ritmo hasta el final\u201d.<\/p>\n<p>Por \u00faltimo, el t\u00e9cnico melillense repas\u00f3 la situaci\u00f3n de la plantilla y adelant\u00f3 c\u00f3mo se preparan para el siguiente duelo liguero del pr\u00f3ximo domingo en el Pabell\u00f3n Municipal L\u00e1zaro Fern\u00e1ndez (12\u201930 horas): \u201cLa plantilla est\u00e1 bien, salvo las bajas ya conocidas, como la de Shaera. Llevamos dos d\u00edas preparando el partido ante el BM. Alcobendas, que ser\u00e1 mucho m\u00e1s complicado. Es un equipo muy competitivo, que defiende en 5-1 y 6-0, y corre much\u00edsimo en la segunda oleada. Esperamos prepararlo lo mejor posible y que el resultado caiga de nuestro lado\u201d.<\/p>\n<p id=\"pvc_stats_10329460\" class=\"pvc_stats total_only  pvc_load_by_ajax_update\" data-element-id=\"10329460\" style=\"\"> <img loading=\"lazy\" class=\"lazy\" decoding=\"async\" width=\"16\" height=\"16\" alt=\"Loading\" src=\"https:\/\/www.europesays.com\/es\/wp-content\/uploads\/2025\/10\/1759987271_991_ajax-loader-2x.gif\" border=\"0\"\/><\/p>\n<p> p:last-of-type {<br \/>\n\tdisplay: inline;<br \/>\n}<\/p>\n<p>.aioseo-author-bio-compact-right .aioseo-author-bio-compact-main .author-bio-link {<br \/>\n\tdisplay: inline-flex;<br \/>\n}<\/p>\n<p>.aioseo-author-bio-compact-right .aioseo-author-bio-compact-main .author-bio-link a {<br \/>\n\tdisplay: flex;<br \/>\n\talign-items: center;<br \/>\n}<\/p>\n<p>.aioseo-author-bio-compact-right .aioseo-author-bio-compact-main .author-bio-link a svg {<br \/>\n\tfill: black;<br \/>\n}<\/p>\n<p>.aioseo-author-bio-compact-right .aioseo-author-bio-compact-footer .author-expertises {<br \/>\n\tdisplay: flex;<br \/>\n\tflex-wrap: wrap;<br \/>\n\tgap: 10px;<br \/>\n}<\/p>\n<p>.aioseo-author-bio-compact-right .aioseo-author-bio-compact-footer .author-expertises .author-expertise {<br \/>\n\tpadding: 4px 8px;<\/p>\n<p>\tfont-size: 14px;<\/p>\n<p>\tborder-radius: 4px;<br \/>\n\tbackground-color: #DCDDE1;<br \/>\n\tcolor: inherit;<br \/>\n}<\/p>\n<p>.aioseo-author-bio-compact-right .aioseo-author-bio-compact-footer .author-socials {<br \/>\n\tmargin-top: 12px;<\/p>\n<p>\tdisplay: flex;<br \/>\n\tgap: 6px;<br \/>\n}<\/p>\n<p>.aioseo-author-bio-compact-right .aioseo-author-bio-compact-footer .author-socials .aioseo-social-icon-tumblrUrl {<br \/>\n\tmargin-left: -2px;<br \/>\n}<\/p>\n<p>.aioseo-author-bio-compact-site-editor-disclaimer {<br \/>\n\tcolor: black;<br \/>\n\tmargin-bottom: 12px;<br \/>\n\tfont-style: italic;<br \/>\n}<\/p>\n<p>@media screen and (max-width: 430px ) {<br \/>\n\t.aioseo-author-bio-compact {<br \/>\n\t\tflex-direction: column;<br \/>\n\t\tgap: 20px;<br \/>\n\t}<\/p>\n<p>\t.aioseo-author-bio-compact-left .aioseo-author-bio-compact-image {<br \/>\n\t\tdisplay: block;<br \/>\n\t\tmargin: 0 auto;<br \/>\n\t\twidth: 160px;<br \/>\n\t\theight: 160px;<br \/>\n\t}<\/p>\n<p>\t.aioseo-author-bio-compact-right {<br \/>\n\t\ttext-align: center;<br \/>\n\t}<\/p>\n<p>\t.aioseo-author-bio-compact-right .aioseo-author-bio-compact-header {<br \/>\n\t\tjustify-content: center;<br \/>\n\t}<\/p>\n<p>\t.aioseo-author-bio-compact-right .aioseo-author-bio-compact-footer .author-socials {<br \/>\n\t\tjustify-content: center;<br \/>\n\t}<br \/>\n}<br \/>\n]]><\/p>\n<p>\t\t\t<img decoding=\"async\" class=\"aioseo-author-bio-compact-image lazy\" src=\"https:\/\/www.europesays.com\/es\/wp-content\/uploads\/2025\/10\/1760597833_627_12617fd1044ec1cdf84c9fcc894e40ee529e9240cb60f6449ec8152bfef3fe40\" alt=\"avatar de autor\"\/><\/p>\n","protected":false},"excerpt":{"rendered":"El Club Balonmano T-Maravilla Melilla estren\u00f3 el pasado s\u00e1bado su casillero de victorias al imponerse con autoridad por&hellip;\n","protected":false},"author":2,"featured_media":180056,"comment_status":"","ping_status":"","sticky":false,"template":"","format":"standard","meta":{"footnotes":""},"categories":[278],"tags":[376,168,25,24,375,23,167],"class_list":{"0":"post-180055","1":"post","2":"type-post","3":"status-publish","4":"format-standard","5":"has-post-thumbnail","7":"category-balonmano","8":"tag-balonmano","9":"tag-deportes","10":"tag-es","11":"tag-espana","12":"tag-handball","13":"tag-spain","14":"tag-sports"},"share_on_mastodon":{"url":"","error":""},"_links":{"self":[{"href":"https:\/\/www.europesays.com\/es\/wp-json\/wp\/v2\/posts\/180055","targetHints":{"allow":["GET"]}}],"collection":[{"href":"https:\/\/www.europesays.com\/es\/wp-json\/wp\/v2\/posts"}],"about":[{"href":"https:\/\/www.europesays.com\/es\/wp-json\/wp\/v2\/types\/post"}],"author":[{"embeddable":true,"href":"https:\/\/www.europesays.com\/es\/wp-json\/wp\/v2\/users\/2"}],"replies":[{"embeddable":true,"href":"https:\/\/www.europesays.com\/es\/wp-json\/wp\/v2\/comments?post=180055"}],"version-history":[{"count":0,"href":"https:\/\/www.europesays.com\/es\/wp-json\/wp\/v2\/posts\/180055\/revisions"}],"wp:featuredmedia":[{"embeddable":true,"href":"https:\/\/www.europesays.com\/es\/wp-json\/wp\/v2\/media\/180056"}],"wp:attachment":[{"href":"https:\/\/www.europesays.com\/es\/wp-json\/wp\/v2\/media?parent=180055"}],"wp:term":[{"taxonomy":"category","embeddable":true,"href":"https:\/\/www.europesays.com\/es\/wp-json\/wp\/v2\/categories?post=180055"},{"taxonomy":"post_tag","embeddable":true,"href":"https:\/\/www.europesays.com\/es\/wp-json\/wp\/v2\/tags?post=180055"}],"curies":[{"name":"wp","href":"https:\/\/api.w.org\/{rel}","templated":true}]}}