{"id":180057,"date":"2025-10-16T06:58:21","date_gmt":"2025-10-16T06:58:21","guid":{"rendered":"https:\/\/www.europesays.com\/es\/180057\/"},"modified":"2025-10-16T06:58:21","modified_gmt":"2025-10-16T06:58:21","slug":"el-exdiputado-socialista-david-calvo-se-da-de-baja-del-psoe-por-no-apoyar-la-ilp-contra-el-blindaje-de-la-tauromaquia","status":"publish","type":"post","link":"https:\/\/www.europesays.com\/es\/180057\/","title":{"rendered":"El exdiputado socialista David Calvo se da de baja del PSOE por no apoyar la ILP contra el blindaje de la tauromaquia"},"content":{"rendered":"<p>VAL\u00c8NCIA (EP).\u00a0El exdiputado del PSPV en Les Corts y ex alto cargo del Consell del Bot\u00e0nic <strong>David Calvo<\/strong> ha anunciado que ha tramitado su baja como militante del PSOE despu\u00e9s de que la abstenci\u00f3n del partido en el Congreso propiciara el rechazo a tramitar la Iniciativa Legislativa Popular (ILP) promovida para acabar con el blindaje legal de la tauromaquia y dejar de considerarla patrimonio cultural, una propuesta que recab\u00f3 m\u00e1s de 700.000 firmas de ciudadanos.<\/p>\n<p>La iniciativa cont\u00f3 con 57 votos a favor, los de Sumar, Podemos, Junts, ERC, EH Bildu, PNV, BNG y Comprom\u00eds; con 169 votos en contra de PP, Vox y UPN; y con la abstenci\u00f3n de 118 del PSOE y del diputado del Grupo Mixto<strong> Jos\u00e9 Luis \u00c1balos<\/strong>.<\/p>\n<p>En una publicaci\u00f3n en su perfil de la red social X, el que fuera diputado del PSPV en el parlamento valenciano durante la pasada legislatura ha explicado que se ha visto \u00aben la obligaci\u00f3n moral\u00bb de tramitar su baja del PSOE \u00abdespu\u00e9s del atropello a la democracia\u00bb que a su juicio perpetr\u00f3 su partido la semana pasada, \u00abaline\u00e1ndose con la ultraderecha e impidiendo el debate sobre la derogaci\u00f3n del blindaje de la tauromaquia a trav\u00e9s de la ILP NoEsMiCultura\u00bb.<\/p>\n<p>En el mensaje, Calvo adjunta la copia del escrito en el que solicita la baja voluntaria como militante del PSOE, fechado el pasado 10 de octubre, junto a una imagen del resultado de la votaci\u00f3n en el pleno del Congreso de la ILP para acabar con el blindaje legal de la tauromaquia, con la abstenci\u00f3n de los representantes socialistas.<\/p>\n<p>Entre las reacciones al anuncio, el diputado de Comprom\u00eds en el Congreso <strong>Alberto Ib\u00e1\u00f1ez<\/strong>, integrado en el Grupo Sumar, ha agradecido a Calvo su \u00abtrabajo y capacidad de escucha y de buscar equilibrios\u00bb. \u00abEres un ejemplo, tienes lugar en la pol\u00edtica valenciana cuando quieras. Un abrazo\u00bb, ha escrito en esta misma red social.<\/p>\n","protected":false},"excerpt":{"rendered":"VAL\u00c8NCIA (EP).\u00a0El exdiputado del PSPV en Les Corts y ex alto cargo del Consell del Bot\u00e0nic David Calvo&hellip;\n","protected":false},"author":2,"featured_media":180058,"comment_status":"","ping_status":"","sticky":false,"template":"","format":"standard","meta":{"footnotes":""},"categories":[277],"tags":[373,168,25,24,23,167,374],"class_list":{"0":"post-180057","1":"post","2":"type-post","3":"status-publish","4":"format-standard","5":"has-post-thumbnail","7":"category-toreo","8":"tag-bullfighting","9":"tag-deportes","10":"tag-es","11":"tag-espana","12":"tag-spain","13":"tag-sports","14":"tag-toreo"},"share_on_mastodon":{"url":"","error":""},"_links":{"self":[{"href":"https:\/\/www.europesays.com\/es\/wp-json\/wp\/v2\/posts\/180057","targetHints":{"allow":["GET"]}}],"collection":[{"href":"https:\/\/www.europesays.com\/es\/wp-json\/wp\/v2\/posts"}],"about":[{"href":"https:\/\/www.europesays.com\/es\/wp-json\/wp\/v2\/types\/post"}],"author":[{"embeddable":true,"href":"https:\/\/www.europesays.com\/es\/wp-json\/wp\/v2\/users\/2"}],"replies":[{"embeddable":true,"href":"https:\/\/www.europesays.com\/es\/wp-json\/wp\/v2\/comments?post=180057"}],"version-history":[{"count":0,"href":"https:\/\/www.europesays.com\/es\/wp-json\/wp\/v2\/posts\/180057\/revisions"}],"wp:featuredmedia":[{"embeddable":true,"href":"https:\/\/www.europesays.com\/es\/wp-json\/wp\/v2\/media\/180058"}],"wp:attachment":[{"href":"https:\/\/www.europesays.com\/es\/wp-json\/wp\/v2\/media?parent=180057"}],"wp:term":[{"taxonomy":"category","embeddable":true,"href":"https:\/\/www.europesays.com\/es\/wp-json\/wp\/v2\/categories?post=180057"},{"taxonomy":"post_tag","embeddable":true,"href":"https:\/\/www.europesays.com\/es\/wp-json\/wp\/v2\/tags?post=180057"}],"curies":[{"name":"wp","href":"https:\/\/api.w.org\/{rel}","templated":true}]}}