{"id":180059,"date":"2025-10-16T06:59:08","date_gmt":"2025-10-16T06:59:08","guid":{"rendered":"https:\/\/www.europesays.com\/es\/180059\/"},"modified":"2025-10-16T06:59:08","modified_gmt":"2025-10-16T06:59:08","slug":"victor-sikosis-valenzuela-perdio-por-ko-ante-el-invicto-michael-oliveira-en-el-dwcs","status":"publish","type":"post","link":"https:\/\/www.europesays.com\/es\/180059\/","title":{"rendered":"V\u00edctor \u201cSikosis\u201d Valenzuela perdi\u00f3 por KO ante el invicto Michael Oliveira en el DWCS"},"content":{"rendered":"<p>Este martes, se dio la esperada pelea de<a href=\"https:\/\/www.chilevision.cl\/chv-deportes\/noticias\/victor-valenzuela-vs-michael-oliveira-en-vivo-donde-ver-pelea-ufc\" target=\"_blank\" rel=\"noopener nofollow\"><strong> V\u00edctor \u00abSikosis\u00bb Valenzuela<\/strong><\/a> en el <strong>Dana White&#8217;s Contender Series,<\/strong> evento que se realiza en la ciudad de Las Vegas, Estados Unidos, y donde a mediados de agosto particip\u00f3 otro chileno, <a href=\"https:\/\/www.chilevision.cl\/chv-deportes\/noticias\/christopher-ewert-vs-yuri-panferov-en-vivo-donde-ver-pelea-tanke-ufc\" target=\"_blank\" rel=\"noopener nofollow\"><strong>Christopher \u00abTanke\u00bb Ewert.\u00a0<\/strong><\/a><\/p>\n<p>Cabe se\u00f1alar que el \u00abgran premio\u00bb que obtienen los luchadores es un contrato para poder debutar oficialmente en la UFC y donde una victoria no te asegura nada, ya que adem\u00e1s de debe mostrar un gran desempe\u00f1o y sorprender gratamente a<strong> Dana White, presidente de la compa\u00f1\u00eda.<\/strong><\/p>\n<p>El chileno, quien lleg\u00f3 a este importante desaf\u00edo con un r\u00e9cord de 12-3, se enfrent\u00f3 al brasile\u00f1o y favorito <strong>Michael Oliveira, <\/strong>y quien se presentaba invicto con ocho victorias (siete por KO).\u00a0<\/p>\n<p>En la pelea de peso w\u00e9lter (71 a 77 kg), el primer asalto fue muy parejo, donde ambos peleados se respetaron y no se atacaron demasiado, aunque el chileno de 31 a\u00f1os conect\u00f3 los mejores golpes.\u00a0<\/p>\n<p><strong\/>Sin embargo, todo cambi\u00f3 en el segundo round. Ah\u00ed Valenzuela intent\u00f3 lanzar y respondi\u00f3 todos los ataques de su rival, hecho que fue fatal para sus aspiraciones, ya que el brasile\u00f1o, m\u00e1s alto y con m\u00e1s alcance, aprovech\u00f3 al m\u00e1ximo y dej\u00f3 muy lastimado el rostro de \u00abSikosis\u00bb.<\/p>\n<p>En dos oportunidades el nacional cay\u00f3 a la lona tras golpes de Oliveira. Finalmente, en su tercera ca\u00edda el brasile\u00f1o conect\u00f3 potentes pu\u00f1etazos, lo que oblig\u00f3 al \u00e1rbitro a detener la pelea por nocaut.\u00a0<\/p>\n<p>Co este resultado, Valenzuela no podr\u00e1 acompa\u00f1ar a<strong> Ignacio \u00abLa Jaula\u00bb Bahamondes,<\/strong> el por ahora \u00fanico chileno en la compa\u00f1\u00eda m\u00e1s importante del mundo de artes marciales mixtas.\u00a0<\/p>\n","protected":false},"excerpt":{"rendered":"Este martes, se dio la esperada pelea de V\u00edctor \u00abSikosis\u00bb Valenzuela en el Dana White&#8217;s Contender Series, evento&hellip;\n","protected":false},"author":2,"featured_media":180060,"comment_status":"","ping_status":"","sticky":false,"template":"","format":"standard","meta":{"footnotes":""},"categories":[276],"tags":[168,25,24,23,167,343],"class_list":{"0":"post-180059","1":"post","2":"type-post","3":"status-publish","4":"format-standard","5":"has-post-thumbnail","7":"category-ufc","8":"tag-deportes","9":"tag-es","10":"tag-espana","11":"tag-spain","12":"tag-sports","13":"tag-ufc"},"share_on_mastodon":{"url":"","error":""},"_links":{"self":[{"href":"https:\/\/www.europesays.com\/es\/wp-json\/wp\/v2\/posts\/180059","targetHints":{"allow":["GET"]}}],"collection":[{"href":"https:\/\/www.europesays.com\/es\/wp-json\/wp\/v2\/posts"}],"about":[{"href":"https:\/\/www.europesays.com\/es\/wp-json\/wp\/v2\/types\/post"}],"author":[{"embeddable":true,"href":"https:\/\/www.europesays.com\/es\/wp-json\/wp\/v2\/users\/2"}],"replies":[{"embeddable":true,"href":"https:\/\/www.europesays.com\/es\/wp-json\/wp\/v2\/comments?post=180059"}],"version-history":[{"count":0,"href":"https:\/\/www.europesays.com\/es\/wp-json\/wp\/v2\/posts\/180059\/revisions"}],"wp:featuredmedia":[{"embeddable":true,"href":"https:\/\/www.europesays.com\/es\/wp-json\/wp\/v2\/media\/180060"}],"wp:attachment":[{"href":"https:\/\/www.europesays.com\/es\/wp-json\/wp\/v2\/media?parent=180059"}],"wp:term":[{"taxonomy":"category","embeddable":true,"href":"https:\/\/www.europesays.com\/es\/wp-json\/wp\/v2\/categories?post=180059"},{"taxonomy":"post_tag","embeddable":true,"href":"https:\/\/www.europesays.com\/es\/wp-json\/wp\/v2\/tags?post=180059"}],"curies":[{"name":"wp","href":"https:\/\/api.w.org\/{rel}","templated":true}]}}