{"id":180061,"date":"2025-10-16T07:02:15","date_gmt":"2025-10-16T07:02:15","guid":{"rendered":"https:\/\/www.europesays.com\/es\/180061\/"},"modified":"2025-10-16T07:02:15","modified_gmt":"2025-10-16T07:02:15","slug":"enric-mas-parece-que-ve-la-luz-al-final-del-tunel","status":"publish","type":"post","link":"https:\/\/www.europesays.com\/es\/180061\/","title":{"rendered":"Enric Mas parece que ve la luz al final del t\u00fanel"},"content":{"rendered":"<p>\t\t\t\t\t\t\t\t\t\t\t\t\t\t<a href=\"https:\/\/www.dtswiss.com\/es\" rel=\"nofollow noopener\" target=\"_blank\"><img loading=\"lazy\" decoding=\"async\" class=\"aligncenter wp-image-65007 size-full\" src=\"data:image\/svg+xml,%3Csvg%20xmlns=\" http:=\"\" alt=\"\" width=\"1024\" height=\"140\" data-lazy- data-lazy- data-lazy-src=\"https:\/\/www.europesays.com\/es\/wp-content\/uploads\/2025\/08\/joanseguidor-1024x140px-es-erc1100.png\"\/><\/a><br \/>\nLa vida de Bradley Wiggins sigue siendo una monta\u00f1a rusa sin final<\/p>\n<p data-start=\"197\" data-end=\"525\">Sinceramente, siempre me ha gustado Bradley Wiggins, un ciclista que ha cambiado muchos paradigmas.<\/p>\n<p data-start=\"197\" data-end=\"525\">Ahora ha decidido hablar alto y claro y protagoniza <a href=\"https:\/\/www.20minutos.es\/deportes\/bradley-wiggins-leyenda-ciclismo-consumi-unos-120-gramos-cocaina-no-se-como-no-mori_6514543_0.html\" target=\"_blank\" rel=\"noopener nofollow\">titulares<\/a> de aut\u00e9ntico amarillismo, sin ser \u00e9l seguramente el m\u00e1s interesado en esto.<\/p>\n<p data-start=\"197\" data-end=\"525\">El tipo que llev\u00f3 a Gran Breta\u00f1a a su primer Tour de Francia cuenta que <strong>acab\u00f3 <a href=\"https:\/\/www.marca.com\/ciclismo\/2025\/10\/12\/aviso-wiggins-me-tiraron-debajo-bus-proteger-habia-grande-saldra.html\" target=\"_blank\" rel=\"noopener nofollow\">sacrificado<\/a> por su propio equipo, Team Sky<\/strong>.<\/p>\n<p><a class=\"wppaslink\" href=\"https:\/\/joanseguidor.com\/pas\/ccmm-valenciana\/44016\/0\" target=\"_blank\" rel=\"nofollow noopener\"><img decoding=\"async\" src=\"data:image\/svg+xml,%3Csvg%20xmlns=\" http:=\"\" alt=\"CCMM Valenciana\" border=\"0\" data-lazy-src=\"https:\/\/www.europesays.com\/es\/wp-content\/uploads\/2025\/10\/1760598134_329_tl-joanseguidorcom-1024x140-1.png\"\/><\/a><\/p>\n<p data-start=\"197\" data-end=\"525\">No fue un drama ni una venganza, fue pol\u00edtica de equipo. Todo pas\u00f3 en plena tormenta por las investigaciones de dopaje que marcaron el final de su carrera.<\/p>\n<p data-start=\"527\" data-end=\"1057\">Despu\u00e9s de la gloria de 2012, del Tour y del oro ol\u00edmpico, llegaron las sospechas y el ruido.<\/p>\n<p data-start=\"527\" data-end=\"1057\">Los TUEs y la triamcinolona pusieron su nombre en boca de todos, aunque nunca se prob\u00f3 nada.<\/p>\n<p data-start=\"527\" data-end=\"1057\"><strong>Vivi\u00f3 a\u00f1os con la presi\u00f3n encima y con algo m\u00e1s oscuro todav\u00eda<\/strong>.<\/p>\n<p data-start=\"527\" data-end=\"1057\">Durante mucho tiempo fue un adicto funcional a la coca\u00edna.<\/p>\n<p data-start=\"527\" data-end=\"1057\">Entrenaba, compet\u00eda y sonre\u00eda mientras se consum\u00eda por dentro.<\/p>\n<p data-start=\"527\" data-end=\"1057\">Hubo momentos en los que su hijo lleg\u00f3 a temer por su vida.<\/p>\n<p data-start=\"527\" data-end=\"1057\">Pas\u00f3 semanas encerrado en hoteles, consumiendo y sobreviviendo sin entender c\u00f3mo segu\u00eda en pie.<\/p>\n<p data-start=\"1059\" data-end=\"1410\">El ciclismo fue su refugio y a la vez su c\u00e1rcel.<\/p>\n<p data-start=\"1059\" data-end=\"1410\">La bici le daba orden, identidad y disciplina. Cuando desapareci\u00f3, se encontr\u00f3 perdido.<\/p>\n<p data-start=\"1059\" data-end=\"1410\">Todo estaba programado, dormir, comer, entrenar, competir, y cuando eso se termin\u00f3, no qued\u00f3 nada.<\/p>\n<p data-start=\"1059\" data-end=\"1410\">La presi\u00f3n, la pol\u00edtica, el ruido, nada de eso se parec\u00eda a lo que so\u00f1aba cuando empezaba a pedalear por Kilburn.<\/p>\n<p data-start=\"1412\" data-end=\"1855\">Pero tampoco todo fue negativo. <strong>Team Sky fue un entorno \u00fanico que cambi\u00f3 el ciclismo brit\u00e1nico<\/strong>.<\/p>\n<p data-start=\"1412\" data-end=\"1855\">Ahora se le ve cerca de Lance Armstrong, a quien critic\u00f3 con dureza cuando llevaba dorsal, por el legado que hab\u00eda dejado en el ciclismo, sin embargo el tejano estuvo ah\u00ed cuando nadie m\u00e1s parec\u00eda querer escuchar. Esa parte de su historia le sigue dando orgullo.<\/p>\n<p data-start=\"1412\" data-end=\"1855\"><a href=\"https:\/\/www.turismodecastellon.com\/es\/que-hacer\/rutaCicloturismo\" rel=\"nofollow noopener\" target=\"_blank\"><img loading=\"lazy\" decoding=\"async\" class=\"aligncenter wp-image-66569 size-medium\" src=\"data:image\/svg+xml,%3Csvg%20xmlns=\" http:=\"\" alt=\"\" width=\"300\" height=\"293\" data-lazy- data-lazy- data-lazy-src=\"https:\/\/www.europesays.com\/es\/wp-content\/uploads\/2025\/09\/bn-castellon-cycling-1024x1000-3-300x293.gif\"\/><\/a><\/p>\n<p data-start=\"1412\" data-end=\"1855\">Hoy, a los 45 a\u00f1os, Wiggins ha vuelto a disfrutar de la bici por placer, sin agendas ni presiones.<\/p>\n<p data-start=\"1412\" data-end=\"1855\">Volver a montar le da libertad. La disciplina sigue siendo su aliada y el entrenamiento su rutina salvadora.<\/p>\n<p data-start=\"1857\" data-end=\"2199\">El orgullo llega tambi\u00e9n desde su hijo, Ben, que apunta alto y ama este deporte. Verle competir le devuelve otra alegr\u00eda.<\/p>\n<p data-start=\"1857\" data-end=\"2199\">Al final, Wiggins ha cerrado su cap\u00edtulo m\u00e1s oscuro.<\/p>\n<p data-start=\"1857\" data-end=\"2199\">Reconoce lo que hizo sobre dos ruedas, lo que logr\u00f3 nadie se lo puede quitar.<\/p>\n<p data-start=\"1857\" data-end=\"2199\">Ya no se odia ni busca venganza. Solo quiere seguir adelante y volver a montar en bici.<\/p>\n<p data-start=\"1857\" data-end=\"2199\">Imagen: a.s.o.\/gautier demouveaux<\/p>\n<p data-start=\"1857\" data-end=\"2199\"><img loading=\"lazy\" decoding=\"async\" class=\"aligncenter\" src=\"data:image\/svg+xml,%3Csvg%20xmlns=\" http:=\"\" alt=\"\" width=\"1024\" height=\"400\" data-lazy-src=\"https:\/\/www.europesays.com\/es\/wp-content\/uploads\/2025\/07\/1753913949_219_1024x400-cicloturisme-joanseguidor.jpg\"\/><\/p>\n","protected":false},"excerpt":{"rendered":"La vida de Bradley Wiggins sigue siendo una monta\u00f1a rusa sin final Sinceramente, siempre me ha gustado Bradley&hellip;\n","protected":false},"author":2,"featured_media":3749,"comment_status":"","ping_status":"","sticky":false,"template":"","format":"standard","meta":{"footnotes":""},"categories":[273],"tags":[313,312,168,3594,25,24,2548,23,167],"class_list":{"0":"post-180061","1":"post","2":"type-post","3":"status-publish","4":"format-standard","5":"has-post-thumbnail","7":"category-ciclismo","8":"tag-ciclismo","9":"tag-cycling","10":"tag-deportes","11":"tag-enric-mas","12":"tag-es","13":"tag-espana","14":"tag-featured","15":"tag-spain","16":"tag-sports"},"share_on_mastodon":{"url":"","error":""},"_links":{"self":[{"href":"https:\/\/www.europesays.com\/es\/wp-json\/wp\/v2\/posts\/180061","targetHints":{"allow":["GET"]}}],"collection":[{"href":"https:\/\/www.europesays.com\/es\/wp-json\/wp\/v2\/posts"}],"about":[{"href":"https:\/\/www.europesays.com\/es\/wp-json\/wp\/v2\/types\/post"}],"author":[{"embeddable":true,"href":"https:\/\/www.europesays.com\/es\/wp-json\/wp\/v2\/users\/2"}],"replies":[{"embeddable":true,"href":"https:\/\/www.europesays.com\/es\/wp-json\/wp\/v2\/comments?post=180061"}],"version-history":[{"count":0,"href":"https:\/\/www.europesays.com\/es\/wp-json\/wp\/v2\/posts\/180061\/revisions"}],"wp:featuredmedia":[{"embeddable":true,"href":"https:\/\/www.europesays.com\/es\/wp-json\/wp\/v2\/media\/3749"}],"wp:attachment":[{"href":"https:\/\/www.europesays.com\/es\/wp-json\/wp\/v2\/media?parent=180061"}],"wp:term":[{"taxonomy":"category","embeddable":true,"href":"https:\/\/www.europesays.com\/es\/wp-json\/wp\/v2\/categories?post=180061"},{"taxonomy":"post_tag","embeddable":true,"href":"https:\/\/www.europesays.com\/es\/wp-json\/wp\/v2\/tags?post=180061"}],"curies":[{"name":"wp","href":"https:\/\/api.w.org\/{rel}","templated":true}]}}