{"id":180062,"date":"2025-10-16T07:03:08","date_gmt":"2025-10-16T07:03:08","guid":{"rendered":"https:\/\/www.europesays.com\/es\/180062\/"},"modified":"2025-10-16T07:03:08","modified_gmt":"2025-10-16T07:03:08","slug":"grupo-televisa-y-la-formula-1-cierran-acuerdo-hasta-la-temporada-2028","status":"publish","type":"post","link":"https:\/\/www.europesays.com\/es\/180062\/","title":{"rendered":"Grupo Televisa y la F\u00f3rmula 1 cierran acuerdo hasta la temporada 2028"},"content":{"rendered":"<p><strong><a href=\"https:\/\/www.televisa.com\" target=\"_blank\" rel=\"noopener nofollow\">Grupo Televisa<\/a>, la compa\u00f1\u00eda l\u00edder en contenidos en espa\u00f1ol en el mundo, y la <a href=\"https:\/\/f1store4.formula1.com\/es\/?_s=gppc&amp;utm_campaign=F1+Store+-+Brand+-+Typo+-+MX+-+ES%7C18204755481&amp;utm_medium=ppc&amp;ks_id=7083_kw31384281&amp;utm_term=f\u00f3rmula%201&amp;matchtype=e&amp;utm_source=g&amp;target=kwd-287584243&amp;pcrid=619062269964&amp;adposition=&amp;gad_source=1&amp;gad_campaignid=18204755481&amp;gbraid=0AAAAAD34558iml9MT4AaEByrpS7SeX-BO&amp;gclid=Cj0KCQjwjL3HBhCgARIsAPUg7a5by0nRqodryLEs6TOL_-E_x_XdB5D1XYPbg2AQNi30xEGSvrQyXP0aArK_EALw_wcB\" target=\"_blank\" rel=\"noopener nofollow\">F\u00f3rmula 1<\/a>, m\u00e1xima categor\u00eda del automovilismo, anuncian un acuerdo para transmitir en M\u00e9xico todas sus competencias y hasta el final de la temporada 2028, consolidando as\u00ed su compromiso con las audiencias mexicanas y su pasi\u00f3n por el deporte de carreras automovil\u00edsticas m\u00e1s importante del planeta.<\/strong> En el marco de este acuerdo, Televisa llevar\u00e1 toda la actividad de la F1, a trav\u00e9s de TV abierta y de paga, en \u00e9sta \u00faltima v\u00eda <a href=\"https:\/\/www.sky.com.mx\" target=\"_blank\" rel=\"noopener nofollow\">Sky sports<\/a> en <a href=\"https:\/\/www.izzi.mx\/home\/\" target=\"_blank\" rel=\"noopener nofollow\">izzi<\/a> y <a href=\"https:\/\/www.sky.com.mx\" target=\"_blank\" rel=\"noopener nofollow\">Sky+<\/a>, con una cobertura sin precedentes para deleite de los aficionados al automovilismo en M\u00e9xico. Cobertura completa disponible en los sistemas de TV de paga izzi y Sky+. Todas las pr\u00e1cticas, sesiones de calificaci\u00f3n, carreras sprint y Grandes Premios. F1 en Sky sports F1 en TV abierta: cobertura completa del Gran Premio de M\u00e9xico. Dos Grandes Premios adicionales. Un programa con lo m\u00e1s destacado de la carrera y m\u00e1s detalles en vivo.<\/p>\n<p>\u201cNos llena de orgullo anunciar que la F\u00f3rmula 1, uno de los espect\u00e1culos deportivos de mayor crecimiento y pasi\u00f3n en M\u00e9xico y en el mundo, ser\u00e1 transmitida en su totalidad a trav\u00e9s de diversas ventanas multiplataforma en TV abierta y restringida, empezando con las transmisiones de los Grandes Premios de Austin y M\u00e9xico. Agradecemos a la F1 que seremos en M\u00e9xico, por m\u00e1s de 3 a\u00f1os, la casa oficial de todos sus Grandes Premios y que nos permitan acercar a nuestra audiencia la emoci\u00f3n de este espect\u00e1culo deportivo\u201d, se\u00f1al\u00f3 <strong>Olek Loewenstein, Presidente Global de Deportes de TelevisaUnivision.<\/strong><\/p>\n<p>\u201cLos mexicanos son profundamente apasionados de la F\u00f3rmula 1, por lo que es fundamental para nosotros contar con un excelente socio de transmisi\u00f3n en el pa\u00eds, que garantice que nuestros aficionados reciban la mejor cobertura posible de nuestro deporte. El compromiso y la cobertura de Televisa ser\u00e1n incomparables en todo M\u00e9xico, y este cambio no podr\u00eda llegar en mejor momento, con el Gran Premio de Estados Unidos en Austin este fin de semana, seguido por la carrera de casa en la Ciudad de M\u00e9xico, donde sabemos que los pilotos y equipos recibir\u00e1n una c\u00e1lida e incre\u00edble bienvenida\u201d, sostuvo <strong>Ian Holmes, Director General de Derechos de Medios y Transmisi\u00f3n de la F\u00f3rmula.<\/strong><\/p>\n<p><strong>Con esta alianza, Televisa llevar\u00e1 cada detalle de la m\u00e1xima categor\u00eda del automovilismo a las pantallas mexicanas, lo que consolida y refuerza su oferta de entretenimiento y contenidos deportivos como la m\u00e1s atractiva y completa del mercado.<\/strong><\/p>\n","protected":false},"excerpt":{"rendered":"Grupo Televisa, la compa\u00f1\u00eda l\u00edder en contenidos en espa\u00f1ol en el mundo, y la F\u00f3rmula 1, m\u00e1xima categor\u00eda&hellip;\n","protected":false},"author":2,"featured_media":180063,"comment_status":"","ping_status":"","sticky":false,"template":"","format":"standard","meta":{"footnotes":""},"categories":[270],"tags":[168,25,24,306,271,272,23,167],"class_list":{"0":"post-180062","1":"post","2":"type-post","3":"status-publish","4":"format-standard","5":"has-post-thumbnail","7":"category-formula-1","8":"tag-deportes","9":"tag-es","10":"tag-espana","11":"tag-f1","12":"tag-formula-1","13":"tag-formula1","14":"tag-spain","15":"tag-sports"},"share_on_mastodon":{"url":"","error":""},"_links":{"self":[{"href":"https:\/\/www.europesays.com\/es\/wp-json\/wp\/v2\/posts\/180062","targetHints":{"allow":["GET"]}}],"collection":[{"href":"https:\/\/www.europesays.com\/es\/wp-json\/wp\/v2\/posts"}],"about":[{"href":"https:\/\/www.europesays.com\/es\/wp-json\/wp\/v2\/types\/post"}],"author":[{"embeddable":true,"href":"https:\/\/www.europesays.com\/es\/wp-json\/wp\/v2\/users\/2"}],"replies":[{"embeddable":true,"href":"https:\/\/www.europesays.com\/es\/wp-json\/wp\/v2\/comments?post=180062"}],"version-history":[{"count":0,"href":"https:\/\/www.europesays.com\/es\/wp-json\/wp\/v2\/posts\/180062\/revisions"}],"wp:featuredmedia":[{"embeddable":true,"href":"https:\/\/www.europesays.com\/es\/wp-json\/wp\/v2\/media\/180063"}],"wp:attachment":[{"href":"https:\/\/www.europesays.com\/es\/wp-json\/wp\/v2\/media?parent=180062"}],"wp:term":[{"taxonomy":"category","embeddable":true,"href":"https:\/\/www.europesays.com\/es\/wp-json\/wp\/v2\/categories?post=180062"},{"taxonomy":"post_tag","embeddable":true,"href":"https:\/\/www.europesays.com\/es\/wp-json\/wp\/v2\/tags?post=180062"}],"curies":[{"name":"wp","href":"https:\/\/api.w.org\/{rel}","templated":true}]}}