{"id":180064,"date":"2025-10-16T07:04:14","date_gmt":"2025-10-16T07:04:14","guid":{"rendered":"https:\/\/www.europesays.com\/es\/180064\/"},"modified":"2025-10-16T07:04:14","modified_gmt":"2025-10-16T07:04:14","slug":"valencia-basket-vs-hapoel-tel-aviv-resultado-resumen-y-cronica","status":"publish","type":"post","link":"https:\/\/www.europesays.com\/es\/180064\/","title":{"rendered":"Valencia Basket vs Hapoel Tel Aviv: resultado, resumen y cr\u00f3nica"},"content":{"rendered":"<p>El Valencia Basket no pudo celebrar con victoria una noche tan at\u00edpica en el Roig Arena, donde cay\u00f3 por 93-100 ante el Hapoel Tel Aviv en un partido disputado a puerta cerrada por motivos de seguridad. En el exterior, alrededor de un millar de manifestantes se concentraron horas antes, mientras que dentro del pabell\u00f3n el silencio era el protagonista.<\/p>\n<p>En la pista, el conjunto israel\u00ed impuso su f\u00edsico y su ritmo desde el salto inicial. Los de Pedro Mart\u00ednez, siempre a remolque, no lograron ponerse por delante en ning\u00fan momento. El 2-10 de salida marc\u00f3 el tono de un primer cuarto cuesta arriba, donde la falta de fluidez ofensiva y la solidez interior del Hapoel castigaron a los taronja. Con Dan Oturu dominando la pintura y el acierto exterior de sus compa\u00f1eros, el equipo de Dimitris Itoudis alcanz\u00f3 pronto la primera renta de dobles d\u00edgitos (5-15, min. 4), obligando al t\u00e9cnico catal\u00e1n a parar el partido. A pesar de los intentos de reacci\u00f3n, el primer cuarto se cerr\u00f3 con 18-27 y sensaciones negativas.<\/p>\n<p>El segundo periodo mostr\u00f3 una leve mejor\u00eda local. Valencia Basket logr\u00f3 reducir p\u00e9rdidas, mejorar su punter\u00eda y acercarse a cinco puntos (28-33). Darius Thompson y Omari Moore tomaron las riendas ofensivas, pero el talento individual del Hapoel, sostenido por Antonio Blakeney, Johnathan Motley y un brillante Vasilije Micic, mantuvo el control del encuentro. Un arre\u00f3n final, con un triple de Badio, un 2+1 de Moore y una jugada de pizarra culminada por Costello, permiti\u00f3 a los taronja llegar al descanso vivos (47-49).<\/p>\n<p>El paso por vestuarios no cambi\u00f3 el guion. Hapoel sali\u00f3 m\u00e1s entero y volvi\u00f3 a castigar los errores del Valencia, especialmente en la circulaci\u00f3n de bal\u00f3n. Micic, dominante en la direcci\u00f3n y la anotaci\u00f3n, alcanz\u00f3 los 22 puntos al cierre del tercer cuarto, clave para sostener la ventaja israel\u00ed (70-80). El Valencia sobreviv\u00eda, en gran parte, gracias al temple de Thompson, pero la falta de consistencia defensiva imped\u00eda una remontada real.<\/p>\n<p>La reacci\u00f3n final lleg\u00f3 tarde. Con menos de cinco minutos por jugarse, los de Pedro Mart\u00ednez enlazaron cuatro triples consecutivos \u2014dos de Moore, uno de Taylor y otro de Sergio de Larrea\u2014 para firmar un parcial de 12-0. El marcador reflejaba un esperanzador 91-93. Sin embargo, la veteran\u00eda del Hapoel y la eficacia de Chris Jones, que secund\u00f3 a Micic en los instantes decisivos, apagaron cualquier intento de remontada.<\/p>\n<p>Micic, con 24 puntos, lider\u00f3 una victoria coral de un Hapoel superior en ritmo, energ\u00eda y concentraci\u00f3n. En el Valencia, Darius Thompson volvi\u00f3 a ser el m\u00e1s regular y Omari Moore destac\u00f3 con su aportaci\u00f3n ofensiva en el tramo final, finalizando con 22 puntos. La derrota deja a los taronja con balance de 2-2.<\/p>\n<p>Valencia Basket \u2013 Hapoel Tel Aviv: Resultado y marcador de la Jornada 4 de Euroliga<\/p>\n<tr>\n<td><strong>Equipo<\/strong><\/td>\n<td><strong>1C<\/strong><\/td>\n<td><strong>2C<\/strong><\/td>\n<td><strong>3C<\/strong><\/td>\n<td><strong>4C<\/strong><\/td>\n<td><strong>Final<\/strong><\/td>\n<\/tr>\n<tr>\n<td>Valencia Basket<\/td>\n<td>18<\/td>\n<td>29<\/td>\n<td>23<\/td>\n<td>23<\/td>\n<td>93<\/td>\n<\/tr>\n<tr>\n<td>Hapoel Tel Aviv<\/td>\n<td>27<\/td>\n<td>22<\/td>\n<td>31<\/td>\n<td>16<\/td>\n<td>100<\/td>\n<\/tr>\n<p style=\"text-align: right;\">Foto: Getty Images<\/p>\n<p><img decoding=\"async\" src=\"https:\/\/www.europesays.com\/es\/wp-content\/uploads\/2025\/10\/1759288088_587_mtracking.gif\" alt=\"Etiquetas de Mautic\" style=\"display:none;\"\/><\/p>\n<p><a href=\"https:\/\/www.gigantes.com\/tienda\/ultimos-numeros\/guia-euroliga-2025-26-no-1-561b-octubre-2025\/\" rel=\"nofollow noopener\" target=\"_blank\"><img loading=\"lazy\" decoding=\"async\" class=\"aligncenter wp-image-761458 size-large\" src=\"https:\/\/www.europesays.com\/es\/wp-content\/uploads\/2025\/10\/1760240049_281_INSTAGRAM-1024x1024.jpg.webp.webp\" alt=\"Gu\u00eda Euroliga\" width=\"680\" height=\"680\"  \/><\/a><\/p>\n<p>\t\t\t\t\t<img loading=\"lazy\" decoding=\"async\" src=\"https:\/\/www.europesays.com\/es\/wp-content\/uploads\/2025\/10\/mano.png\" width=\"60\" height=\"60\" alt=\"Deliza hacia abajo\"\/>Sigue deslizando hacia abajo para ver m\u00e1s contenidos<\/p>\n","protected":false},"excerpt":{"rendered":"El Valencia Basket no pudo celebrar con victoria una noche tan at\u00edpica en el Roig Arena, donde cay\u00f3&hellip;\n","protected":false},"author":2,"featured_media":180065,"comment_status":"","ping_status":"","sticky":false,"template":"","format":"standard","meta":{"footnotes":""},"categories":[269],"tags":[299,298,168,25,24,833,23,167,2916],"class_list":{"0":"post-180064","1":"post","2":"type-post","3":"status-publish","4":"format-standard","5":"has-post-thumbnail","7":"category-baloncesto","8":"tag-baloncesto","9":"tag-basketball","10":"tag-deportes","11":"tag-es","12":"tag-espana","13":"tag-euroliga","14":"tag-spain","15":"tag-sports","16":"tag-valencia-basket"},"share_on_mastodon":{"url":"","error":""},"_links":{"self":[{"href":"https:\/\/www.europesays.com\/es\/wp-json\/wp\/v2\/posts\/180064","targetHints":{"allow":["GET"]}}],"collection":[{"href":"https:\/\/www.europesays.com\/es\/wp-json\/wp\/v2\/posts"}],"about":[{"href":"https:\/\/www.europesays.com\/es\/wp-json\/wp\/v2\/types\/post"}],"author":[{"embeddable":true,"href":"https:\/\/www.europesays.com\/es\/wp-json\/wp\/v2\/users\/2"}],"replies":[{"embeddable":true,"href":"https:\/\/www.europesays.com\/es\/wp-json\/wp\/v2\/comments?post=180064"}],"version-history":[{"count":0,"href":"https:\/\/www.europesays.com\/es\/wp-json\/wp\/v2\/posts\/180064\/revisions"}],"wp:featuredmedia":[{"embeddable":true,"href":"https:\/\/www.europesays.com\/es\/wp-json\/wp\/v2\/media\/180065"}],"wp:attachment":[{"href":"https:\/\/www.europesays.com\/es\/wp-json\/wp\/v2\/media?parent=180064"}],"wp:term":[{"taxonomy":"category","embeddable":true,"href":"https:\/\/www.europesays.com\/es\/wp-json\/wp\/v2\/categories?post=180064"},{"taxonomy":"post_tag","embeddable":true,"href":"https:\/\/www.europesays.com\/es\/wp-json\/wp\/v2\/tags?post=180064"}],"curies":[{"name":"wp","href":"https:\/\/api.w.org\/{rel}","templated":true}]}}