{"id":180069,"date":"2025-10-16T07:08:12","date_gmt":"2025-10-16T07:08:12","guid":{"rendered":"https:\/\/www.europesays.com\/es\/180069\/"},"modified":"2025-10-16T07:08:12","modified_gmt":"2025-10-16T07:08:12","slug":"casa-orlandai-se-vuelve-a-llenar-de-colores-con-el-16o-encuentro-de-ilustradores-ciutat-de-la-literatura","status":"publish","type":"post","link":"https:\/\/www.europesays.com\/es\/180069\/","title":{"rendered":"Casa Orlandai se vuelve a llenar de colores con el 16\u00ba Encuentro de Ilustradores | Ciutat de la Literatura"},"content":{"rendered":"<p>El s\u00e1bado <strong>25 de octubre<\/strong>, a partir de las 11 h, <a href=\"https:\/\/casaorlandai.cat\/activitats\/trobada-dil%C2%B7lustradores-16a-edicio\/\" target=\"_blank\" rel=\"noopener nofollow\"><strong>Casa Orlandai<\/strong><\/a>\u00a0volver\u00e1 a ser el escenario de una de las citas m\u00e1s esperadas para los amantes del libro ilustrado: el <strong>16\u00ba Encuentro de Ilustradores<\/strong>, organizado por la librer\u00eda <a href=\"https:\/\/www.apeudepagina.com\/especial\/agenda\/16\/\" target=\"_blank\" rel=\"noopener nofollow\"><strong data-start=\"441\" data-end=\"460\">A peu de p\u00e0gina<\/strong><\/a> con la colaboraci\u00f3n de la Casa Orlandai.<\/p>\n<p>La jornada se desplegar\u00e1 entre la <strong data-start=\"541\" data-end=\"557\">plaza del Xiprer<\/strong> y el <strong>patio de la Palmera<\/strong>, que se llenar\u00e1n de actividades. Entre los platos fuertes se encuentran el cuentacuentos \u201c<strong>Bim Bam Bum<\/strong>\u201d, a partir del libro del mismo t\u00edtulo de <strong>Maria Gir\u00f3n<\/strong>, y el taller de ilustraci\u00f3n \u201c<strong>Animals<\/strong>\u201d con<strong> Joana Santamans<\/strong>, que tiene por objetivo reconocer a las grandes familias del mundo animal y su fascinante belleza. Tambi\u00e9n se llevar\u00e1 a cabo un cuentacuentos del libro <strong>Zoc Capit\u00e0<\/strong>, de <strong>Mar de la Rosa y Albert Array\u00e0s<\/strong>, y uno a cargo del <strong>Osset Siset<\/strong> que presentar\u00e1 el personaje de la <strong>Gateta Greta<\/strong>. Tampoco faltar\u00e1 a la cita la compa\u00f1\u00eda de cuentacuentos <strong>Vivim del Cuentu<\/strong>.<\/p>\n<p>En el vest\u00edbulo de la Casa Orlandai, a las 12.45 h, habr\u00e1 tambi\u00e9n una sesi\u00f3n de cuentacuentos y dibujo en directo con <strong>Roser Argem\u00ed<\/strong>.<\/p>\n<p>M\u00e1s informaci\u00f3n en este <a href=\"https:\/\/www.apeudepagina.com\/especial\/agenda\/16\/\" target=\"_blank\" rel=\"noopener nofollow\">enlace<\/a>.<\/p>\n","protected":false},"excerpt":{"rendered":"El s\u00e1bado 25 de octubre, a partir de las 11 h, Casa Orlandai\u00a0volver\u00e1 a ser el escenario de&hellip;\n","protected":false},"author":2,"featured_media":180070,"comment_status":"","ping_status":"","sticky":false,"template":"","format":"standard","meta":{"footnotes":""},"categories":[172],"tags":[224,146,147,25,24,225,23],"class_list":{"0":"post-180069","1":"post","2":"type-post","3":"status-publish","4":"format-standard","5":"has-post-thumbnail","7":"category-libros","8":"tag-books","9":"tag-entertainment","10":"tag-entretenimiento","11":"tag-es","12":"tag-espana","13":"tag-libros","14":"tag-spain"},"share_on_mastodon":{"url":"","error":""},"_links":{"self":[{"href":"https:\/\/www.europesays.com\/es\/wp-json\/wp\/v2\/posts\/180069","targetHints":{"allow":["GET"]}}],"collection":[{"href":"https:\/\/www.europesays.com\/es\/wp-json\/wp\/v2\/posts"}],"about":[{"href":"https:\/\/www.europesays.com\/es\/wp-json\/wp\/v2\/types\/post"}],"author":[{"embeddable":true,"href":"https:\/\/www.europesays.com\/es\/wp-json\/wp\/v2\/users\/2"}],"replies":[{"embeddable":true,"href":"https:\/\/www.europesays.com\/es\/wp-json\/wp\/v2\/comments?post=180069"}],"version-history":[{"count":0,"href":"https:\/\/www.europesays.com\/es\/wp-json\/wp\/v2\/posts\/180069\/revisions"}],"wp:featuredmedia":[{"embeddable":true,"href":"https:\/\/www.europesays.com\/es\/wp-json\/wp\/v2\/media\/180070"}],"wp:attachment":[{"href":"https:\/\/www.europesays.com\/es\/wp-json\/wp\/v2\/media?parent=180069"}],"wp:term":[{"taxonomy":"category","embeddable":true,"href":"https:\/\/www.europesays.com\/es\/wp-json\/wp\/v2\/categories?post=180069"},{"taxonomy":"post_tag","embeddable":true,"href":"https:\/\/www.europesays.com\/es\/wp-json\/wp\/v2\/tags?post=180069"}],"curies":[{"name":"wp","href":"https:\/\/api.w.org\/{rel}","templated":true}]}}