{"id":180071,"date":"2025-10-16T07:09:07","date_gmt":"2025-10-16T07:09:07","guid":{"rendered":"https:\/\/www.europesays.com\/es\/180071\/"},"modified":"2025-10-16T07:09:07","modified_gmt":"2025-10-16T07:09:07","slug":"la-mujer-mas-baja-en-espana-se-confiesa-a-sonsoles-onega-mi-marido-mide-184","status":"publish","type":"post","link":"https:\/\/www.europesays.com\/es\/180071\/","title":{"rendered":"La mujer m\u00e1s baja en Espa\u00f1a se confiesa a Sonsoles \u00d3nega: \u00abMi marido mide 1,84\u00bb"},"content":{"rendered":"<p class=\"paragraph\">La considerada mujer m\u00e1s baja de Espa\u00f1a acudi\u00f3 este mi\u00e9rcoles al programa &#8216;Y ahora Sonsoles&#8217; de Antena 3 para contar su historia. Mar\u00eda Jes\u00fas Ib\u00e1\u00f1ez, que<b> tiene tres carreras universitarias, <\/b>charl\u00f3 con Sonsoles \u00d3nega y relat\u00f3 las dificultades por las que ha atravesado, algunas de las cuales siguen vigentes.\u00a0<\/p>\n<p class=\"paragraph\">Ib\u00e1\u00f1ez, que mide 93 cent\u00edmetros, revel\u00f3 actos cotidianos que resultan complejos para ella: \u00abLos cajeros de los bancos, al no estar adaptados, me veo obligada a pedir ayuda a personas que no conozco. Cuando ser\u00eda tan f\u00e1cil con las nuevas tecnolog\u00edas de las que disponemos <b>no tener que dar la privacidad de mi n\u00famero pin y verme expuesta a alguien desconocido\u00bb.\u00a0<\/b><\/p>\n<p class=\"paragraph\">Aunque su hogar est\u00e1 totalmente adaptado a sus necesidades, reclam\u00f3 mayores ayudas y denunci\u00f3 la situaci\u00f3n en otros pa\u00edses: \u00abMi casa est\u00e1 adaptada. Tener que adaptar el hogar ah\u00ed dependes del nivel econ\u00f3mico de cada persona. Yo siempre lo digo, no es lo mismo tener discapacidad con un nivel econ\u00f3mico medio que tenerlo alto o bajo. <b>Yo he tenido mis padres que me han ayudado y que me han permitido estudiar<\/b> y tener una formaci\u00f3n\u00bb.\u00a0<\/p>\n<p class=\"paragraph\">Y prosigui\u00f3: \u00abAdem\u00e1s, tengo la suerte de haber nacido en Espa\u00f1a, porque si naces<b> en determinados pa\u00edses es todav\u00eda m\u00e1s complicado.<\/b> No nos podemos olvidar que en todos los pa\u00edses no tenemos los mismos derechos ni todo el mundo nace en las mismas familias\u00bb.\u00a0<\/p>\n<p class=\"paragraph\">A continuaci\u00f3n, Mar\u00eda Jos\u00e9 Ib\u00e1\u00f1ez relat\u00f3 su caso personal: \u00abNac\u00ed pesando un kilo y me faltaban huesos, como el f\u00e9mur o los miembros superiores. <b>Tengo un 83% de discapacidad.<\/b> Tengo 36 a\u00f1os, por lo que la medicina de hoy no tiene nada que ver con la de entonces. Se necesita invertir en ciencia. Antiguamente no hab\u00eda una explicaci\u00f3n ni las ecograf\u00edas de ahora. Mi madre se enter\u00f3 de que yo ven\u00eda con discapacidad a los seis meses de gestaci\u00f3n. La explicaci\u00f3n que les dieron fue una gripe. Pero realmente no se han puesto de acuerdo\u00bb.\u00a0<\/p>\n<p class=\"paragraph\">Finalmente, habl\u00f3 de su situaci\u00f3n sentimental: \u00abTengo tres carreras, me he casado, me he divorciado y me he vuelto a casar. <b>Mi marido actual, Cristian Mendoza, mide 1,84. <\/b>En nuestra casa todo est\u00e1 adaptado a mi altura. Nos enamoramos como cualquiera otra pareja, todo muy normal\u00bb.\u00a0<\/p>\n","protected":false},"excerpt":{"rendered":"La considerada mujer m\u00e1s baja de Espa\u00f1a acudi\u00f3 este mi\u00e9rcoles al programa &#8216;Y ahora Sonsoles&#8217; de Antena 3&hellip;\n","protected":false},"author":2,"featured_media":180072,"comment_status":"","ping_status":"","sticky":false,"template":"","format":"standard","meta":{"footnotes":""},"categories":[171],"tags":[6814,146,147,25,24,2461,1646,23,214],"class_list":{"0":"post-180071","1":"post","2":"type-post","3":"status-publish","4":"format-standard","5":"has-post-thumbnail","7":"category-tv","8":"tag-baja","9":"tag-entertainment","10":"tag-entretenimiento","11":"tag-es","12":"tag-espana","13":"tag-mujer","14":"tag-sonsoles","15":"tag-spain","16":"tag-tv"},"share_on_mastodon":{"url":"","error":""},"_links":{"self":[{"href":"https:\/\/www.europesays.com\/es\/wp-json\/wp\/v2\/posts\/180071","targetHints":{"allow":["GET"]}}],"collection":[{"href":"https:\/\/www.europesays.com\/es\/wp-json\/wp\/v2\/posts"}],"about":[{"href":"https:\/\/www.europesays.com\/es\/wp-json\/wp\/v2\/types\/post"}],"author":[{"embeddable":true,"href":"https:\/\/www.europesays.com\/es\/wp-json\/wp\/v2\/users\/2"}],"replies":[{"embeddable":true,"href":"https:\/\/www.europesays.com\/es\/wp-json\/wp\/v2\/comments?post=180071"}],"version-history":[{"count":0,"href":"https:\/\/www.europesays.com\/es\/wp-json\/wp\/v2\/posts\/180071\/revisions"}],"wp:featuredmedia":[{"embeddable":true,"href":"https:\/\/www.europesays.com\/es\/wp-json\/wp\/v2\/media\/180072"}],"wp:attachment":[{"href":"https:\/\/www.europesays.com\/es\/wp-json\/wp\/v2\/media?parent=180071"}],"wp:term":[{"taxonomy":"category","embeddable":true,"href":"https:\/\/www.europesays.com\/es\/wp-json\/wp\/v2\/categories?post=180071"},{"taxonomy":"post_tag","embeddable":true,"href":"https:\/\/www.europesays.com\/es\/wp-json\/wp\/v2\/tags?post=180071"}],"curies":[{"name":"wp","href":"https:\/\/api.w.org\/{rel}","templated":true}]}}