{"id":180073,"date":"2025-10-16T07:10:10","date_gmt":"2025-10-16T07:10:10","guid":{"rendered":"https:\/\/www.europesays.com\/es\/180073\/"},"modified":"2025-10-16T07:10:10","modified_gmt":"2025-10-16T07:10:10","slug":"tiene-81-anos-fue-pionero-del-rock-nacional-y-sigue-tocando-gente-online","status":"publish","type":"post","link":"https:\/\/www.europesays.com\/es\/180073\/","title":{"rendered":"tiene 81 a\u00f1os, fue pionero del rock nacional y sigue tocando \u2013 GENTE Online"},"content":{"rendered":"<p>Fue uno de los m\u00e1s carism\u00e1ticos de El Club del Clan y una figura clave del nacimiento del rock en espa\u00f1ol. <strong>A los 81, Johnny Tedesco<\/strong> sigue componiendo, tocando en vivo y emocion\u00e1ndose con la m\u00fasica y la familia. Su historia es la de un chico de Saavedra que conquist\u00f3 la televisi\u00f3n y los escenarios.<\/p>\n<p>Pas\u00f3 su adolescencia entre chicos que se reun\u00edan a cantar, a probar pasos de baile y a compartir tardes de descubrimiento en las plazas. Fui ah\u00ed donde forj\u00f3 la chispa que marcar\u00eda su destino. \u201cEn cada una de las esquinas viv\u00ed con asombro un mundo diferente al de mi casa. Y pude conocer, por suerte, muchos de esos mundos\u201d, recuerda en una charla con <strong>Revista GENTE<\/strong> donde recorre su bit\u00e1cora de vida. Por ese entonces no hab\u00eda micr\u00f3fonos ni luces, pero s\u00ed algo m\u00e1s poderoso: la intuici\u00f3n de que la m\u00fasica pod\u00eda ser su camino.<\/p>\n<p>Su infancia estuvo atravesada por un clima familiar en el que el arte era parte de la vida. <strong>En la casa de los Tedesco abundaban los instrumentos musicales, las danzas y las representaciones improvisadas. <\/strong>\u201cEran muy divertidos y espont\u00e1neos. Organizaban reuniones cuasi teatrales. Cada uno representaba personajes de ficci\u00f3n del cine mundial. Eran realmente muy divertidos\u201d, cuenta. Crecer en ese entorno fue como vivir en un teatro permanente.<\/p>\n<p>Ese chico de barrio que naci\u00f3 con el nombre de <strong>Alberto Felipe Soria Tedesco<\/strong> observaba todo con ojos atentos y todav\u00eda no imaginaba que d\u00e9cadas despu\u00e9s ser\u00eda uno de los nombres clave de la historia musical argentina.<\/p>\n<p>Infancia y ra\u00edces art\u00edsticas: El Club del Clan<\/p>\n<p><img decoding=\"async\" width=\"720\" height=\"480\" src=\"https:\/\/www.europesays.com\/es\/wp-content\/uploads\/2025\/10\/Johny-Tedesco-01.jpg.webp.webp\" loading=\"lazy\" alt=\"\" class=\"wp-image-616210\"\/>Portada de Johnny Tedesco en su juventud. <\/p>\n<p>Si hay una figura que marc\u00f3 profundamente sus primeros pasos fue su t\u00edo<strong> Hugo de Bruna<\/strong>. Gran bailar\u00edn y core\u00f3grafo, encendi\u00f3 en Johnny el fuego art\u00edstico desde chico. <strong>\u201cAprend\u00ed a bailar m\u00fasica. Mi inspiraci\u00f3n iba desde los Chalchaleros hasta el tap dance de Fred Astaire y Gene Kelly\u201d, recuerda. <\/strong>En un hogar donde la m\u00fasica atravesaba generaciones, ese aprendizaje era parte de la vida diaria m\u00e1s que una clase formal.<\/p>\n<p><strong>Su padre <\/strong>tambi\u00e9n tuvo un rol decisivo. Aunque amante del tango, fue quien reconoci\u00f3 primero su talento cuando Johnny, guitarra en mano, se anim\u00f3 a cantar temas de <strong>Elvis Presley<\/strong>. \u201cLa verdad es que me sorprendi\u00f3 viniendo de \u00e9l, que cantaba muy bien el tango\u201d, confiesa. Ese momento \u00edntimo, familiar, fue el punto de partida de un camino que pronto se volver\u00eda p\u00fablico.<\/p>\n<p>Mientras muchos de sus contempor\u00e1neos eran alentados a estudiar para convertirse en m\u00e9dicos, abogados o ingenieros, <strong>Johnny encontr\u00f3 su rumbo en la m\u00fasica. Lejos de reproches, su familia acompa\u00f1\u00f3 esa decisi\u00f3n con respeto y afecto<\/strong>. \u201cSiempre respetaron mi vocaci\u00f3n art\u00edstica y mi convicci\u00f3n\u201d, dice hoy con gratitud.<\/p>\n<p>La vocaci\u00f3n no fue una elecci\u00f3n estrat\u00e9gica,<strong> \u00absino algo inevitable; la  consecuencia de crecer en una familia muy relacionada a lo art\u00edstico\u201d, afirma. <\/strong>Desde muy joven se subi\u00f3 a escenarios, empez\u00f3 a girar y a vivir de la m\u00fasica, en un pa\u00eds que todav\u00eda estaba descubriendo c\u00f3mo sonar en su propio idioma.<\/p>\n<p>Ese arranque precoz tuvo su costo. <strong>\u201cComenc\u00e9 bien de chico. Ya en ese momento la popularidad era mucha\u201d, admite. <\/strong>Mientras otros adolescentes compart\u00edan bailes de colegio o escapadas inocentes, Johnny viv\u00eda entre sets de televisi\u00f3n y presentaciones. Su adolescencia se mezcl\u00f3 con la vor\u00e1gine de la fama.<\/p>\n<p><img loading=\"lazy\" decoding=\"async\" width=\"1280\" height=\"1280\" src=\"https:\/\/www.europesays.com\/es\/wp-content\/uploads\/2025\/10\/Johnny-Tedesco.jpeg.webp.webp\" alt=\"\" class=\"wp-image-616209\"\/>Lejos de esos a\u00f1os donde la popularidad no lo dejaba transitar las calles, ahora Tedesco se refugia en su familia.<\/p>\n<p>Hoy, si pudiera hablar con aquel chico, se repetir\u00eda lo que a\u00fan se dice: <strong>\u201cNo dej\u00e9s de sorprenderte y de cumplir tus sue\u00f1os haciendo lo que m\u00e1s te gusta y te hace feliz\u201d. <\/strong>Es una frase que no suena a consejo vac\u00edo, sino a mantra vivido.<\/p>\n<p>El gran salto lleg\u00f3 con El Club del Clan, el programa televisivo que cambi\u00f3 para siempre la escena musical argentina en los 60. <strong>Johnny, con su jopo impecable y su aire rockero, se convirti\u00f3 en uno de los \u00eddolos juveniles de la \u00e9poca.<\/strong> \u201cCuando las c\u00e1maras se apagaban era muy divertido. Festej\u00e1bamos estar en TV haciendo juntos un programa muy exitoso. \u00a1\u00c9ramos tan chicos!\u201d, recuerda entre risas.<\/p>\n<p>El ciclo no s\u00f3lo lanz\u00f3 carreras individuales: tambi\u00e9n consolid\u00f3 un fen\u00f3meno colectivo.<strong> El rock en castellano, que hasta entonces era incipiente, encontr\u00f3 all\u00ed un veh\u00edculo masivo para llegar a todos los hogares.<\/strong> Johnny fue parte de esa avanzada que demostr\u00f3 que no hac\u00eda falta traducir la emoci\u00f3n: pod\u00eda cantarse en el propio idioma.<\/p>\n<p>Su carrera lo llev\u00f3 m\u00e1s all\u00e1 de la m\u00fasica: al cine. \u201cFue cuando me propusieron ser actor. Hice pel\u00edculas en las que disfrut\u00e9 al lado de enormes actores. Lo viv\u00ed como un verdadero desaf\u00edo que ten\u00eda que afrontar en un medio que desconoc\u00eda. Pero vali\u00f3 la pena, fui un afortunado. Una experiencia maravillosa\u201d, cuenta con una sonrisa nost\u00e1lgica.<\/p>\n<p>Su familia, sus p\u00e9rdidas y su legado afectivo<\/p>\n<p><img decoding=\"async\" width=\"626\" height=\"727\" src=\"https:\/\/www.europesays.com\/es\/wp-content\/uploads\/2025\/10\/alanvegasoria.jpg.webp.webp\" loading=\"lazy\" alt=\"\" class=\"wp-image-616295\" style=\"width:725px;height:auto\"\/>Johnny junto a Alan Vega Soria, su hijo m\u00fasico que estuvo de gira con Rebelde Way.<\/p>\n<p>Detr\u00e1s de la figura p\u00fablica, siempre estuvo el hombre familiero.<strong> \u201cLa de disfrutar de mi maravillosa familia. El hogar, las reuniones, los domingos\u2026 es todo un verdadero disfrute\u201d, dice con ternura. <\/strong>Su casa ha sido siempre un refugio, un espacio donde la m\u00fasica se mezcla con charlas largas y risas compartidas.<\/p>\n<p>Nada lo marc\u00f3 m\u00e1s que el nacimiento de sus hijos\u2026 y la p\u00e9rdida de su primer hijo. <strong>\u201cEso fue lo m\u00e1s fuerte que me toc\u00f3 vivir\u201d, confiesa, sobre la partida de Adri\u00e1n, quien muri\u00f3 en el &#8217;96 en un accidente.<\/strong> No se guard\u00f3 nada: \u201cLos quiero y los extra\u00f1o mucho\u201d. Las palabras brotan con serenidad, como quien ha aprendido a convivir con la ausencia sin negarla.<\/p>\n<p>Tambi\u00e9n hubo momentos en los que el trabajo lo alej\u00f3 de los suyos. \u201cNo me perdono el tiempo de estar ausente por razones laborales sin poder abrazar a mis hijos y seres queridos\u201d, dice mirando hacia atr\u00e1s. Hoy, cada reuni\u00f3n familiar es sagrada. <\/p>\n<p><strong>\u201cAmo las juntadas con mis hijos y familia, y \u00faltimamente la infaltable visita de mi nietita Catalina, que nos enternece a todos\u201d, cuenta emocionado<\/strong> sobre la hija de uno de sus hierederos. Adem\u00e1s de Alan, Tedesco tiene un gran v\u00ednculo con Antonella, su hija mujer que es dise\u00f1adora de moda.<\/p>\n<p>Su carrera estuvo llena de escenarios compartidos con figuras emblem\u00e1ticas de la m\u00fasica latinoamericana. Recuerda con especial cari\u00f1o una gira por Ecuador junto a <strong>Armando Manzanero, Leo Dan y Juan Ram\u00f3n. <\/strong>\u201cTodos se pusieron de acuerdo en que yo cerrara el espect\u00e1culo. Me negu\u00e9 rotundamente y agradec\u00ed la generosidad de estos tremendos artistas. Para resolverlo, Armando Manzanero ide\u00f3 la soluci\u00f3n: lanzar una moneda al azar. Y result\u00f3 que Leo Dan cerr\u00f3 el show. Fue un momento maravilloso\u201d, relata divertido.<\/p>\n<p>Nunca pens\u00f3 en abandonar. \u201cJam\u00e1s pas\u00f3 por mi mente. Si me he tomado alg\u00fan tiempo sab\u00e1tico\u201d, aclara. A lo largo de su vida, la m\u00fasica fue m\u00e1s constante que cualquier otra cosa: incluso en los per\u00edodos de silencio, estuvo presente como una pulsi\u00f3n interna.<\/p>\n<p>A los 81, sigue sorprendi\u00e9ndose de s\u00ed mismo.<strong> \u201cMe sorprende la incansable necesidad de componer canciones\u201d, dice. <\/strong>El amor del p\u00fablico, la gratitud y la fidelidad son el motor que lo impulsa a seguir. \u201cCreo que un artista, cuando llega al coraz\u00f3n de la gente, es en forma definitiva, y eso se agradece eternamente\u201d.<\/p>\n<p>Presente, nieta y show en El Roxy<\/p>\n<p><img loading=\"lazy\" decoding=\"async\" width=\"2000\" height=\"1334\" src=\"https:\/\/www.europesays.com\/es\/wp-content\/uploads\/2025\/10\/Johnny-Tedesco7.jpg.webp.webp\" alt=\"\" class=\"wp-image-616204\"\/>Johnny sigue dando shows y mostrando su legado. <\/p>\n<p>Hoy, su d\u00eda a d\u00eda no difiere mucho del de cualquier abuelo feliz. <strong>Disfruta de la familia, compone, ensaya y planea nuevas presentaciones.<\/strong> \u201cUn d\u00eda normal fuera del escenario no es diferente al resto de las personas, porque -como te dije- tengo una familia de la que disfruto mucho cada uno de los momentos\u201d, dice. La cotidianeidad tambi\u00e9n puede ser un escenario.<\/p>\n<p>Pero cuando se encienden las luces, el esp\u00edritu vuelve a ser el mismo. <strong>\u201cEl verdadero v\u00e9rtigo lo tengo en la previa. En el escenario me olvido de todo y soy feliz\u201d, asegura<\/strong>. Ese instante, frente al p\u00fablico, sigue siendo su combustible m\u00e1s puro.<\/p>\n<p>El <strong>31 de octubre a las 22 Johnny Tedesco subir\u00e1 al escenario de El Roxy (\u00c1lvarez Thomas y Federico Lacroze) para repasar los cl\u00e1sicos de siempre <\/strong>y compartir con su gente un nuevo cap\u00edtulo de esta historia que no termina. \u201cSeguramente faltan bastantes partes, porque a\u00fan quedan muchas cosas por hacer\u201d, dice con convicci\u00f3n.<\/p>\n<p>Cuando habla de legado, no menciona discos ni rankings.<strong> \u201cEl legado que me gustar\u00eda dejar es el esfuerzo, la convicci\u00f3n, la rebeld\u00eda y sobre el querer ser\u201d, afirma.<\/strong><\/p>\n<p>Johnny Tedesco fue uno de los pioneros del rock en castellano, un \u00edcono televisivo y cinematogr\u00e1fico, y un artista que supo atravesar d\u00e9cadas sin perder su esencia. El chico de Saavedra que cantaba en las esquinas sigue ah\u00ed, con la guitarra lista, sorprendi\u00e9ndose del camino recorrido. Aunque, claro, como \u00e9l mismo dice, su historia a\u00fan se est\u00e1 contando.<\/p>\n<p>\t\t\t\t\u00a0 <\/p>\n<p>\t\t\t\t\t\t\t\t\tTEMAS<\/p>\n","protected":false},"excerpt":{"rendered":"Fue uno de los m\u00e1s carism\u00e1ticos de El Club del Clan y una figura clave del nacimiento del&hellip;\n","protected":false},"author":2,"featured_media":180074,"comment_status":"","ping_status":"","sticky":false,"template":"","format":"standard","meta":{"footnotes":""},"categories":[170],"tags":[51230,51226,146,147,25,24,51229,51227,51224,184,185,15159,51231,51225,51228,23],"class_list":{"0":"post-180073","1":"post","2":"type-post","3":"status-publish","4":"format-standard","5":"has-post-thumbnail","7":"category-musica","8":"tag-biografia-johnny-tedesco","9":"tag-club-del-clan","10":"tag-entertainment","11":"tag-entretenimiento","12":"tag-es","13":"tag-espana","14":"tag-historia-del-rock-argentino","15":"tag-idolos-de-los-60","16":"tag-johnny-tedesco","17":"tag-music","18":"tag-musica","19":"tag-pionero","20":"tag-recital-31-de-octubre-buenos-aires","21":"tag-rock-en-castellano","22":"tag-show-en-el-roxy","23":"tag-spain"},"share_on_mastodon":{"url":"","error":""},"_links":{"self":[{"href":"https:\/\/www.europesays.com\/es\/wp-json\/wp\/v2\/posts\/180073","targetHints":{"allow":["GET"]}}],"collection":[{"href":"https:\/\/www.europesays.com\/es\/wp-json\/wp\/v2\/posts"}],"about":[{"href":"https:\/\/www.europesays.com\/es\/wp-json\/wp\/v2\/types\/post"}],"author":[{"embeddable":true,"href":"https:\/\/www.europesays.com\/es\/wp-json\/wp\/v2\/users\/2"}],"replies":[{"embeddable":true,"href":"https:\/\/www.europesays.com\/es\/wp-json\/wp\/v2\/comments?post=180073"}],"version-history":[{"count":0,"href":"https:\/\/www.europesays.com\/es\/wp-json\/wp\/v2\/posts\/180073\/revisions"}],"wp:featuredmedia":[{"embeddable":true,"href":"https:\/\/www.europesays.com\/es\/wp-json\/wp\/v2\/media\/180074"}],"wp:attachment":[{"href":"https:\/\/www.europesays.com\/es\/wp-json\/wp\/v2\/media?parent=180073"}],"wp:term":[{"taxonomy":"category","embeddable":true,"href":"https:\/\/www.europesays.com\/es\/wp-json\/wp\/v2\/categories?post=180073"},{"taxonomy":"post_tag","embeddable":true,"href":"https:\/\/www.europesays.com\/es\/wp-json\/wp\/v2\/tags?post=180073"}],"curies":[{"name":"wp","href":"https:\/\/api.w.org\/{rel}","templated":true}]}}