{"id":180089,"date":"2025-10-16T07:20:13","date_gmt":"2025-10-16T07:20:13","guid":{"rendered":"https:\/\/www.europesays.com\/es\/180089\/"},"modified":"2025-10-16T07:20:13","modified_gmt":"2025-10-16T07:20:13","slug":"tu-provincia-huesca-la-magia-lucira-en-el-balonmano-nacional","status":"publish","type":"post","link":"https:\/\/www.europesays.com\/es\/180089\/","title":{"rendered":"\u2018Tu Provincia Huesca La Magia\u2019 lucir\u00e1 en el balonmano nacional"},"content":{"rendered":"<p class=\"ft-text\">Las selecciones nacionales masculina y femenina de balonmano lucir\u00e1n la imagen de la Diputaci\u00f3n Provincial de Huesca (DPH), \u2018Tu Provincia Huesca La Magia\u2019, en el frontal de sus camisetas, fruto de un acuerdo entre la instituci\u00f3n y la Real Federaci\u00f3n Aragonesa de Balonmano. Ambos combinados tienen un campeonato del mundo y europeo en los pr\u00f3ximos meses.<\/p>\n<p class=\"ft-text\">El presidente de la DPH, Isaac Claver, y el de la Real Federaci\u00f3n Espa\u00f1ola Espa\u00f1ola de Balonmano, Francisco Bl\u00e1zquez, rubricaron el contrato que vincula a ambos organismos y que asegura la presencia de la imagen corporativa oscense en el frontal de las camisetas de juego de \u2018Hispanos\u2019 y \u2018Guerreras\u2019.<\/p>\n<p class=\"ft-text\">Al acto asistieron los seleccionadores de ambos combinados espa\u00f1oles, Jordi Ribera y Ambros Mart\u00edn, as\u00ed como Sergio Serra, diputado delegado de Turismo y responsable de \u2018Tu Provincia, Huesca La Magia\u2019; y Juan Carlos Caama\u00f1o, vicepresidente de la Real Federaci\u00f3n Espa\u00f1ola de Balonmano y presidente de la Federaci\u00f3n Aragonesa de Balonmano.<\/p>\n<p class=\"ft-text\">Bl\u00e1zquez no dud\u00f3 en remarcar la importancia que tiene esta colaboraci\u00f3n para el balonmano, justificado dentro del marco del \u00faltimo encuentro de los Hispanos en Huesca en el pasado mes de mayo: \u00abHuesca es una provincia que apoya al balonmano. Llenamos el Palacio de Deportes con el partido de los Hispanos ante Letonia, en un ambiente sensacional con un pabell\u00f3n que se volc\u00f3 con nuestro equipo nacional\u00bb, subray\u00f3.<\/p>\n<p class=\"ft-text\">Se trata tambi\u00e9n de una forma de agradecer el apoyo de la afici\u00f3n oscense al balonmano. \u00abQueremos apostar por la magia de Huesca, porque notamos su apoyo. Cuando hablamos del balonmano, hablamos de familia, y por eso queremos darle la bienvenida a la nuestra. Ojal\u00e1 podamos llevar pronto de nuevo un partido de nuestros equipos nacionales al Palacio de Deportes, porque el ambiente que vivimos fue incre\u00edble\u00bb, record\u00f3.<\/p>\n<p class=\"ft-text\">Por su parte, el presidente de la Diputaci\u00f3n Provincial de Huesca, Isaac Claver, mostr\u00f3 el orgullo de la provincia por formar parte de la familia del balonmano: \u00abEstamos muy orgullosos de anunciar esta colaboraci\u00f3n. En nuestra provincia decimos que tenemos mucha magia, y ojal\u00e1 que esa magia se traslade a nuestros dos equipos nacionales, femenino y masculino\u00bb.<\/p>\n","protected":false},"excerpt":{"rendered":"Las selecciones nacionales masculina y femenina de balonmano lucir\u00e1n la imagen de la Diputaci\u00f3n Provincial de Huesca (DPH),&hellip;\n","protected":false},"author":2,"featured_media":180090,"comment_status":"","ping_status":"","sticky":false,"template":"","format":"standard","meta":{"footnotes":""},"categories":[278],"tags":[376,168,51239,25,24,2500,375,1265,15914,2518,6436,23,167],"class_list":{"0":"post-180089","1":"post","2":"type-post","3":"status-publish","4":"format-standard","5":"has-post-thumbnail","7":"category-balonmano","8":"tag-balonmano","9":"tag-deportes","10":"tag-diputacion-provincial-de-huesca","11":"tag-es","12":"tag-espana","13":"tag-federacion","14":"tag-handball","15":"tag-huesca","16":"tag-lucira","17":"tag-magia","18":"tag-provincia","19":"tag-spain","20":"tag-sports"},"share_on_mastodon":{"url":"","error":""},"_links":{"self":[{"href":"https:\/\/www.europesays.com\/es\/wp-json\/wp\/v2\/posts\/180089","targetHints":{"allow":["GET"]}}],"collection":[{"href":"https:\/\/www.europesays.com\/es\/wp-json\/wp\/v2\/posts"}],"about":[{"href":"https:\/\/www.europesays.com\/es\/wp-json\/wp\/v2\/types\/post"}],"author":[{"embeddable":true,"href":"https:\/\/www.europesays.com\/es\/wp-json\/wp\/v2\/users\/2"}],"replies":[{"embeddable":true,"href":"https:\/\/www.europesays.com\/es\/wp-json\/wp\/v2\/comments?post=180089"}],"version-history":[{"count":0,"href":"https:\/\/www.europesays.com\/es\/wp-json\/wp\/v2\/posts\/180089\/revisions"}],"wp:featuredmedia":[{"embeddable":true,"href":"https:\/\/www.europesays.com\/es\/wp-json\/wp\/v2\/media\/180090"}],"wp:attachment":[{"href":"https:\/\/www.europesays.com\/es\/wp-json\/wp\/v2\/media?parent=180089"}],"wp:term":[{"taxonomy":"category","embeddable":true,"href":"https:\/\/www.europesays.com\/es\/wp-json\/wp\/v2\/categories?post=180089"},{"taxonomy":"post_tag","embeddable":true,"href":"https:\/\/www.europesays.com\/es\/wp-json\/wp\/v2\/tags?post=180089"}],"curies":[{"name":"wp","href":"https:\/\/api.w.org\/{rel}","templated":true}]}}