{"id":180091,"date":"2025-10-16T07:22:08","date_gmt":"2025-10-16T07:22:08","guid":{"rendered":"https:\/\/www.europesays.com\/es\/180091\/"},"modified":"2025-10-16T07:22:08","modified_gmt":"2025-10-16T07:22:08","slug":"de-poder-ser-candidato-titular-a-una-pelea-de-rodaje","status":"publish","type":"post","link":"https:\/\/www.europesays.com\/es\/180091\/","title":{"rendered":"de poder ser candidato titular a una pelea de rodaje"},"content":{"rendered":"<p data-gtm-element-container=\"modulo-texto-link\" class=\"paragraph\"><strong>Reinier de Ridder (21-2, 4 KO)<\/strong> regresa a la acci\u00f3n, pero no como \u00e9l mismo hubiera deseado. En sus mejores sue\u00f1os, una victoria dominante en el nuevo evento de la UFC en Vancouver hubieran alzado sus aspiraciones hasta la conversaci\u00f3n titular del peso medio. Sin embargo, <strong>la lesi\u00f3n de Anthony Hern\u00e1ndez (15-2, 3 KO) en septiembre releg\u00f3 al ex doble campe\u00f3n de ONE Championship a un drama deportivo<\/strong>: sin un compa\u00f1ero de baile que posea papeletas para ser el siguiente en competir ante el campe\u00f3n, el peleador de Tilburgo est\u00e1 condenado a una mera pelea de rodaje en Canad\u00e1.<\/p>\n<blockquote class=\"twitter-tweet\" data-lang=\"es\"><p>\n<a href=\"https:\/\/twitter.com\/ChampRDS\/status\/1977863235463180766\" rel=\"nofollow noopener\" target=\"_blank\">\n<\/p><\/blockquote>\n<p data-gtm-element-container=\"modulo-texto-link\" class=\"paragraph\">Anthony Hern\u00e1ndez ten\u00eda la llave para desbloquear un posible combate ante Khamzat Chimaev. La UFC anunci\u00f3 la pelea entre el neerland\u00e9s y Fluffy, a la misma vez que en el calendario quedaba cada vez m\u00e1s cerca la velada de la compa\u00f1\u00eda en Par\u00eds, donde Nassourdine Imavov termin\u00f3 por vencer a Caio Borralho. El baile de contendientes ten\u00eda cuatro candidatos: <strong>el competidor que supiera brillar mejor dentro del oct\u00e1gono, iba a tener una oportunidad frente al campe\u00f3n.\u00a0<\/strong><\/p>\n<p data-gtm-element-container=\"modulo-texto-link\" class=\"paragraph\">La lesi\u00f3n del americano no s\u00f3lo fren\u00f3 las aspiraciones del propio Reinier de Ridder, <strong>sino que tambi\u00e9n supuso un &#8216;varapalo&#8217; tremendo para su propia carrera<\/strong>. Fluffy atraviesa una racha de victorias tremenda, con cinco a\u00f1os de imbatibilidad, y pod\u00eda ascender en los rankings hasta el tercer puesto si venc\u00eda al neerland\u00e9s. Ahora, tendr\u00e1 que ser un espectador m\u00e1s de un evento que ha condenado al ex doble campe\u00f3n de ONE Championship a mantener su actividad ante el noveno de la categor\u00eda, <strong>Brendan Allen (25-7, 5 KO).<\/strong><\/p>\n<p>        Lee tambi\u00e9n<\/p>\n<p>    Redacci\u00f3n<\/p>\n<p>             <img loading=\"lazy\" decoding=\"async\" data-full-src=\"https:\/\/www.mundodeportivo.com\/uploads\/2025\/07\/04\/6867a670d9424.jpeg\" alt=\"Horizontal\" width=\"334\" height=\"164\" src=\"https:\/\/www.europesays.com\/es\/wp-content\/uploads\/2025\/10\/6867a670d9424.r_d.1914-1096.jpeg\" class=\"lazy\"\/><\/p>\n<p>        Lee tambi\u00e9n<\/p>\n<p>    Redacci\u00f3n<\/p>\n<p>             <img loading=\"lazy\" decoding=\"async\" data-full-src=\"https:\/\/www.mundodeportivo.com\/uploads\/2025\/06\/25\/685bb0a21fd3b.jpeg\" alt=\"Horizontal\" width=\"334\" height=\"164\" src=\"https:\/\/www.europesays.com\/es\/wp-content\/uploads\/2025\/10\/685bb0a21fd3b.r_d.2314-1317.jpeg\" class=\"lazy\"\/><\/p>\n<p data-gtm-element-container=\"modulo-texto-link\" class=\"paragraph\">El peleador estadounidense, recambio inmediato de Anthony Hern\u00e1ndez, <strong>aterrizar\u00e1 en Canad\u00e1 despu\u00e9s de vencer a un Marvin Vettori venido a menos en su carrera deportiva. <\/strong>Previo a su triunfo ante el italiano, All-in cay\u00f3 en dos ocasiones dentro del oct\u00e1gono, frente al propio Fluffy y\u00a0Nassourdine Imavov, por decisi\u00f3n un\u00e1nime. <strong>La oportunidad que recibe Allen ahora es un &#8216;win-win&#8217; de manual<\/strong>: si vence, asciende de manera considerable en la divisi\u00f3n pero, si termina por caer ante Reinier de Ridder, la UFC tendr\u00e1 en estima su gallard\u00eda al aceptar la pelea con algo menos de un mes de preparaci\u00f3n.<\/p>\n<p data-gtm-element-container=\"modulo-texto-link\" class=\"paragraph\">La situaci\u00f3n, sin embargo, es diferente para Reinier de Ridder. <strong>El neerland\u00e9s permanecer\u00e1 con la miel en los labios<\/strong>, mientras la victoria de Imavov en Francia y la lesi\u00f3n de Fluffy esfuman por completo una oportunidad inmediata en cuanto al t\u00edtulo del peso medio de la UFC, que posee Khamzat Chimaev.<strong> Con total seguridad, ser\u00e1 The Sniper el siguiente en pelear ante el checheno<\/strong>, mientras que RDR debe superar a Allen en un descafeinado evento estelar que sabe a poco para los aficionados a las artes marciales mixtas.<\/p>\n<p>    Lee tambi\u00e9n<\/p>\n<p data-gtm-element-container=\"modulo-texto-link\" class=\"paragraph\">La carrera deportiva de un artista marcial mixto puede ser una aut\u00e9ntica monta\u00f1a rusa. Claro ejemplo es la de Reinier de Ridder: <strong>el neerland\u00e9s pasar\u00e1 de poder pelear por competir ante Khamzat Chimaev por el t\u00edtulo, a una pelea de rodaje en Vancouver<\/strong> para mantener vivas sus opciones, mientras Imavov recibe la oportunidad que pudo haber ganado ante un Hern\u00e1ndez que cay\u00f3 lesionado para frustrar las oportunidades de RDR, por el momento, en la conversaci\u00f3n titular dentro de las 185 libras del <strong>Ultimate Fighting Championship.<\/strong><\/p>\n<p><script async src=\"https:\/\/platform.twitter.com\/widgets.js\" charset=\"utf-8\"><\/script><\/p>\n","protected":false},"excerpt":{"rendered":"Reinier de Ridder (21-2, 4 KO) regresa a la acci\u00f3n, pero no como \u00e9l mismo hubiera deseado. En&hellip;\n","protected":false},"author":2,"featured_media":180092,"comment_status":"","ping_status":"","sticky":false,"template":"","format":"standard","meta":{"footnotes":""},"categories":[276],"tags":[168,25,24,23,167,343],"class_list":{"0":"post-180091","1":"post","2":"type-post","3":"status-publish","4":"format-standard","5":"has-post-thumbnail","7":"category-ufc","8":"tag-deportes","9":"tag-es","10":"tag-espana","11":"tag-spain","12":"tag-sports","13":"tag-ufc"},"share_on_mastodon":{"url":"","error":""},"_links":{"self":[{"href":"https:\/\/www.europesays.com\/es\/wp-json\/wp\/v2\/posts\/180091","targetHints":{"allow":["GET"]}}],"collection":[{"href":"https:\/\/www.europesays.com\/es\/wp-json\/wp\/v2\/posts"}],"about":[{"href":"https:\/\/www.europesays.com\/es\/wp-json\/wp\/v2\/types\/post"}],"author":[{"embeddable":true,"href":"https:\/\/www.europesays.com\/es\/wp-json\/wp\/v2\/users\/2"}],"replies":[{"embeddable":true,"href":"https:\/\/www.europesays.com\/es\/wp-json\/wp\/v2\/comments?post=180091"}],"version-history":[{"count":0,"href":"https:\/\/www.europesays.com\/es\/wp-json\/wp\/v2\/posts\/180091\/revisions"}],"wp:featuredmedia":[{"embeddable":true,"href":"https:\/\/www.europesays.com\/es\/wp-json\/wp\/v2\/media\/180092"}],"wp:attachment":[{"href":"https:\/\/www.europesays.com\/es\/wp-json\/wp\/v2\/media?parent=180091"}],"wp:term":[{"taxonomy":"category","embeddable":true,"href":"https:\/\/www.europesays.com\/es\/wp-json\/wp\/v2\/categories?post=180091"},{"taxonomy":"post_tag","embeddable":true,"href":"https:\/\/www.europesays.com\/es\/wp-json\/wp\/v2\/tags?post=180091"}],"curies":[{"name":"wp","href":"https:\/\/api.w.org\/{rel}","templated":true}]}}