{"id":180099,"date":"2025-10-16T07:27:09","date_gmt":"2025-10-16T07:27:09","guid":{"rendered":"https:\/\/www.europesays.com\/es\/180099\/"},"modified":"2025-10-16T07:27:09","modified_gmt":"2025-10-16T07:27:09","slug":"siempre-es-ilusionante-pensar-que-se-puede-jugar-en-el-equipo-de-tu-isla","status":"publish","type":"post","link":"https:\/\/www.europesays.com\/es\/180099\/","title":{"rendered":"\u00abSiempre es ilusionante pensar que se puede jugar en el equipo de tu isla\u00bb"},"content":{"rendered":"<p>\u00abTodo genial. Recuper\u00e1ndome sin prisa de la lesi\u00f3n que tuve la temporada pasada, que es lo m\u00e1s importante ahora mismo. He tenido ofertas durante el verano pero no quer\u00eda comprometerme con nadie y hacer la recuperaci\u00f3n por mi cuenta y mientras, disfrutando de pasar tiempo con la familia, amigos y unos meses m\u00e1s tranquilos en casa. Eso s\u00ed, siguiendo todas las ligas, el Hestia Menorca, los equipos de Mallorca y todo lo que puedo para no desconectarme y<strong> con ganas de estar a tope y cuando llegue el momento, valorar todas las opciones que salgan<\/strong>\u00bb. Palabras ayer del \u2018cuatro\u2019 de Ma\u00f3, \u00c0lex Su\u00e1rez, a \u00abEs Diari\u00bb, mientras atraviesa una situaci\u00f3n nueva para \u00e9l, sin equipo por decisi\u00f3n propia en este arranque de la temporada 2025-26 una vez desvinculado del Real Betis sevillano.<\/p>\n<p>Y es que el ala-p\u00edvot mahon\u00e9s del a\u00f1o 1993 con pasado en infinidad de clubes de la Liga ACB y de la Primera FEB \u00faltimamente, como el mismo Betis, Tenerife, Zaragoza, Bilbao, Real Madrid o Joventut, de momento le toca ver los encuentros de baloncesto por la TV o en la grada, donde se le ha visto ya en alguna ocasi\u00f3n en las pistas baleares. Y todo ello con el prop\u00f3sito claro de, lo primero y en el mismo punto en el que se encuentra su paisano ex Real Valladolid, Agust\u00ed Sans, recuperarse al cien por cien de su <strong>grave rotura parcial de fascia plantar de pie derecho que lo tuvo meses renqueante en las filas b\u00e9ticas<\/strong>. \u00abCorrecto, estuve jugando con mucho dolor durante toda la 2024-25, con infiltraciones, tratamientos diferentes y se acab\u00f3 rompiendo. Por eso quise un verano tranquilo y recuperarme sin ninguna prisa, con mi \u2018fisio\u2019 de confianza\u00bb, se\u00f1ala el menorqu\u00edn.<\/p>\n<p><img loading=\"lazy\" decoding=\"async\" src=\"https:\/\/www.europesays.com\/es\/wp-content\/uploads\/2025\/10\/3516979.jpg\" border=\"0\" alt=\"\" width=\"1536\" height=\"2048\"\/>&#13;<br \/>\nEl mahon\u00e9s, pase\u00e1ndose hace poco por las calles de Ciutadella.&#13;<\/p>\n<p>\u00abMe encuentro mucho mejor y con muy buenas sensaciones pero no quiero correr; quiero sentirme al 100% antes de valorar todas las opciones que me han salido durante estos meses\u00bb, asegura el de Ma\u00f3, que no se pone una fecha para su regreso a las pistas, trat\u00e1ndose de una lesi\u00f3n, \u00aben la que es complicado poner fechas fijas y<strong> todo depender\u00e1 de c\u00f3mo vaya en cuanto a sensaciones, que de momento son muy buenas.<\/strong> Toca paciencia con la recuperaci\u00f3n y cuando est\u00e9 a tope, valorar\u00e9 todas las opciones que tenga sobre la mesa\u00bb, relataba ayer el baloncestista insular, vi\u00e9ndose con cuerda para rato. \u00abLa temporada pasada fue muy complicada con la lesi\u00f3n y por como acab\u00f3 todo pero me sent\u00ed c\u00f3modo en la liga y me lo pas\u00e9 bien en la pista\u00bb.<\/p>\n<p>Jugar en el Pavell\u00f3 Menorca<\/p>\n<p>\u00bfUna hipot\u00e9tica llegada al Hestia? \u00abS<strong>iempre es \u2018guay\u2019 e ilusionante pensar que se puede acabar jugando en el equipo de tu isla pero de momento nunca se ha dado la ocasi\u00f3n.<\/strong> Est\u00e1 claro que si existiera una oferta encima de la mesa la valorar\u00eda como se merece\u00bb, cierra el menorqu\u00edn, a caballo ahora entre Menorca y Mallorca.<\/p>\n<p>        El apunte        <\/p>\n<p>                        Un par\u00e9ntesis competitivo que aprovecha con familia y amigos<\/p>\n","protected":false},"excerpt":{"rendered":"\u00abTodo genial. Recuper\u00e1ndome sin prisa de la lesi\u00f3n que tuve la temporada pasada, que es lo m\u00e1s importante&hellip;\n","protected":false},"author":2,"featured_media":180100,"comment_status":"","ping_status":"","sticky":false,"template":"","format":"standard","meta":{"footnotes":""},"categories":[269],"tags":[51242,299,13146,298,168,25,24,23,167],"class_list":{"0":"post-180099","1":"post","2":"type-post","3":"status-publish","4":"format-standard","5":"has-post-thumbnail","7":"category-baloncesto","8":"tag-alex-suarez","9":"tag-baloncesto","10":"tag-baloncesto-en-menorca","11":"tag-basketball","12":"tag-deportes","13":"tag-es","14":"tag-espana","15":"tag-spain","16":"tag-sports"},"share_on_mastodon":{"url":"","error":""},"_links":{"self":[{"href":"https:\/\/www.europesays.com\/es\/wp-json\/wp\/v2\/posts\/180099","targetHints":{"allow":["GET"]}}],"collection":[{"href":"https:\/\/www.europesays.com\/es\/wp-json\/wp\/v2\/posts"}],"about":[{"href":"https:\/\/www.europesays.com\/es\/wp-json\/wp\/v2\/types\/post"}],"author":[{"embeddable":true,"href":"https:\/\/www.europesays.com\/es\/wp-json\/wp\/v2\/users\/2"}],"replies":[{"embeddable":true,"href":"https:\/\/www.europesays.com\/es\/wp-json\/wp\/v2\/comments?post=180099"}],"version-history":[{"count":0,"href":"https:\/\/www.europesays.com\/es\/wp-json\/wp\/v2\/posts\/180099\/revisions"}],"wp:featuredmedia":[{"embeddable":true,"href":"https:\/\/www.europesays.com\/es\/wp-json\/wp\/v2\/media\/180100"}],"wp:attachment":[{"href":"https:\/\/www.europesays.com\/es\/wp-json\/wp\/v2\/media?parent=180099"}],"wp:term":[{"taxonomy":"category","embeddable":true,"href":"https:\/\/www.europesays.com\/es\/wp-json\/wp\/v2\/categories?post=180099"},{"taxonomy":"post_tag","embeddable":true,"href":"https:\/\/www.europesays.com\/es\/wp-json\/wp\/v2\/tags?post=180099"}],"curies":[{"name":"wp","href":"https:\/\/api.w.org\/{rel}","templated":true}]}}