{"id":180172,"date":"2025-10-16T08:18:08","date_gmt":"2025-10-16T08:18:08","guid":{"rendered":"https:\/\/www.europesays.com\/es\/180172\/"},"modified":"2025-10-16T08:18:08","modified_gmt":"2025-10-16T08:18:08","slug":"el-hormiguero-16-9-lidera-con-mas-fuerza-el-access-y-sin-gluten-13-7-domina-despues-un-prime-time-a-la-baja","status":"publish","type":"post","link":"https:\/\/www.europesays.com\/es\/180172\/","title":{"rendered":"&#8216;El Hormiguero&#8217; (16.9%) lidera con m\u00e1s fuerza el access y &#8216;Sin gluten&#8217; (13.7%) domina despu\u00e9s un prime time a la baja"},"content":{"rendered":"<p class=\"article-text\">\n        <strong>El Hormiguero<\/strong> lidera con m\u00e1s fuerza el access prime time. El programa de <strong>Pablo Motos<\/strong> firma con la visita de <strong>David Bustamante<\/strong> su entrega m\u00e1s vista desde la primera semana de la temporada (<strong>2.010.000 espectadores<\/strong>, lo que equivale a un <strong>16.9% de cuota<\/strong>) y, por consiguiente, un dato inusualmente alto dentro de este primer mes y medio de curso.\n    <\/p>\n<p>    <a href=\"https:\/\/www.eldiario.es\/vertele\/audiencias-tv\/miercoles-15-octubre-2025-mananeros-firma-record-lidera-la-hora-de-la-1-manana-gran-interes-politico_1_12687840.html\" data-mrf-recirculation=\"saber-mas\" data-dl-event=\"saber-mas\" rel=\"nofollow noopener\" target=\"_blank\"><\/p>\n<p class=\"know-more__title\">M\u00c1S AUDIENCIAS | &#8216;Ma\u00f1aneros&#8217; (19.6%) firma otro r\u00e9cord y lidera junto a &#8216;La hora de La 1&#8217; (21.1%) una ma\u00f1ana de gran inter\u00e9s pol\u00edtico<\/p>\n<p>            <img decoding=\"async\" class=\"lazy\" loading=\"lazy\" data-src=\"https:\/\/static.eldiario.es\/clip\/4b4526ae-0bdf-48a7-8740-b2a0bf198510_16-9-aspect-ratio_default_0.jpg\" src=\"data:image\/svg+xml,%3Csvg xmlns=\" http:=\"\" viewbox=\"0 0 880 495\" alt=\"'Ma\u00f1aneros' (19.6%) firma otro r\u00e9cord y lidera junto a 'La hora de La 1' (21.1%) una ma\u00f1ana de gran inter\u00e9s pol\u00edtico\"\/><\/p>\n<p>                        <\/a><\/p>\n<p class=\"article-text\">\n        Este dato, unido a los r\u00e9cords de <strong>Pasapalabra<\/strong> (1.978.000 televidentes, su cifra m\u00e1s alta del curso) y <strong>La ruleta de la suerte<\/strong> (23.4%, mejor cuota de la temporada) y a otros grandes registros como los de <strong>Antena 3 Noticias 1<\/strong> (24%, oferta con m\u00e1s share del d\u00eda una vez m\u00e1s), ayuda a que <strong>Antena 3<\/strong> corte la buena racha de <strong>La 1<\/strong> y vuelve a ser la cadena m\u00e1s vista del pa\u00eds despu\u00e9s de haber enlazado cuatro d\u00edas seguidos sin serlo. El canal de <strong>Atresmedia (14.3%) <\/strong>aventaja en casi un punto al canal de <strong>RTVE (13.4%)<\/strong> a pesar de que este \u00faltima firma una gran ma\u00f1ana con <strong>La hora de La 1<\/strong> (21.1%) y <a href=\"https:\/\/www.eldiario.es\/vertele\/audiencias-tv\/miercoles-15-octubre-2025-mananeros-firma-record-lidera-la-hora-de-la-1-manana-gran-interes-politico_1_12687840.html\" target=\"_blank\" data-mrf-recirculation=\"links-noticia\" class=\"link\" rel=\"nofollow noopener\">Ma\u00f1aneros (19.6%, r\u00e9cord hist\u00f3rico)<\/a> y una buena noche con <strong>La Revuelta<\/strong> y <strong>Sin gluten<\/strong>.\n    <\/p>\n<p class=\"article-text\">\n        El programa de <strong>David Broncano<\/strong> no puede con El Hormiguero (-2.9 puntos en estricta coincidencia: 16.9% vs 14.5%), pero aun as\u00ed logra un registro nada desde\u00f1able <strong>(14.2% y 1.692.000)<\/strong>. A continuaci\u00f3n, la comedia culinaria cae 3.3 puntos y m\u00e1s de 200.000 espectadores respecto a su triunfal estreno del pasado mi\u00e9rcoles, pero las cifras de su segunda semana <strong>(13.7% y 991.000)<\/strong> le valen para seguir liderando la noche del mi\u00e9rcoles con una gran ventaja sobre el resto de ofertas. Entre ellas, <strong>Juego de pelotas<\/strong> (9.4% y 611.000), que marca m\u00ednimo y baja por primera vez del doble d\u00edfito en Antena 3, y <strong>La agencia<\/strong> (7.9% y 567.000), que contin\u00faa muy por debajo de esa barrera en <strong>Telecinco<\/strong>.\n    <\/p>\n<p class=\"article-text\">\n        Cierran el prime time <strong>Callejeros<\/strong> (6.1% y 441.000), que cede medio punto en <strong>Cuatro<\/strong> con su segunda entrega de la temporada, y la pel\u00edcula <strong>La tribu<\/strong> (5.3% y 390.000), que se queda por detr\u00e1s en <strong>laSexta<\/strong>. Antes, <strong>First Dates<\/strong> (7.8% y 940.000) supera a <strong>El Intermedio<\/strong> (6.6% y 798.000) en otro buen access para <strong>Cifras y letras<\/strong> en <strong>La 2<\/strong> (6.3% y 767.000), pero no para la \u00faltima hora de <strong>Supervivientes All Stars<\/strong> en Telecinco (7% y 820.000).\n    <\/p>\n<ul>\n<li><strong>PROGRAMAS CON MEJOR CUOTA DEL MI\u00c9RCOLES (POR CADENAS)<\/strong><\/li>\n<\/ul>\n<tr>\n<td colspan=\"2\" class=\"                                                \">\n                    <strong>                    Antena 3:<br \/>\n                    <\/strong>                <\/td>\n<td class=\"                                                \">\n                                        La ruleta de la suerte\n                                    <\/td>\n<td class=\"new_share__tbl--5                                                \">\n                                        23.4%\n                                    <\/td>\n<\/tr>\n<tr>\n<td colspan=\"2\" class=\"                                                \">\n                    <strong>                    La 1:<br \/>\n                    <\/strong>                <\/td>\n<td class=\"                                                \">\n                                        La hora de La 1\n                                    <\/td>\n<td class=\"new_share__tbl--5                                                \">\n                                        21.1%\n                                    <\/td>\n<\/tr>\n<tr>\n<td colspan=\"2\" class=\"                                                \">\n                    <strong>                    laSexta:<br \/>\n                    <\/strong>                <\/td>\n<td class=\"                                                \">\n                                        Aruser@s\n                                    <\/td>\n<td class=\"new_share__tbl--5                                                \">\n                                        14.9%\n                                    <\/td>\n<\/tr>\n<tr>\n<td colspan=\"2\" class=\"                                                \">\n                    <strong>                    Telecinco:<br \/>\n                    <\/strong>                <\/td>\n<td class=\"                                                \">\n                                        El programa de Ana Rosa\n                                    <\/td>\n<td class=\"new_share__tbl--5                                                \">\n                                        13.6%\n                                    <\/td>\n<\/tr>\n<tr>\n<td colspan=\"2\" class=\"                                                \">\n                    <strong>                    Cuatro:<br \/>\n                    <\/strong>                <\/td>\n<td class=\"                                                \">\n                                        First dates\n                                    <\/td>\n<td class=\"new_share__tbl--5                                                \">\n                                        7.8%\n                                    <\/td>\n<\/tr>\n<tr>\n<td colspan=\"2\" class=\"                                                \">\n                    <strong>                    La 2:<br \/>\n                    <\/strong>                <\/td>\n<td class=\"                                                \">\n                                        Malas lenguas\n                                    <\/td>\n<td class=\"new_share__tbl--5                                                \">\n                                        6.4%\n                                    <\/td>\n<\/tr>\n<tr>\n<td colspan=\"2\" class=\"                                                \">\n                    <strong>                    Informativo con mejor share:<br \/>\n                    <\/strong>                <\/td>\n<td class=\"                                                \">\n                                        Antena 3 Noticias 1\n                                    <\/td>\n<td class=\"new_share__tbl--5                                                \">\n                                        24%\n                                    <\/td>\n<\/tr>\n<p class=\"article-text\">\n        *Programas emitidos entre las 09:00 y las 01:00 horas\n    <\/p>\n<p class=\"article-text\">\n        \u201cPasapalabra\u201d (Antena 3), a las 21:03 con 2.972.170 espectadores y un 28.1% de share\n    <\/p>\n<p>    D\u00eda<\/p>\n<tr>\n<td class=\"                                                \">\n                                        Antena 3\n                                    <\/td>\n<td class=\"new_share__tbl--5                                                \">\n                                        14.3%\n                                    <\/td>\n<\/tr>\n<tr>\n<td class=\"                                                \">\n                                        La 1\n                                    <\/td>\n<td class=\"new_share__tbl--5                                                \">\n                                        13.4%\n                                    <\/td>\n<\/tr>\n<tr>\n<td class=\"                                                \">\n                                        Telecinco\n                                    <\/td>\n<td class=\"new_share__tbl--5                                                \">\n                                        8.7%\n                                    <\/td>\n<\/tr>\n<tr>\n<td class=\"                                                \">\n                                        Tem\u00e1ticas de pago\n                                    <\/td>\n<td class=\"new_share__tbl--5                                                \">\n                                        8.6%\n                                    <\/td>\n<\/tr>\n<tr>\n<td class=\"                                                \">\n                                        Auton\u00f3micas (FORTA)\n                                    <\/td>\n<td class=\"new_share__tbl--5                                                \">\n                                        8.5%\n                                    <\/td>\n<\/tr>\n<tr>\n<td class=\"                                                \">\n                                        laSexta\n                                    <\/td>\n<td class=\"new_share__tbl--5                                                \">\n                                        6.3%\n                                    <\/td>\n<\/tr>\n<tr>\n<td class=\"                                                \">\n                                        Cuatro\n                                    <\/td>\n<td class=\"new_share__tbl--5                                                \">\n                                        5.9%\n                                    <\/td>\n<\/tr>\n<tr>\n<td class=\"                                                \">\n                                        La 2\n                                    <\/td>\n<td class=\"new_share__tbl--5                                                \">\n                                        3.1%\n                                    <\/td>\n<\/tr>\n<tr>\n<td class=\"                                                \">\n                                        Auton\u00f3micas privadas\n                                    <\/td>\n<td class=\"new_share__tbl--5                                                \">\n                                        0.2%\n                                    <\/td>\n<\/tr>\n<p>    Mes<\/p>\n<tr>\n<td class=\"                                                \">\n                                        La 1\n                                    <\/td>\n<td class=\"new_share__tbl--5                                                \">\n                                        12.9%\n                                    <\/td>\n<\/tr>\n<tr>\n<td class=\"                                                \">\n                                        Antena 3\n                                    <\/td>\n<td class=\"new_share__tbl--5                                                \">\n                                        12.8%\n                                    <\/td>\n<\/tr>\n<tr>\n<td class=\"                                                \">\n                                        Tem\u00e1ticas de pago\n                                    <\/td>\n<td class=\"new_share__tbl--5                                                \">\n                                        10.6%\n                                    <\/td>\n<\/tr>\n<tr>\n<td class=\"                                                \">\n                                        Telecinco\n                                    <\/td>\n<td class=\"new_share__tbl--5                                                \">\n                                        9.3%\n                                    <\/td>\n<\/tr>\n<tr>\n<td class=\"                                                \">\n                                        Auton\u00f3micas (FORTA)\n                                    <\/td>\n<td class=\"new_share__tbl--5                                                \">\n                                        8.6%\n                                    <\/td>\n<\/tr>\n<tr>\n<td class=\"                                                \">\n                                        laSexta\n                                    <\/td>\n<td class=\"new_share__tbl--5                                                \">\n                                        5.9%\n                                    <\/td>\n<\/tr>\n<tr>\n<td class=\"                                                \">\n                                        Cuatro\n                                    <\/td>\n<td class=\"new_share__tbl--5                                                \">\n                                        5.8%\n                                    <\/td>\n<\/tr>\n<tr>\n<td class=\"                                                \">\n                                        La 2\n                                    <\/td>\n<td class=\"new_share__tbl--5                                                \">\n                                        3.1%\n                                    <\/td>\n<\/tr>\n<tr>\n<td class=\"                                                \">\n                                        Auton\u00f3micas privadas\n                                    <\/td>\n<td class=\"new_share__tbl--5                                                \">\n                                        0.3%\n                                    <\/td>\n<\/tr>\n<p class=\"article-text\">\n        <strong>SOBREMESA<\/strong>\n    <\/p>\n<tr>\n<td class=\"                                                \">\n                                        Antena 3 Noticias 1\n                                    <\/td>\n<td class=\"new_share__tbl--5                                                \">\n                                        24%\n                                    <\/td>\n<td class=\"                        new_share__tbl--10                        \">\n                                        2.171.000\n                                    <\/td>\n<\/tr>\n<tr>\n<td class=\"                                                \">\n                                        Telediario 1\n                                    <\/td>\n<td class=\"new_share__tbl--5                                                \">\n                                        14.7%\n                                    <\/td>\n<td class=\"                        new_share__tbl--10                        \">\n                                        1.333.000\n                                    <\/td>\n<\/tr>\n<tr>\n<td class=\"                                                \">\n                                        Informativos Telecinco 15h\n                                    <\/td>\n<td class=\"new_share__tbl--5                                                \">\n                                        9.5%\n                                    <\/td>\n<td class=\"                        new_share__tbl--10                        \">\n                                        862.000\n                                    <\/td>\n<\/tr>\n<tr>\n<td class=\"                                                \">\n                                        laSexta Noticias 14h\n                                    <\/td>\n<td class=\"new_share__tbl--5                                                \">\n                                        8.1%\n                                    <\/td>\n<td class=\"                        new_share__tbl--10                        \">\n                                        617.000\n                                    <\/td>\n<\/tr>\n<tr>\n<td class=\"                                                \">\n                                        Jugones\n                                    <\/td>\n<td class=\"new_share__tbl--5                                                \">\n                                        5.6%\n                                    <\/td>\n<td class=\"                        new_share__tbl--10                        \">\n                                        512.000\n                                    <\/td>\n<\/tr>\n<tr>\n<td class=\"                                                \">\n                                        Noticias Cuatro 1\n                                    <\/td>\n<td class=\"new_share__tbl--5                                                \">\n                                        7.4%\n                                    <\/td>\n<td class=\"                        new_share__tbl--10                        \">\n                                        507.000\n                                    <\/td>\n<\/tr>\n<p class=\"article-text\">\n        <strong>PRIME TIME<\/strong>\n    <\/p>\n<tr>\n<td class=\"                                                \">\n                                        Antena 3 Noticias 2\n                                    <\/td>\n<td class=\"new_share__tbl--5                                                \">\n                                        18.9%\n                                    <\/td>\n<td class=\"                        new_share__tbl--10                        \">\n                                        2.093.000\n                                    <\/td>\n<\/tr>\n<tr>\n<td class=\"                                                \">\n                                        Telediario 2\n                                    <\/td>\n<td class=\"new_share__tbl--5                                                \">\n                                        14.1%\n                                    <\/td>\n<td class=\"                        new_share__tbl--10                        \">\n                                        1.557.000\n                                    <\/td>\n<\/tr>\n<tr>\n<td class=\"                                                \">\n                                        Informativos Telecinco 21h\n                                    <\/td>\n<td class=\"new_share__tbl--5                                                \">\n                                        7.6%\n                                    <\/td>\n<td class=\"                        new_share__tbl--10                        \">\n                                        861.000\n                                    <\/td>\n<\/tr>\n<tr>\n<td class=\"                                                \">\n                                        laSexta Noticias 20h\n                                    <\/td>\n<td class=\"new_share__tbl--5                                                \">\n                                        6.5%\n                                    <\/td>\n<td class=\"                        new_share__tbl--10                        \">\n                                        568.000\n                                    <\/td>\n<\/tr>\n<tr>\n<td class=\"                                                \">\n                                        laSexta Clave\n                                    <\/td>\n<td class=\"new_share__tbl--5                                                \">\n                                        4%\n                                    <\/td>\n<td class=\"                        new_share__tbl--10                        \">\n                                        430.000\n                                    <\/td>\n<\/tr>\n<tr>\n<td class=\"                                                \">\n                                        Noticias Cuatro 2\n                                    <\/td>\n<td class=\"new_share__tbl--5                                                \">\n                                        5.6%\n                                    <\/td>\n<td class=\"                        new_share__tbl--10                        \">\n                                        484.000\n                                    <\/td>\n<\/tr>\n<p class=\"article-text\">\n        <strong>FRANJA MATINAL<\/strong>\n    <\/p>\n<tr>\n<td class=\"                                                \">\n                                        Telediario matinal\n                                    <\/td>\n<td class=\"new_share__tbl--5                                                \">\n                                        19.5%\n                                    <\/td>\n<td class=\"                        new_share__tbl--10                        \">\n                                        159.000\n                                    <\/td>\n<\/tr>\n<tr>\n<td class=\"                                                \">\n                                        Antena 3 Noticias de la ma\u00f1ana\n                                    <\/td>\n<td class=\"new_share__tbl--5                                                \">\n                                        12.5%\n                                    <\/td>\n<td class=\"                        new_share__tbl--10                        \">\n                                        146.000\n                                    <\/td>\n<\/tr>\n<tr>\n<td class=\"                                                \">\n                                        El Matinal (Telecinco)\n                                    <\/td>\n<td class=\"new_share__tbl--5                                                \">\n                                        9.1%\n                                    <\/td>\n<td class=\"                        new_share__tbl--10                        \">\n                                        111.000\n                                    <\/td>\n<\/tr>\n<p class=\"article-text\">\n        .\n    <\/p>\n<p>    <a href=\"https:\/\/www.eldiario.es\/vertele\/analisis\/no-solo-genocidio-gaza-infracciones-kan-israel-deberia-expulsada-eurovision-uer_1_12682648.html\" data-mrf-recirculation=\"saber-mas-abajo\" data-dl-event=\"saber-mas-abajo\" rel=\"nofollow noopener\" target=\"_blank\"><\/p>\n<p class=\"know-more__title\">No es s\u00f3lo el genocidio en Gaza: las infracciones por las que la KAN de Israel deber\u00eda ser expulsada de Eurovisi\u00f3n\n<\/p>\n<p>            <img decoding=\"async\" class=\"lazy\" loading=\"lazy\" data-src=\"https:\/\/static.eldiario.es\/clip\/6ea4b5e2-4565-46ca-a351-bd4bef1af759_16-9-aspect-ratio_default_0.jpg\" src=\"data:image\/svg+xml,%3Csvg xmlns=\" http:=\"\" viewbox=\"0 0 880 495\" alt=\"No es s\u00f3lo el genocidio en Gaza: las infracciones por las que la KAN de Israel deber\u00eda ser expulsada de Eurovisi\u00f3n\"\/><\/p>\n<p>                        <\/a><\/p>\n<p class=\"article-text\">\n        Todos los datos de audiencia de este informe son CON invitados y CON segundas residencias, el est\u00e1ndar del sector acordado por las cadenas con Kantar Media y aceptado por los anunciantes. Kantar Media, como fabricante de la base de datos que contiene los \u00edndices de audiencia, es la propietaria exclusiva de la informaci\u00f3n suministrada a Vertele. Cualquier utilizaci\u00f3n o reutilizaci\u00f3n de los datos y el uso indebido de los productos Kantar Media S.A. dar\u00e1 lugar a las correspondientes responsabilidades legales.\n    <\/p>\n","protected":false},"excerpt":{"rendered":"El Hormiguero lidera con m\u00e1s fuerza el access prime time. El programa de Pablo Motos firma con la&hellip;\n","protected":false},"author":2,"featured_media":180173,"comment_status":"","ping_status":"","sticky":false,"template":"","format":"standard","meta":{"footnotes":""},"categories":[171],"tags":[9122,45,15564,6814,987,30712,5813,146,147,25,24,8720,2289,295,9072,521,26937,23,522,214],"class_list":{"0":"post-180172","1":"post","2":"type-post","3":"status-publish","4":"format-standard","5":"has-post-thumbnail","7":"category-tv","8":"tag-9122","9":"tag-45","10":"tag-access","11":"tag-baja","12":"tag-despues","13":"tag-domina","14":"tag-el-hormiguero","15":"tag-entertainment","16":"tag-entretenimiento","17":"tag-es","18":"tag-espana","19":"tag-fuerza","20":"tag-lidera","21":"tag-miercoles","22":"tag-octubre","23":"tag-prime","24":"tag-sin-gluten","25":"tag-spain","26":"tag-time","27":"tag-tv"},"share_on_mastodon":{"url":"","error":""},"_links":{"self":[{"href":"https:\/\/www.europesays.com\/es\/wp-json\/wp\/v2\/posts\/180172","targetHints":{"allow":["GET"]}}],"collection":[{"href":"https:\/\/www.europesays.com\/es\/wp-json\/wp\/v2\/posts"}],"about":[{"href":"https:\/\/www.europesays.com\/es\/wp-json\/wp\/v2\/types\/post"}],"author":[{"embeddable":true,"href":"https:\/\/www.europesays.com\/es\/wp-json\/wp\/v2\/users\/2"}],"replies":[{"embeddable":true,"href":"https:\/\/www.europesays.com\/es\/wp-json\/wp\/v2\/comments?post=180172"}],"version-history":[{"count":0,"href":"https:\/\/www.europesays.com\/es\/wp-json\/wp\/v2\/posts\/180172\/revisions"}],"wp:featuredmedia":[{"embeddable":true,"href":"https:\/\/www.europesays.com\/es\/wp-json\/wp\/v2\/media\/180173"}],"wp:attachment":[{"href":"https:\/\/www.europesays.com\/es\/wp-json\/wp\/v2\/media?parent=180172"}],"wp:term":[{"taxonomy":"category","embeddable":true,"href":"https:\/\/www.europesays.com\/es\/wp-json\/wp\/v2\/categories?post=180172"},{"taxonomy":"post_tag","embeddable":true,"href":"https:\/\/www.europesays.com\/es\/wp-json\/wp\/v2\/tags?post=180172"}],"curies":[{"name":"wp","href":"https:\/\/api.w.org\/{rel}","templated":true}]}}