{"id":18020,"date":"2025-08-01T07:30:09","date_gmt":"2025-08-01T07:30:09","guid":{"rendered":"https:\/\/www.europesays.com\/es\/18020\/"},"modified":"2025-08-01T07:30:09","modified_gmt":"2025-08-01T07:30:09","slug":"yu-zidi-su-salud-fisica-y-mental-a-debate","status":"publish","type":"post","link":"https:\/\/www.europesays.com\/es\/18020\/","title":{"rendered":"Yu Zidi, su salud f\u00edsica y mental, a debate"},"content":{"rendered":"<p class=\"mb-4 text-lg md:leading-8 break-words\">Madrid, 31 jul (EFE).- La explosi\u00f3n y \u00e9xito abrumador de la nadadora china Yu Zidi, de tan s\u00f3lo 12 a\u00f1os, en los Mundiales de Singapur, alienta el debate en la comunidad internacional.\u00bfEs seguro y sano desde el flanco f\u00edsico y mental que atletas tan j\u00f3venes compitan en grandes escenarios, en el alto rendimiento?.<\/p>\n<p class=\"mb-4 text-lg md:leading-8 break-words\">La doctora Patricia N\u00fa\u00f1ez de Aysa, m\u00e9dica rehabilitadora perteneciente a la cl\u00ednica Ripoll y De Prado, en Madrid, alerta de que su caso, como el de otros deportistas, este tipo de apariciones tan tempranas puede conllevar cada vez m\u00e1s riesgos.<\/p>\n<p class=\"mb-4 text-lg md:leading-8 break-words\">\u201cSe trata de competir ante millones de ojos, miles de personas con expectativas muy grandes y la gran mayor\u00eda de las veces sin una red emocional muy s\u00f3lida. Esta red emocional, que incluso la mayor\u00eda de deportistas carece, porque no es f\u00e1cil construirla, en una edad tan temprana es m\u00e1s probable que falte. Toda esta presi\u00f3n puede generar ansiedad, alteraciones del sue\u00f1o, trastornos de la alimentaci\u00f3n o, incluso, al rechazo del deporte si no se gestiona bien\u201d, explica a EFE la doctora.<\/p>\n<p class=\"mb-4 text-lg md:leading-8 break-words\">La cada vez mayor exposici\u00f3n de deportistas tremendamente j\u00f3venes que aparecen compitiendo en la excelencia tiende a eclipsar el crecimiento normal de un atleta que no quema las fases tan r\u00e1pido. Asimismo, enfoca las miradas en las expectativas, en un momento en el que los y las deportistas tienen el riesgo de abandonar la coherencia con unos resultados propios a su crecimiento, deportivo y humano.<\/p>\n<p class=\"mb-4 text-lg md:leading-8 break-words\">\u201cEl alto rendimiento en la infancia es posible, pero tiene que ir de la mano de la salud f\u00edsica y salud mental. Es indispensable para que el deportista pueda ir desarroll\u00e1ndose de manera saludable. Es una visi\u00f3n a largo plazo. No solo queremos campeonas ahora, queremos mujeres sanas, \u00edntegras y felices y capaces dentro de diez a\u00f1os\u201d, exclama la m\u00e9dica, que muestra preocupaci\u00f3n por el trato hacia estos deportistas de cara al resto de su carrera.<\/p>\n<p class=\"mb-4 text-lg md:leading-8 break-words\">El estr\u00e9s y la ansiedad son los factores de riesgo m\u00e1s comunes en estos casos. Un cerebro que todav\u00eda est\u00e1 en crecimiento es altamente sensible al estr\u00e9s y la cronicidad de este estr\u00e9s, seg\u00fan indica la doctora. Esta permeabilidad exige que haya un apoyo educativo y psicol\u00f3gico muy claro para evitar dejar cicatrices en los atletas.<\/p>\n<p class=\"mb-4 text-lg md:leading-8 break-words\">\u201cSi no se acompa\u00f1a de un apoyo educativo y psicol\u00f3gico muy claro, puede ir dejando cicatrices en los deportistas. Es muy importante que ni\u00f1as y ni\u00f1os de la edad de Yu Zidi tengan un entorno que les proteja y les cuide y les recuerde que antes de deportistas son personas que adem\u00e1s est\u00e1n en crecimiento\u201d, desarrolla Patricia N\u00fa\u00f1ez.<\/p>\n<p class=\"mb-4 text-lg md:leading-8 break-words\">Existe, asimismo, el miedo a la lesi\u00f3n f\u00edsica. El estr\u00e9s mental puede ir acompa\u00f1ado, por la carga de trabajo y el sobre\u00faso de la musculatura, de un estr\u00e9s muscular ante un sistema muscular y esquel\u00e9tico que todav\u00eda no se ha desarrollado del todo, por lo que se insta a tener una regulaci\u00f3n muy clara de la carga de entrenamientos, seg\u00fan la m\u00e9dica.<\/p>\n<p class=\"mb-4 text-lg md:leading-8 break-words\">Un cuidado, control y una atenci\u00f3n necesarias para que el deportista de \u00e9lite tenga una carrera dilata y respetada pero, sobre todo, una vida digna ante los riesgos de la exposici\u00f3n y la tensi\u00f3n del deporte de alta competici\u00f3n<\/p>\n<p class=\"mb-4 text-lg md:leading-8 break-words\">Yu Zidi, con s\u00f3lo 12 a\u00f1os, igual\u00f3 el r\u00e9cord de precocidad de la danesa Inge Sorensen, tras colgarse este jueves la medalla de bronce en el relevo de 4&#215;200 libre en los Mundiales de Singapur.Sorensen, con la misma edad, subi\u00f3 al podio en los Juegos Ol\u00edmpicos de Berl\u00edn 1936.<\/p>\n<p class=\"mb-4 text-lg md:leading-8 break-words\">Antes, la nadadora china no pudo colgarse otra medalla por cent\u00e9simas en la modalidad de 200 metros mariposa, quedando cuarta a las puertas de lograr lo que parec\u00eda impensable: que una ni\u00f1a se hiciera con el bronce batiendo a\u00fan m\u00e1s los r\u00e9cords de precocidad. Eso s\u00ed, sus buenos resultados y la sorpresa internacional ponen en duda si es seguro y sano para atletas tan j\u00f3venes competir en estos grandes escenarios, f\u00edsica y mentalmente.<\/p>\n<p class=\"mb-4 text-lg md:leading-8 break-words\">V\u00edctor Castell\u00f3<\/p>\n<p class=\"mb-4 text-lg md:leading-8 break-words\">(c) Agencia EFE<\/p>\n","protected":false},"excerpt":{"rendered":"Madrid, 31 jul (EFE).- La explosi\u00f3n y \u00e9xito abrumador de la nadadora china Yu Zidi, de tan s\u00f3lo&hellip;\n","protected":false},"author":2,"featured_media":18021,"comment_status":"","ping_status":"","sticky":false,"template":"","format":"standard","meta":{"footnotes":""},"categories":[93],"tags":[168,11432,995,11433,25,24,23,167,11430,11431],"class_list":{"0":"post-18020","1":"post","2":"type-post","3":"status-publish","4":"format-standard","5":"has-post-thumbnail","7":"category-deportes","8":"tag-deportes","9":"tag-deportista-de-elite","10":"tag-efe","11":"tag-el-debate","12":"tag-es","13":"tag-espana","14":"tag-spain","15":"tag-sports","16":"tag-trastornos-de-la-alimentacion","17":"tag-yu-zidi"},"share_on_mastodon":{"url":"","error":""},"_links":{"self":[{"href":"https:\/\/www.europesays.com\/es\/wp-json\/wp\/v2\/posts\/18020","targetHints":{"allow":["GET"]}}],"collection":[{"href":"https:\/\/www.europesays.com\/es\/wp-json\/wp\/v2\/posts"}],"about":[{"href":"https:\/\/www.europesays.com\/es\/wp-json\/wp\/v2\/types\/post"}],"author":[{"embeddable":true,"href":"https:\/\/www.europesays.com\/es\/wp-json\/wp\/v2\/users\/2"}],"replies":[{"embeddable":true,"href":"https:\/\/www.europesays.com\/es\/wp-json\/wp\/v2\/comments?post=18020"}],"version-history":[{"count":0,"href":"https:\/\/www.europesays.com\/es\/wp-json\/wp\/v2\/posts\/18020\/revisions"}],"wp:featuredmedia":[{"embeddable":true,"href":"https:\/\/www.europesays.com\/es\/wp-json\/wp\/v2\/media\/18021"}],"wp:attachment":[{"href":"https:\/\/www.europesays.com\/es\/wp-json\/wp\/v2\/media?parent=18020"}],"wp:term":[{"taxonomy":"category","embeddable":true,"href":"https:\/\/www.europesays.com\/es\/wp-json\/wp\/v2\/categories?post=18020"},{"taxonomy":"post_tag","embeddable":true,"href":"https:\/\/www.europesays.com\/es\/wp-json\/wp\/v2\/tags?post=18020"}],"curies":[{"name":"wp","href":"https:\/\/api.w.org\/{rel}","templated":true}]}}