{"id":180203,"date":"2025-10-16T08:40:20","date_gmt":"2025-10-16T08:40:20","guid":{"rendered":"https:\/\/www.europesays.com\/es\/180203\/"},"modified":"2025-10-16T08:40:20","modified_gmt":"2025-10-16T08:40:20","slug":"g-adrien-hace-su-debut-literario-con-el-arte-de-volver","status":"publish","type":"post","link":"https:\/\/www.europesays.com\/es\/180203\/","title":{"rendered":"G. Adrien hace su debut literario con \u2018El arte de volver\u2019"},"content":{"rendered":"<p>\n         Un relato \u00edntimo y profundamente humano. As\u00ed se presenta El arte de volver (C\u00edrculo Rojo), el primer libro de G. Adrien \u2013la inicial con la que se firma la obra corresponde a su nombre, Gustavo\u2013. \u201c<strong>Es un relato que se va desarrollando dentro de hechos cotidianos porque lo que buscaba era que la gente se pudiera sentir identificada<\/strong>. De hecho, creo que muchas personas se van a ver reflejadas porque ahonda en pensamientos que a muchos nos aguardan\u201d, apunta el creador nacido en Buenos Aires (Argentina) y residente en la <a href=\"https:\/\/www.noticiasdealava.eus\/cultura\/\" title=\"capital alavesa\" class=\"link copy\" rel=\"nofollow noopener\" target=\"_blank\">capital alavesa<\/a> desde finales del pasado siglo.\u00a0\n<\/p>\n<p class=\"article-body__text \">\n        El protagonista de esta historia <strong>\u201cse encuentra en un camino de cierta consciencia tomada pero no acaba de deshacerse de ciertos patrones de pensamiento y maneras de actuar, que deduce que no son las m\u00e1s adecuadas para lo que le pide la vida\u201d<\/strong>. En ese proceso, \u201ctiene una serie de encuentros azarosos que lo ayudan a poder potenciar esa parte y poder deshacer eso que le ha identificado con ciertos patrones y maneras de actuar, deshacerse de ciertas m\u00e1scaras que ya no le sirven en la sociedad. Est\u00e1 buscando en s\u00ed mismo para poder desarrollarse m\u00e1s en esencia con lo que es\u201d.\u00a0\n<\/p>\n<p>            <a href=\"https:\/\/www.noticiasdealava.eus\/cultura\/2025\/10\/15\/tzan-tzan-fest-vive-decima-edicion-barrundia-vitoria-gasteiz-alava-araba-10218685.html\" title=\"El Tzan Tzan Fest vive su d\u00e9cima edici\u00f3n entre Barrundia y Vitoria\" class=\"new__media\" rel=\"nofollow noopener\" target=\"_blank\"><\/p>\n<p>                <img alt=\"El Tzan Tzan Fest vive su d\u00e9cima edici\u00f3n entre Barrundia y Vitoria\" data-src=\"https:\/\/www.europesays.com\/es\/wp-content\/uploads\/2025\/10\/8fec92e6-e2ce-4420-8d31-347d620b9150_16-9-aspect-ratio_default_0_x771y355.jpg\" class=\"lozad\"\/><\/p>\n<p>        <\/a><\/p>\n<p>        <a href=\"https:\/\/www.noticiasdealava.eus\/cultura\/2025\/10\/15\/tzan-tzan-fest-vive-decima-edicion-barrundia-vitoria-gasteiz-alava-araba-10218685.html\" title=\"El Tzan Tzan Fest vive su d\u00e9cima edici\u00f3n entre Barrundia y Vitoria\" class=\"new__headline\" rel=\"nofollow noopener\" target=\"_blank\"><br \/>\n            El Tzan Tzan Fest vive su d\u00e9cima edici\u00f3n entre Barrundia y Vitoria<br \/>\n        <\/a><\/p>\n<p>  Lo que se aparenta<\/p>\n<p class=\"article-body__text \">\n        <strong>\u201cEste libro est\u00e1 abierto a un abanico amplio de gente que tenga un m\u00ednimo recorrido vital porque aborda conceptos que todos nos planteamos cuando tenemos cierta madurez y perspectiva sobre nuestro rol como individuos en la sociedad\u201d<\/strong>, explica el escritor, para a\u00f1adir que \u201cmuchas veces encarnamos un rol o un personaje social que nos sirven para trabajar, para ser validados, para ser los que pertenecen a un grupo. Pero no atendemos m\u00e1s a nuestro verdadero yo, a nuestra esencia\u201d.\u00a0\n<\/p>\n<p class=\"article-photo__footer\">\n            Gustavo Adrien con un ejemplar de su nuevo libro.            Jorge Mu\u00f1oz        <\/p>\n<p class=\"article-body__text \">\n        A partir de ah\u00ed, Adrien propone a quienes se dejen atrapar por las p\u00e1ginas de su debut un viaje \u201ca trav\u00e9s de un c\u00f3ctel de emociones. <strong>Busco que esa persona que lea pueda conectar con su campo emocional, que es algo que muchas veces tenemos oxidado, olvidado y muy poco atendido<\/strong>. Espero que el libro pueda ofrecer m\u00e1s perspectiva sobre s\u00ed mismo o s\u00ed misma en relaci\u00f3n a c\u00f3mo le gustar\u00eda sentirse\u201d.\n<\/p>\n<p>            <a href=\"https:\/\/www.noticiasdealava.eus\/cultura\/2025\/10\/14\/docena-producciones-daran-vida-quinto-afrikaldia-festival-cine-vitoria-gasteiz-alava-araba-10216095.html\" title=\"Una docena de producciones dar\u00e1n vida al quinto Afrikaldia\" class=\"new__media\" rel=\"nofollow noopener\" target=\"_blank\"><\/p>\n<p>                <img alt=\"Una docena de producciones dar\u00e1n vida al quinto Afrikaldia\" data-src=\"https:\/\/www.europesays.com\/es\/wp-content\/uploads\/2025\/10\/98e4d221-4a02-4cf2-aa56-9266c71a8084_16-9-aspect-ratio_default_0_x973y374.jpg\" class=\"lozad\"\/><\/p>\n<p>        <\/a><\/p>\n<p>        <a href=\"https:\/\/www.noticiasdealava.eus\/cultura\/2025\/10\/14\/docena-producciones-daran-vida-quinto-afrikaldia-festival-cine-vitoria-gasteiz-alava-araba-10216095.html\" title=\"Una docena de producciones dar\u00e1n vida al quinto Afrikaldia\" class=\"new__headline\" rel=\"nofollow noopener\" target=\"_blank\"><br \/>\n            Una docena de producciones dar\u00e1n vida al quinto Afrikaldia<br \/>\n        <\/a><\/p>\n<p>  En la escritura<\/p>\n<p class=\"article-body__text \">\n        Esta <a href=\"https:\/\/editorialcirculorojo.com\/el-arte-de-volver\/\" title=\"primera publicaci\u00f3n\" rel=\"nofollow noopener\" target=\"_blank\" class=\"link copy\">primera publicaci\u00f3n<\/a> llega despu\u00e9s de unos tres a\u00f1os de desarrollo del proyecto, un camino que el autor ha querido hacer con calma. \u201cMe di todo el tiempo del mundo porque no ten\u00eda ninguna prisa. <strong>Pens\u00e9 que cuando la historia me dijese que quer\u00eda acabar, la terminar\u00eda<\/strong>\u201d. As\u00ed sucedi\u00f3 a principios de este a\u00f1o. Ahora es el momento del p\u00fablico, de quienes se encuentren una obra que, por ejemplo, tiene un sitio especial en el Gosaria, bar donde buena parte de la obra fue escrita.\n<\/p>\n<p>            <a href=\"https:\/\/www.noticiasdealava.eus\/cultura\/2025\/10\/15\/iradier-arena-acogera-xv-mercado-trueque-de-libros-iradier-arena-10218695.html\" title=\"El Iradier Arena acoger\u00e1 el XV Mercado de Trueque de Libros el 25 y 26 de octubre\" class=\"new__media\" rel=\"nofollow noopener\" target=\"_blank\"><\/p>\n<p>                <img alt=\"El Iradier Arena acoger\u00e1 el XV Mercado de Trueque de Libros el 25 y 26 de octubre\" data-src=\"https:\/\/www.europesays.com\/es\/wp-content\/uploads\/2025\/10\/bca37560-53d3-4d82-b906-2bc95c78e3a0_16-9-aspect-ratio_default_0.jpg\" class=\"lozad\"\/><\/p>\n<p>        <\/a><\/p>\n<p>        <a href=\"https:\/\/www.noticiasdealava.eus\/cultura\/2025\/10\/15\/iradier-arena-acogera-xv-mercado-trueque-de-libros-iradier-arena-10218695.html\" title=\"El Iradier Arena acoger\u00e1 el XV Mercado de Trueque de Libros el 25 y 26 de octubre\" class=\"new__headline\" rel=\"nofollow noopener\" target=\"_blank\"><br \/>\n            El Iradier Arena acoger\u00e1 el XV Mercado de Trueque de Libros el 25 y 26 de octubre<br \/>\n        <\/a><\/p>\n<p class=\"article-body__text \">\n        Adrien resalta que siempre ha tenido en la escritura \u201cuna herramienta para encontrarme a m\u00ed mismo\u201d.\u00a0Al principio fue algo que no iba a ir m\u00e1s all\u00e1 de su intimidad, pero personas cercanas le animaron a ir m\u00e1s all\u00e1. Hasta que hace un tiempo le vino la idea de este libro. \u201cNo va a ser lo \u00faltimo. De hecho, ha sido una prueba para ver que era capaz de hacerlo. <strong>Ahora ya tengo el aprendizaje de haberlo hecho y s\u00e9 que puedo afrontar otro proyecto<\/strong>\u201d.<\/p>\n","protected":false},"excerpt":{"rendered":"Un relato \u00edntimo y profundamente humano. As\u00ed se presenta El arte de volver (C\u00edrculo Rojo), el primer libro&hellip;\n","protected":false},"author":2,"featured_media":180204,"comment_status":"","ping_status":"","sticky":false,"template":"","format":"standard","meta":{"footnotes":""},"categories":[172],"tags":[51258,3935,3936,229,224,5437,146,147,25,24,13768,3934,225,12857,671,23,2177,865],"class_list":{"0":"post-180203","1":"post","2":"type-post","3":"status-publish","4":"format-standard","5":"has-post-thumbnail","7":"category-libros","8":"tag-adrien","9":"tag-alava","10":"tag-araba","11":"tag-arte","12":"tag-books","13":"tag-debut","14":"tag-entertainment","15":"tag-entretenimiento","16":"tag-es","17":"tag-espana","18":"tag-g","19":"tag-gasteiz","20":"tag-libros","21":"tag-literario","22":"tag-literatura","23":"tag-spain","24":"tag-vitoria","25":"tag-volver"},"share_on_mastodon":{"url":"","error":""},"_links":{"self":[{"href":"https:\/\/www.europesays.com\/es\/wp-json\/wp\/v2\/posts\/180203","targetHints":{"allow":["GET"]}}],"collection":[{"href":"https:\/\/www.europesays.com\/es\/wp-json\/wp\/v2\/posts"}],"about":[{"href":"https:\/\/www.europesays.com\/es\/wp-json\/wp\/v2\/types\/post"}],"author":[{"embeddable":true,"href":"https:\/\/www.europesays.com\/es\/wp-json\/wp\/v2\/users\/2"}],"replies":[{"embeddable":true,"href":"https:\/\/www.europesays.com\/es\/wp-json\/wp\/v2\/comments?post=180203"}],"version-history":[{"count":0,"href":"https:\/\/www.europesays.com\/es\/wp-json\/wp\/v2\/posts\/180203\/revisions"}],"wp:featuredmedia":[{"embeddable":true,"href":"https:\/\/www.europesays.com\/es\/wp-json\/wp\/v2\/media\/180204"}],"wp:attachment":[{"href":"https:\/\/www.europesays.com\/es\/wp-json\/wp\/v2\/media?parent=180203"}],"wp:term":[{"taxonomy":"category","embeddable":true,"href":"https:\/\/www.europesays.com\/es\/wp-json\/wp\/v2\/categories?post=180203"},{"taxonomy":"post_tag","embeddable":true,"href":"https:\/\/www.europesays.com\/es\/wp-json\/wp\/v2\/tags?post=180203"}],"curies":[{"name":"wp","href":"https:\/\/api.w.org\/{rel}","templated":true}]}}