{"id":180227,"date":"2025-10-16T08:52:10","date_gmt":"2025-10-16T08:52:10","guid":{"rendered":"https:\/\/www.europesays.com\/es\/180227\/"},"modified":"2025-10-16T08:52:10","modified_gmt":"2025-10-16T08:52:10","slug":"dura-visita-a-riestra-para-independiente-en-la-superliga-bautista-gomez","status":"publish","type":"post","link":"https:\/\/www.europesays.com\/es\/180227\/","title":{"rendered":"Dura visita a Riestra para Independiente en la Superliga \u201cBautista G\u00f3mez\u201d"},"content":{"rendered":"<p>En Primera Masculina, los dirigidos por Juli\u00e1n Dorrego perdieron su invicto en los torneos de Asambal, cayendo por un ajustado 22 a 21 ante el conjunto local. Pese a haber cerrado la primera mitad en ventaja, el rojo no logr\u00f3 sostener la diferencia y termin\u00f3 cediendo sobre el final. Se destacaron Joaqu\u00edn Galante, autor de nueve goles, y Alan Torres, con seis.<\/p>\n<p>El duelo de los Juniors debi\u00f3 suspenderse por las condiciones clim\u00e1ticas cuando Riestra se impon\u00eda 15 a 13. En ese tramo, Manuel Galante era el jugador m\u00e1s destacado del rojo con cinco anotaciones.<\/p>\n<p>Tampoco hubo buenas noticias en Juveniles Masculinos, donde Independiente cay\u00f3 31 a 23 en un encuentro que fue parejo hasta los minutos finales, momento en el que el local mostr\u00f3 mayor despliegue f\u00edsico. En la visita, sobresalieron Manuel Galante con seis goles, y Vicente Galante y Sim\u00f3n De Francesco, con cuatro cada uno.<\/p>\n<p>En Cadetes Masculinos, la historia se repiti\u00f3: derrota por 20 a 13, en un partido de bajo goleo para los chivilcoyanos. Francisco C\u00e1ceres (6) y Felipe Romero (4) fueron los m\u00e1s efectivos. En tanto, las Damas Mayores tampoco pudieron revertir la tendencia, cayendo 25 a 20, pese al buen rendimiento de Josefina Guerry (8) y Valentina Cirelli (6).<\/p>\n<p>La primera alegr\u00eda del d\u00eda lleg\u00f3 de la mano de las Menores Femeninas, que vencieron con autoridad por 40 a 32. Valentina Cirelli fue la gran figura del encuentro con 14 goles, acompa\u00f1ada por Matilde Vita con nueve. En el mismo nivel, los Menores Masculinos cayeron por id\u00e9ntico marcador (40-32), aunque dejaron una buena imagen con Bautista Maidana y Francisco Tricoce como m\u00e1ximos goleadores, con 10 tantos cada uno.<\/p>\n<p>La \u00fanica victoria masculina se dio en Alevines, con un 34 a 30 que tuvo como figuras a Santino Su\u00e1rez (13) y Fortunato Fedato (9). Las Alevines Femeninas, por su parte, protagonizaron un cierre muy parejo, cayendo apenas 15 a 14, con buenas actuaciones de Carola Duffo (5) y Mercedes Lozano (4).<\/p>\n<p>Finalmente, los Infantiles tuvieron su participaci\u00f3n habitual sumando minutos de juego. En ambas ramas, Riestra se impuso por 4 a 0, mientras que en el Mixto el triunfo tambi\u00e9n fue para los locales por 3 a 0.<\/p>\n<p>Participaron de la jornada: Bianca Terrera, Julieta D\u2019Angelo, Martina Solimo, Serafina Concaro, Alfonsina Alonso, Bianca Watenberg, Malena Garc\u00eda, Federica Defina, Fortunato Fedato, Bautista Grammatico, Marcos Barrag\u00e1n Zunino, Manuel Manavella, Vito Stratta, Ramiro Mallistrelli, Isabella Palomeque Unsain, Francesca Scirica y Alma Vallarino Becker.<\/p>\n","protected":false},"excerpt":{"rendered":"En Primera Masculina, los dirigidos por Juli\u00e1n Dorrego perdieron su invicto en los torneos de Asambal, cayendo por&hellip;\n","protected":false},"author":2,"featured_media":180228,"comment_status":"","ping_status":"","sticky":false,"template":"","format":"standard","meta":{"footnotes":""},"categories":[278],"tags":[376,168,25,24,375,23,167],"class_list":{"0":"post-180227","1":"post","2":"type-post","3":"status-publish","4":"format-standard","5":"has-post-thumbnail","7":"category-balonmano","8":"tag-balonmano","9":"tag-deportes","10":"tag-es","11":"tag-espana","12":"tag-handball","13":"tag-spain","14":"tag-sports"},"share_on_mastodon":{"url":"","error":""},"_links":{"self":[{"href":"https:\/\/www.europesays.com\/es\/wp-json\/wp\/v2\/posts\/180227","targetHints":{"allow":["GET"]}}],"collection":[{"href":"https:\/\/www.europesays.com\/es\/wp-json\/wp\/v2\/posts"}],"about":[{"href":"https:\/\/www.europesays.com\/es\/wp-json\/wp\/v2\/types\/post"}],"author":[{"embeddable":true,"href":"https:\/\/www.europesays.com\/es\/wp-json\/wp\/v2\/users\/2"}],"replies":[{"embeddable":true,"href":"https:\/\/www.europesays.com\/es\/wp-json\/wp\/v2\/comments?post=180227"}],"version-history":[{"count":0,"href":"https:\/\/www.europesays.com\/es\/wp-json\/wp\/v2\/posts\/180227\/revisions"}],"wp:featuredmedia":[{"embeddable":true,"href":"https:\/\/www.europesays.com\/es\/wp-json\/wp\/v2\/media\/180228"}],"wp:attachment":[{"href":"https:\/\/www.europesays.com\/es\/wp-json\/wp\/v2\/media?parent=180227"}],"wp:term":[{"taxonomy":"category","embeddable":true,"href":"https:\/\/www.europesays.com\/es\/wp-json\/wp\/v2\/categories?post=180227"},{"taxonomy":"post_tag","embeddable":true,"href":"https:\/\/www.europesays.com\/es\/wp-json\/wp\/v2\/tags?post=180227"}],"curies":[{"name":"wp","href":"https:\/\/api.w.org\/{rel}","templated":true}]}}