{"id":180241,"date":"2025-10-16T09:02:09","date_gmt":"2025-10-16T09:02:09","guid":{"rendered":"https:\/\/www.europesays.com\/es\/180241\/"},"modified":"2025-10-16T09:02:09","modified_gmt":"2025-10-16T09:02:09","slug":"el-kilometro-cero-del-modernismo-esta-escondido-en-una-discreta-ciudad-del-mediterraneo-tiene-la-primera-obra-de-gaudi-y-no-es-barcelona-viajar","status":"publish","type":"post","link":"https:\/\/www.europesays.com\/es\/180241\/","title":{"rendered":"El kil\u00f3metro cero del Modernismo est\u00e1 escondido en una discreta ciudad del Mediterr\u00e1neo: tiene la primera obra de Gaud\u00ed (y no es Barcelona) &#8211; Viajar"},"content":{"rendered":"<ol>\n<li><a href=\"https:\/\/news.google.com\/rss\/articles\/CBMilgFBVV95cUxOcGkxXzJJY0ctT0xXZ0I2d0s3TGtRa09GbzQtSzhRX3hUcDN0azlERmo0TVNfM0lNS21wclRoWkxvYTF4b0JqWFdLUWJfLWg5WUJTbFVrYk5kUi1CcnhROGozTUQyZHNjS05qNzdYaHk3by0xNkx3b3dVMlZ6dWFKQU9Zbm5ONmdmMnlaXzVHUlhJSU1RWVHSAZsBQVVfeXFMT25ISUVVV1MtN2ZFRFk0Mk53SzhJRGJvOFA2YU1wOEE0cGltbkU5b2ZFMzh2N2RpaW5LUWZQUGc1SzhHSXFQXzV3SDhjWWFoRFl1a25PU0tGbnNoa2xKVmF2M3Z3NzZFQlJleGpEbmplOXJrYlFpNmNMLS01emlkRVI3WGs0NU11MXdJcDZDNTRZRGF5YUd3Nlo1d0U?oc=5\" target=\"_blank\" rel=\"nofollow noopener\">El kil\u00f3metro cero del Modernismo est\u00e1 escondido en una discreta ciudad del Mediterr\u00e1neo: tiene la primera obra de Gaud\u00ed (y no es Barcelona)<\/a>&nbsp;&nbsp;Viajar<\/li>\n<li><a href=\"https:\/\/news.google.com\/rss\/articles\/CBMisAFBVV95cUxQQUZmbzl3c2FKQUxWLVZ3ZTNYYzJjekZySFZWQ01kS3NQNWlnNkdGTzdqcFMwVTBJVm1fM0FqSW9yNUl6TTNLMm0wNlJZb3QzRXA5XzU1aXlqUGZmeklUVi1VcXRIXzZPWUplM1BmSUZPOEJSQXVxdWdTNk1MOXFSQjNDOGx1RUlDVVJWdy1nOVEtdURYYmJaM1oyQk1sSVc1bFNwYUJ6NGdSS29nOFpZRdIBtgFBVV95cUxONVFHaEl0eHFXRDNzZHA1ZDlkWFdNUVVXWGNkU0NIU1U5eXpnTEV0dlc1LTZxbDllZmZWVmVhVzVoOUxUQUpSMS01WnF4VGhiNGlHSEVQUG84eVdBYzBpYkJWNW9tdDMtWlAyakUteEt5Rms1YWVDa2ptZ2R4UnZuR3huTjVJUW9mdTkwT3ItdHc5WnN4Q0JicnFVYmxyRzFEVlFvSWNyVHhtZXJ0WnYtb0kyN1poQQ?oc=5\" target=\"_blank\" rel=\"nofollow noopener\">Esta es la ciudad m\u00e1s infravalorada de Espa\u00f1a, seg\u00fan la revista \u2018Viajar\u2019: \u201cUna joya desconocida del Modernismo\u201d repleta de multiculturalidad<\/a>&nbsp;&nbsp;El Confidencial<\/li>\n<li><a href=\"https:\/\/news.google.com\/rss\/articles\/CBMilwJBVV95cUxOcFo2R042ZFljQnY0TF9xaTN6dlJzdEVuU2thTy1QVkNCZHprV0NWMm9kV0VReF9WNUhWblc1dEF5a2Foa3dNR0JxX0lZR1I0TDk4a0QzYS1wN3pSWW1wOERGUTlEcFFRa0RlV1F3RnczbVIzOWJFUEVyQk5uWWYtNHplbG12bEhNY3N3MGhfNzNDdzgyQTFhYTBmWlBUelNNWkJEcGlta0xKcmNaMHF4bV9LUTRJdU9Jc25RZzUzOGlmdGdkc2ZzREtydGEyTDVqWW05VkFlS2F5a1RWMElOc1lhNTl0Ml93VzI4aE00OGoxT0htT0x5Uk84emRnRjZxU2JmOWphMWhPWnJnaWhaNnViTFVTSjA?oc=5\" target=\"_blank\" rel=\"nofollow noopener\">Ha llegado el momento de que Espa\u00f1a mire hacia el sur con otros ojos: arte, historia y joyas arquitect\u00f3nicas en una ciudad injustamente infravalorada<\/a>&nbsp;&nbsp;Mundo Deportivo<\/li>\n<li><a href=\"https:\/\/news.google.com\/rss\/articles\/CBMioAFBVV95cUxPZWJycTVpZTZTYkdsYU44VTJJejFYQkRRaVJiVHBZT1FKRy04cEtsS2xHUVFCYzNoMkg4Vmh5VUxwekN5VmtqclYxdUE4aTV4SlpqXzZlcE9SN3RJbi11WDZVSjg4OTdSX2RUbkttdXJoZXR0VHBkMG1hWUh2ZXRJcTdtaW91QW5oYVVZdl9UVkt4elAxMWZabGRhZzRSTWts0gGmAUFVX3lxTE5zZ0ZFbVhZY2RsR0xkLVkwYWd5NmVKV1VPNjB2LURGaVozNUVDZ2REQVpyRHRnNkswSE9kNnlxT2U5MFlVTEc3b2F4eUw2LWhIRHR1VmpUWG5ZZU1Ld0pyY0RpSU13NDlNZzR1Wnk1SVB4UHNqdVMyMmJwMjNhcWV4Y2o0aDdXZDRNREZYc3NocFJkalpmWjVwUGt1OTBKS2JFSk5pUHc?oc=5\" target=\"_blank\" rel=\"nofollow noopener\">La ciudad m\u00e1s infravalorada de Espa\u00f1a: es una joya desconocida del Modernismo y el Art Dec\u00f3 (y no est\u00e1 en Catalu\u00f1a)<\/a>&nbsp;&nbsp;Viajar<\/li>\n<\/ol>\n","protected":false},"excerpt":{"rendered":"El kil\u00f3metro cero del Modernismo est\u00e1 escondido en una discreta ciudad del Mediterr\u00e1neo: tiene la primera obra de&hellip;\n","protected":false},"author":2,"featured_media":180242,"comment_status":"","ping_status":"","sticky":false,"template":"","format":"standard","meta":{"footnotes":""},"categories":[173],"tags":[801,229,233,231,230,232,234,51268,146,147,25,34433,24,31791,23319,23],"class_list":{"0":"post-180241","1":"post","2":"type-post","3":"status-publish","4":"format-standard","5":"has-post-thumbnail","7":"category-arte-y-diseno","8":"tag-arquitectura","9":"tag-arte","10":"tag-arte-y-diseno","11":"tag-arts","12":"tag-arts-and-design","13":"tag-design","14":"tag-diseno","15":"tag-el-kilometro-cero-del-modernismo-esta-escondido-en-una-discreta-ciudad-del-mediterraneo-tiene-la-primera-obra-de-gaudi-y-no-es-barcelona","16":"tag-entertainment","17":"tag-entretenimiento","18":"tag-es","19":"tag-escapate-cerca","20":"tag-espana","21":"tag-gaudi","22":"tag-mediterraneo","23":"tag-spain"},"share_on_mastodon":{"url":"","error":""},"_links":{"self":[{"href":"https:\/\/www.europesays.com\/es\/wp-json\/wp\/v2\/posts\/180241","targetHints":{"allow":["GET"]}}],"collection":[{"href":"https:\/\/www.europesays.com\/es\/wp-json\/wp\/v2\/posts"}],"about":[{"href":"https:\/\/www.europesays.com\/es\/wp-json\/wp\/v2\/types\/post"}],"author":[{"embeddable":true,"href":"https:\/\/www.europesays.com\/es\/wp-json\/wp\/v2\/users\/2"}],"replies":[{"embeddable":true,"href":"https:\/\/www.europesays.com\/es\/wp-json\/wp\/v2\/comments?post=180241"}],"version-history":[{"count":0,"href":"https:\/\/www.europesays.com\/es\/wp-json\/wp\/v2\/posts\/180241\/revisions"}],"wp:featuredmedia":[{"embeddable":true,"href":"https:\/\/www.europesays.com\/es\/wp-json\/wp\/v2\/media\/180242"}],"wp:attachment":[{"href":"https:\/\/www.europesays.com\/es\/wp-json\/wp\/v2\/media?parent=180241"}],"wp:term":[{"taxonomy":"category","embeddable":true,"href":"https:\/\/www.europesays.com\/es\/wp-json\/wp\/v2\/categories?post=180241"},{"taxonomy":"post_tag","embeddable":true,"href":"https:\/\/www.europesays.com\/es\/wp-json\/wp\/v2\/tags?post=180241"}],"curies":[{"name":"wp","href":"https:\/\/api.w.org\/{rel}","templated":true}]}}