{"id":180267,"date":"2025-10-16T09:16:14","date_gmt":"2025-10-16T09:16:14","guid":{"rendered":"https:\/\/www.europesays.com\/es\/180267\/"},"modified":"2025-10-16T09:16:14","modified_gmt":"2025-10-16T09:16:14","slug":"el-ayuntamiento-de-algete-niega-haber-autorizado-el-evento-de-artes-marciales-y-testosterona-del-grupo-neonazi-nucleo-nacional-en-su-plaza-de-toros","status":"publish","type":"post","link":"https:\/\/www.europesays.com\/es\/180267\/","title":{"rendered":"El Ayuntamiento de Algete niega haber autorizado el evento de artes marciales y \u201ctestosterona\u201d del grupo neonazi N\u00facleo Nacional en su plaza de toros"},"content":{"rendered":"<p class=\"article-text\">\n        \u201cUna jornada ideal para acudir en familia, invitar a tus amigos y camaradas, tomar algo juntos y disfrutar de un d\u00eda de hermandad, testosterona y camarader\u00eda\u201d. As\u00ed promociona en sus redes sociales <a href=\"https:\/\/www.eldiario.es\/sociedad\/hitler-defensa-raza-reconquista-expansion-nucleo-nacional-grupo-une-nazis-franquistas-falangistas_1_12487588.html\" target=\"_blank\" data-mrf-recirculation=\"links-noticia\" class=\"link\" rel=\"nofollow noopener\">el grupo neonazi N\u00facleo Nacional<\/a> la \u201cvelada incre\u00edble de artes marciales\u201d que celebrar\u00e1n el pr\u00f3ximo 9 de noviembre en la plaza de toros de Algete, de titularidad municipal. Desde el Ayuntamiento, que gobierna Fernando Romo del PP con el apoyo de la Uni\u00f3n de Ciudadanos Independientes y Uni\u00f3n Santo Domingo, aseguran a elDiario.es que no han autorizado \u201chasta el momento\u201d ning\u00fan acto de estas caracter\u00edsticas.\n    <\/p>\n<p>    <a href=\"https:\/\/www.eldiario.es\/politica\/guardia-civil-investiga-nucleo-nacional-llamar-lucha-conjunta-calle-invasion-extranjera_1_12183842.html\" data-mrf-recirculation=\"saber-mas\" data-dl-event=\"saber-mas\" rel=\"nofollow noopener\" target=\"_blank\"><\/p>\n<p class=\"know-more__title\">La Guardia Civil investiga a N\u00facleo Nacional por llamar a la \u00ablucha conjunta\u00bb en la calle contra la \u00abinvasi\u00f3n\u00bb extranjera<\/p>\n<p>            <img decoding=\"async\" class=\"lazy\" loading=\"lazy\" data-src=\"https:\/\/static.eldiario.es\/clip\/2ce9268a-1e3c-4d8d-995d-f3871515787d_16-9-aspect-ratio_default_0.jpg\" src=\"data:image\/svg+xml,%3Csvg xmlns=\" http:=\"\" viewbox=\"0 0 880 495\" alt=\"La Guardia Civil investiga a N\u00facleo Nacional por llamar a la &quot;lucha conjunta&quot; en la calle contra la &quot;invasi\u00f3n&quot; extranjera\"\/><\/p>\n<p>                        <\/a><\/p>\n<p class=\"article-text\">\n        Sin embargo, N\u00facleo Nacional ya est\u00e1 promocionando este acto a trav\u00e9s de todas sus redes sociales desde el pasado domingo e incluso habr\u00edan estado en la propia plaza de toros de Algete. O, por lo menos, as\u00ed se puede ver en el v\u00eddeo con el que anuncian esta \u201ccompetici\u00f3n de peleas que llevar\u00e1 la adrenalina al l\u00edmite\u201d.\n    <\/p>\n<p class=\"article-text\">\n        Desde la Alcald\u00eda de la localidad madrile\u00f1a explican en una respuesta por escrito que \u201csiempre verifican que toda persona f\u00edsica, jur\u00eddica o asociaci\u00f3n est\u00e9 debidamente acreditada e inscrita legalmente en el registro que corresponda de la Administraci\u00f3n\u201d.  N\u00facleo Nacional se registr\u00f3 en 2024 como asociaci\u00f3n con \u201cfines c\u00edvico pol\u00edtico\u201d en el Ministerio del Interior, con sede en Valladolid. No obstante, a\u00f1aden que \u201cpara poder inicial el expediente administrativo correspondiente\u201d y \u201cuna vez sucedido este hecho\u201d es \u201cla Polic\u00eda quien determina los requisitos a cumplir en cada evento y los condicionantes que se tengan que establecer, as\u00ed como procede a la emisi\u00f3n del informe preceptivo para su autorizaci\u00f3n o su denegaci\u00f3n\u201d.\n    <\/p>\n<p class=\"article-text\">\n        A pesar de la contundencia del consistorio, en las im\u00e1genes de N\u00facleo Nacional se puede ver a un grupo de encapuchados vestidos totalmente de negro con banderas de Espa\u00f1a y ataviados con logotipos del grupo neonazi y de Invicta, la plataforma digital a trav\u00e9s de la que venden sus productos oficiales. Mientras varios de ellos realizan demostraciones de las peleas que se podr\u00e1n ver el 9 de noviembre, en un par de planos del v\u00eddeo se puede observar el escudo del Ayuntamiento de Algete que se encuentran en el interior de la plaza de toros. Desde el consistorio, preguntados por elDiario.es sobre qui\u00e9n autoriz\u00f3 esta grabaci\u00f3n o qui\u00e9n facilit\u00f3 la entrada al recinto, no aclaran como se produjo.\n    <\/p>\n<blockquote class=\"twitter-tweet\" data-lang=\"es\"><p><a href=\"https:\/\/twitter.com\/X\/status\/1977451324821360984?ref_src=twsrc%5Etfw\" rel=\"nofollow noopener\" target=\"_blank\"><\/p><\/blockquote>\n<p class=\"article-text\">\n        N\u00facleo Nacional tambi\u00e9n <a href=\"https:\/\/bellvmoficial.com\/products\/bellvm-i\" target=\"_blank\" data-mrf-recirculation=\"links-noticia\" class=\"link\" rel=\"nofollow noopener\">est\u00e1 vendiendo entradas<\/a> con un precio de 25 euros para este evento que, seg\u00fan explican en su web, incluir\u00e1 \u201cluchadores de alto nivel\u201d e \u201cinternacionales\u201d que se enfrentar\u00e1n en \u201cpeleas semiprofesionales\u201d y que contar\u00e1 con \u201carbitraje profesional\u201d. Aunque desde el grupo neonazi aseguran que ser\u00e1 una \u201cjornada ideal para acudir en familia\u201d, en la web figura que la edad m\u00ednima para acceder ser\u00e1 de 18 a\u00f1os.\n    <\/p>\n<p class=\"article-text\">\n        Adem\u00e1s de peleas, seg\u00fan detallan, \u201chabr\u00e1 puestos de merchan [sic]\u201d y los asistentes podr\u00e1n \u201cver y hablar con muchas caras conocidas que estar\u00e1n presentes ese d\u00eda\u201d. Aunque, de momento, no se detalla qui\u00e9nes ser\u00e1n.\n    <\/p>\n<blockquote class=\"twitter-tweet\" data-lang=\"es\"><p><a href=\"https:\/\/twitter.com\/X\/status\/1978114744453144709?ref_src=twsrc%5Etfw\" rel=\"nofollow noopener\" target=\"_blank\"><\/p><\/blockquote>\n<p class=\"article-text\">\n        La promoci\u00f3n de este evento de N\u00facleo Nacional en la plaza de toros de Algete se produce pocos d\u00edas despu\u00e9s de que el escritor Rafael Narbona denunciara en su perfil en X que este Ayuntamiento madrile\u00f1o hab\u00eda cancelado un acto suyo en la localidad. En concreto, y seg\u00fan detall\u00f3 el pasado 1 de octubre, fue invitado por la biblioteca municipal para \u201ccelebrar un cine-f\u00f3rum y participar en una semana de autor\u201d tras \u201chablar con la concejala de Cultura, Noem\u00ed Gal\u00e1n\u201d.\n    <\/p>\n<p class=\"article-text\">\n        \u201cLe advert\u00ed que era un escritor de convicciones progresistas\u201d, explic\u00f3 Narbona que detall\u00f3 que \u201ccinco d\u00edas despu\u00e9s se suspende todo sin ninguna clase de explicaci\u00f3n\u201d. \u201cAl parecer, el Ayuntamiento de Algete, gobernado por el PP, comparte la ideolog\u00eda ultraderechista de Vox\u201d, escribi\u00f3 el tambi\u00e9n profesor de la Universidad Complutense. \u201cEl PP sigue la senda de Trump: cancelar a los intelectuales, universidades e instituciones que a\u00fan creen en la diversidad, la tolerancia y la pluralidad\u201d, concluy\u00f3 en X.\n    <\/p>\n<blockquote class=\"twitter-tweet\" data-lang=\"es\"><p><a href=\"https:\/\/twitter.com\/X\/status\/1973316190689747073?ref_src=twsrc%5Etfw\" rel=\"nofollow noopener\" target=\"_blank\"><\/p><\/blockquote>\n<p>    N\u00facleo Nacional investigado por delito de odio por la Guardia Civil<\/p>\n<p class=\"article-text\">\n        Surgido al calor de las protestas contra el PSOE en su sede de la madrile\u00f1a calle de Ferraz que se celebraron en noviembre de 2023, N\u00facleo Nacional, formado fundamentalmente por hombres, tiene ya <a href=\"https:\/\/www.eldiario.es\/politica\/guardia-civil-lleva-grupo-ultra-nucleo-nacional-tribunales-delito-odio_1_12202600.html\" target=\"_blank\" data-mrf-recirculation=\"links-noticia\" class=\"link\" rel=\"nofollow noopener\">una investigaci\u00f3n abierta por la Guardia Civil por delito de odio<\/a> por llamar a la \u201clucha conjunta\u201d en la calle frente a \u201cla invasi\u00f3n\u201d extranjera.\n    <\/p>\n<p class=\"article-text\">\n        Desde su nacimiento en 2024, N\u00facleo Nacional ha desplegado <a href=\"https:\/\/www.eldiario.es\/politica\/extremas-derechas-vox-estrategia-global-neofascismo_129_12477230.html\" target=\"_blank\" data-mrf-recirculation=\"links-noticia\" class=\"link\" rel=\"nofollow noopener\">una estrategia de captaci\u00f3n de gente joven<\/a> en la que se enmarca el evento de Algete, que presenta un formato similar a <a href=\"https:\/\/www.eldiario.es\/sevilla\/ibai-llanos-historia-sevilla-velada-ano-5-lleno-cartuja-9-millones-conectados-twitch_1_12494968.html\" target=\"_blank\" data-mrf-recirculation=\"links-noticia\" class=\"link\" rel=\"nofollow noopener\">las <\/a><a href=\"https:\/\/www.eldiario.es\/sevilla\/ibai-llanos-historia-sevilla-velada-ano-5-lleno-cartuja-9-millones-conectados-twitch_1_12494968.html\" target=\"_blank\" data-mrf-recirculation=\"links-noticia\" class=\"link\" rel=\"nofollow noopener\">Veladas del A\u00f1o<\/a>, convertidas ya en uno de los eventos con mayor repercusi\u00f3n en el mundo del entretenimiento en streaming, y que organiza el creador de contenidos Ibai Llanos. Y adem\u00e1s tambi\u00e9n recurre a dos elementos claves del grupo: el deporte y el entrenamiento f\u00edsico en l\u00ednea con el culto al cuerpo, la disciplina y la idea de pureza tradicionales de los fascismos.\n    <\/p>\n<p>    <a href=\"https:\/\/www.eldiario.es\/sociedad\/hitler-defensa-raza-reconquista-expansion-nucleo-nacional-grupo-une-nazis-franquistas-falangistas_1_12487588.html\" data-mrf-recirculation=\"saber-mas-abajo\" data-dl-event=\"saber-mas-abajo\" rel=\"nofollow noopener\" target=\"_blank\"><\/p>\n<p class=\"know-more__title\">Hitler, defensa de la raza y Reconquista: la expansi\u00f3n de N\u00facleo Nacional, el grupo que une a \u201cnazis, franquistas y falangistas\u201d<\/p>\n<p>            <img decoding=\"async\" class=\"lazy\" loading=\"lazy\" data-src=\"https:\/\/static.eldiario.es\/clip\/c97f61ac-f012-4076-b76b-390fa34f0748_16-9-aspect-ratio_default_0.jpg\" src=\"data:image\/svg+xml,%3Csvg xmlns=\" http:=\"\" viewbox=\"0 0 880 495\" alt=\"Hitler, defensa de la raza y Reconquista: la expansi\u00f3n de N\u00facleo Nacional, el grupo que une a &quot;nazis, franquistas y falangistas&quot;\"\/><\/p>\n<p>                        <\/a><\/p>\n<p class=\"article-text\">\n        En este despliegue de esta organizaci\u00f3n neonazi tambi\u00e9n est\u00e1 la publicaci\u00f3n de v\u00eddeos efectistas con una est\u00e9tica e iconograf\u00eda cuidadas sin disimular su ideolog\u00eda extremista basada en el nacionalismo, el supremacismo blanco, la defensa de las tradiciones o el odio al inmigrante. Adem\u00e1s, el pasado agosto, el veterano ultraderechista Enrique Lemus, la falangista condenada por delito de odio Isabel Peralta y un joven llamado Iv\u00e1n <a href=\"https:\/\/www.eldiario.es\/sociedad\/hitler-defensa-raza-reconquista-expansion-nucleo-nacional-grupo-une-nazis-franquistas-falangistas_1_12487588.html\" target=\"_blank\" data-mrf-recirculation=\"links-noticia\" class=\"link\" rel=\"nofollow noopener\">inauguraron en Madrid la nueva sede del grupo<\/a>.\n    <\/p>\n<p>                                    <script async src=\"https:\/\/platform.twitter.com\/widgets.js\" charset=\"utf-8\"><\/script><\/p>\n","protected":false},"excerpt":{"rendered":"\u201cUna jornada ideal para acudir en familia, invitar a tus amigos y camaradas, tomar algo juntos y disfrutar&hellip;\n","protected":false},"author":2,"featured_media":180268,"comment_status":"","ping_status":"","sticky":false,"template":"","format":"standard","meta":{"footnotes":""},"categories":[277],"tags":[17511,51271,51272,1250,373,168,25,24,933,100,813,51273,689,32847,1386,23,167,374,444],"class_list":{"0":"post-180267","1":"post","2":"type-post","3":"status-publish","4":"format-standard","5":"has-post-thumbnail","7":"category-toreo","8":"tag-afirma","9":"tag-algete","10":"tag-autorizado","11":"tag-ayuntamiento","12":"tag-bullfighting","13":"tag-deportes","14":"tag-es","15":"tag-espana","16":"tag-evento","17":"tag-grupo","18":"tag-nacional","19":"tag-neonazi","20":"tag-no","21":"tag-nucleo","22":"tag-plaza","23":"tag-spain","24":"tag-sports","25":"tag-toreo","26":"tag-toros"},"share_on_mastodon":{"url":"","error":""},"_links":{"self":[{"href":"https:\/\/www.europesays.com\/es\/wp-json\/wp\/v2\/posts\/180267","targetHints":{"allow":["GET"]}}],"collection":[{"href":"https:\/\/www.europesays.com\/es\/wp-json\/wp\/v2\/posts"}],"about":[{"href":"https:\/\/www.europesays.com\/es\/wp-json\/wp\/v2\/types\/post"}],"author":[{"embeddable":true,"href":"https:\/\/www.europesays.com\/es\/wp-json\/wp\/v2\/users\/2"}],"replies":[{"embeddable":true,"href":"https:\/\/www.europesays.com\/es\/wp-json\/wp\/v2\/comments?post=180267"}],"version-history":[{"count":0,"href":"https:\/\/www.europesays.com\/es\/wp-json\/wp\/v2\/posts\/180267\/revisions"}],"wp:featuredmedia":[{"embeddable":true,"href":"https:\/\/www.europesays.com\/es\/wp-json\/wp\/v2\/media\/180268"}],"wp:attachment":[{"href":"https:\/\/www.europesays.com\/es\/wp-json\/wp\/v2\/media?parent=180267"}],"wp:term":[{"taxonomy":"category","embeddable":true,"href":"https:\/\/www.europesays.com\/es\/wp-json\/wp\/v2\/categories?post=180267"},{"taxonomy":"post_tag","embeddable":true,"href":"https:\/\/www.europesays.com\/es\/wp-json\/wp\/v2\/tags?post=180267"}],"curies":[{"name":"wp","href":"https:\/\/api.w.org\/{rel}","templated":true}]}}