{"id":180277,"date":"2025-10-16T09:23:08","date_gmt":"2025-10-16T09:23:08","guid":{"rendered":"https:\/\/www.europesays.com\/es\/180277\/"},"modified":"2025-10-16T09:23:08","modified_gmt":"2025-10-16T09:23:08","slug":"el-mal-gesto-de-james-tras-el-empate-contra-canada-nestor-lorenzo-responde-marca","status":"publish","type":"post","link":"https:\/\/www.europesays.com\/es\/180277\/","title":{"rendered":"El mal gesto de James tras el empate contra Canad\u00e1: N\u00e9stor Lorenzo responde &#8211; MARCA"},"content":{"rendered":"<ol>\n<li><a href=\"https:\/\/news.google.com\/rss\/articles\/CBMic0FVX3lxTE5FYm1jY1ItMFpYM1lnWmdUT0FsbHFWeWlSN0k0NzNLNmw3TW9fT18yR2MwNnNLZHQ2THMzSVBKYXpXNm9fLVdoMEdpQTdQTEw5RWtvaVlPQnRFWW82RVpVVDZhbHM3cGVkVmRDcncydDZBTFHSAXNBVV95cUxQRDlCU3plVGVteG9qa3FZaVhKS1ZMNTlTQWFvYTNqdXZ3ZzJRRlBXd0Q4c1lZQzUxSnZraHdGcFhjYlJxcHJkcjhFSTBpbnRvdGFNUS1tVWRuSXBmbVA5MFdUT2xhY0YxbnJFU0Y4cjMySXlF?oc=5\" target=\"_blank\" rel=\"nofollow noopener\">El mal gesto de James tras el empate contra Canad\u00e1: N\u00e9stor Lorenzo responde<\/a>&nbsp;&nbsp;MARCA<\/li>\n<li><a href=\"https:\/\/news.google.com\/rss\/articles\/CBMiqgFBVV95cUxNYS00NkxSYmhmVEVlR2ZGdVJHWV9TNllxa3EyNzA0WDVYT0U4Vjk3RUgxQUhFN0dvWGVmVXhPbk9HVkxZbzRRR1dZNzV5Rzl1eHY3RFNoY3dmM0RvZ3hqZURCSHN4aGxrcnNubHh1NDRBeEpjQktxRHJRYVdFaTBKWjNkWGhiTVdrRFgtVGNRLWR5MGVjREhRYXVHcUFlTHRYTERCcHhjdXEyUdIBvgFBVV95cUxOLWRXUlc2eHg0c3hxcVpmTDJSUUhCN3ozQXFMTGd6eDFzY2lXZU5QWFh0Z0o0cFIwdW1VaC1kQmZ0bzU5cjVYc2VtalA4SDlfZ0stNU1TYVR3UkRXZWRjV1E0Q3djVF9wS0ZlZXhIUnJZREw2WGJiZkpRejMxMzdCdDJHYnhfeVBISE1WeDFUeXJObVBFSFZ0bU9Tbl95aEFDUFFMeVZQMGFEa29XUlFZd2Z2Q1BhRTZFZHVRU1Jn?oc=5\" target=\"_blank\" rel=\"nofollow noopener\">Colombia 1&#215;1: Montero responde, Yaser aprovecha y el Cucho se ve perdido<\/a>&nbsp;&nbsp;AS Colombia<\/li>\n<li><a href=\"https:\/\/news.google.com\/rss\/articles\/CBMixgFBVV95cUxQSGJJR3BtblhxLVdlZHI4MlZwTl8xcmF3eHptb1g3bm5zSU92NGRvazFJWloyalY2ejFMSDZzNk42cVBVcHNPZ25mZ1lOcHJrOG5FbFMydzFFUkY1UUw0RG56UGFKa0ZMTFd3a01fcV9CaG9tdURvR0tYczVzajg5SmI5WEpIdFBia0s5dmFoY3JhLUJmakxiUXJTWDB2UjBmeTcxdHVmeUZSMG1WR3RLRzZiN19yUEU2OWlNM0ctbmtnYzBtLVE?oc=5\" target=\"_blank\" rel=\"nofollow noopener\">&#8216;Amo la atm\u00f3sfera&#8217; &#8211; Los aficionados de Colombia aportan energ\u00eda de carnaval, transformando un deslucido empate con Canad\u00e1 en una bulliciosa fiesta de f\u00fatbol<\/a>&nbsp;&nbsp;Goal.com<\/li>\n<li><a href=\"https:\/\/news.google.com\/rss\/articles\/CBMiqwJBVV95cUxOZFpSb09zOWNxZXZxcmZYWk1SZi1rSk9SbHVJOVZaUzRSN3hHVjVXYUQ5OF9fTmdveFliVDk5UVBjb3RtR0FtUG1weGMtaDBZZEtTelNVUWVWNkpMVkZJUzVrNDhaUnBNbEZ1OEpCM0c3RlNGV3R3dW8yVFU3bnp4ekowU0F6b3NFemNKZFFXdkVJaEZ2VVAzcjlpWXgtR1NDU0FiMkdhbFc0bk0ybldoQmpYTEx2YWUxOEFKR3BvM09jdzVsU2h0TDRDMWtobG11UVhVTDdZUktkQlpsbmNEbTFKZzhITFJMS2JGNWpPUnBPSFhXa1FjSUlLU09CR2MxZFdZRFNZbWZxWHpZUXo1OXdiaE1Hemh3S1J0MHNkREh0alhMU1JDQVFMd9IBxgJBVV95cUxNOW5hWldwOUdZSGZFMU5iSzFGX1dEMjd2ZFFSS1VETEZ3VFFoRWJzQ2Q3Y285dVdEcTVjVVQ3bldlUklJQlhDTUxnTms0Y2d4R1FrT3E1bXJnZkpxLTdJREI3X0lsQmt5NXpXOGNWVXU4N2dkby1FbENtam5JOWpFaFNnM3FLcENqN2h4VFdnU0ctRmN4NTN1a25PSWlCRTk1c09FTkFzeUF4SnJEeVo2bU1obnNodDZrbGY1eEs3aEljcm5vaElfdFFmcTFFekJfZUJfU1JhcFM5Q0x6ejJxZ1ZJMWNfTW13dTZ0NnVETDFmbjZxZ0gybV9mQ3JjLTRBTURoYkpwdGxqQkhqWXBMZUFCU3RCeW41ZGROUDVnbGRuZXhxSks5YjZjcS0wV0o1emYwX3hBQ0Q2aUJNYUM2eElnb3dqdw?oc=5\" target=\"_blank\" rel=\"nofollow noopener\">Este es el futbolista canadiense con ra\u00edces colombianas que podr\u00eda enfrentar a la \u201cTricolor\u201d: \u201cMi abuelo quiere que empatemos\u201d<\/a>&nbsp;&nbsp;Infobae<\/li>\n<li><a href=\"https:\/\/news.google.com\/rss\/articles\/CBMieEFVX3lxTFBtektub1ZpelhTdHMwdDBUOEdDYS02YUI2THhCbm9zUXFPV2FQZEtxVmptUkd5MUl1U2dlNWZqRzdFbXlKeGpGbGdpY1lqUzZ5YXlzVTRrSk5RTEk1ZE1FWVlPMnU1VVZNa0c5Q0hteHBNU3FVT0VqQw?oc=5\" target=\"_blank\" rel=\"nofollow noopener\">Colombia vs Canad\u00e1: Como mirar, formaciones y datos del partido<\/a>&nbsp;&nbsp;365Scores<\/li>\n<\/ol>\n","protected":false},"excerpt":{"rendered":"El mal gesto de James tras el empate contra Canad\u00e1: N\u00e9stor Lorenzo responde&nbsp;&nbsp;MARCA Colombia 1&#215;1: Montero responde, Yaser&hellip;\n","protected":false},"author":2,"featured_media":180278,"comment_status":"","ping_status":"","sticky":false,"template":"","format":"standard","meta":{"footnotes":""},"categories":[268],"tags":[14166,168,25,24,280,282,281,23,167],"class_list":{"0":"post-180277","1":"post","2":"type-post","3":"status-publish","4":"format-standard","5":"has-post-thumbnail","7":"category-futbol","8":"tag-co","9":"tag-deportes","10":"tag-es","11":"tag-espana","12":"tag-football","13":"tag-futbol","14":"tag-soccer","15":"tag-spain","16":"tag-sports"},"share_on_mastodon":{"url":"","error":""},"_links":{"self":[{"href":"https:\/\/www.europesays.com\/es\/wp-json\/wp\/v2\/posts\/180277","targetHints":{"allow":["GET"]}}],"collection":[{"href":"https:\/\/www.europesays.com\/es\/wp-json\/wp\/v2\/posts"}],"about":[{"href":"https:\/\/www.europesays.com\/es\/wp-json\/wp\/v2\/types\/post"}],"author":[{"embeddable":true,"href":"https:\/\/www.europesays.com\/es\/wp-json\/wp\/v2\/users\/2"}],"replies":[{"embeddable":true,"href":"https:\/\/www.europesays.com\/es\/wp-json\/wp\/v2\/comments?post=180277"}],"version-history":[{"count":0,"href":"https:\/\/www.europesays.com\/es\/wp-json\/wp\/v2\/posts\/180277\/revisions"}],"wp:featuredmedia":[{"embeddable":true,"href":"https:\/\/www.europesays.com\/es\/wp-json\/wp\/v2\/media\/180278"}],"wp:attachment":[{"href":"https:\/\/www.europesays.com\/es\/wp-json\/wp\/v2\/media?parent=180277"}],"wp:term":[{"taxonomy":"category","embeddable":true,"href":"https:\/\/www.europesays.com\/es\/wp-json\/wp\/v2\/categories?post=180277"},{"taxonomy":"post_tag","embeddable":true,"href":"https:\/\/www.europesays.com\/es\/wp-json\/wp\/v2\/tags?post=180277"}],"curies":[{"name":"wp","href":"https:\/\/api.w.org\/{rel}","templated":true}]}}