{"id":180281,"date":"2025-10-16T09:25:13","date_gmt":"2025-10-16T09:25:13","guid":{"rendered":"https:\/\/www.europesays.com\/es\/180281\/"},"modified":"2025-10-16T09:25:13","modified_gmt":"2025-10-16T09:25:13","slug":"esta-interiorista-transporta-el-estilo-art-deco-al-siglo-xxi-en-su-casa-de-miami-el-objetivo-era-respetar-la-memoria-del-lugar-a-traves-de-un-lenguaje-capaz-de-hablar-al-pr","status":"publish","type":"post","link":"https:\/\/www.europesays.com\/es\/180281\/","title":{"rendered":"Esta interiorista transporta el estilo \u2018art d\u00e9co\u2019 al siglo XXI en su casa de Miami: \u201cEl objetivo era respetar la memoria del lugar a trav\u00e9s de un lenguaje capaz de hablar al presente\u201d"},"content":{"rendered":"<p>Tras pasar a\u00f1os entre <a href=\"https:\/\/www.revistaad.es\/lugares\/articulos\/londres-en-dos-dias-para-sibaritas-y-amantes-del-diseno\" rel=\"nofollow noopener\" target=\"_blank\">Londres<\/a> y las playas de South Beach, la dise\u00f1adora decidi\u00f3 establecer aqu\u00ed su segundo hogar, un apartamento luminoso donde el verano nunca se acaba. <strong>Este es un espacio que cuenta el di\u00e1logo entre pasado y presente de la zona donde se ubica, una charla entre la memoria arquitect\u00f3nica de la ciudad y una visi\u00f3n contempor\u00e1nea del confort.<\/strong> El resultado es un interior que refleja la luz y la atm\u00f3sfera de Miami, donde las superficies brillantes, los colores profundos, la atenci\u00f3n al detalle y las piezas <a href=\"https:\/\/www.revistaad.es\/articulos\/muebles-vintage-mezcla-estilos-alma-musical-independizada\" rel=\"nofollow noopener\" target=\"_blank\">vintage<\/a> evocan una elegancia atemporal.<\/p>\n<p><img decoding=\"async\" alt=\"Sal\u00f3n con sof blanco y dos butacas azules\" loading=\"lazy\" class=\"ResponsiveImageContainer-eNxvmU cfBbTk responsive-image__image\"   src=\"https:\/\/www.europesays.com\/es\/wp-content\/uploads\/2025\/10\/250618%20_%20malyev%20_%20200%20ocean-15-2.jpg\"\/><\/p>\n<p>Las dos sillas de cuero azul de Thayer Coggin, iconos mid-century, reflejan los tonos del oc\u00e9ano y el car\u00e1cter decidido del proyecto.<\/p>\n<p>\u00a9 Jeanne Michelle Canto, producci\u00f3n, Karine Moni\u00e9<img decoding=\"async\" alt=\"Sal\u00f3n con lmpara de papel y sof con estampado geomtrico\" loading=\"lazy\" class=\"ResponsiveImageContainer-eNxvmU cfBbTk responsive-image__image\"   src=\"https:\/\/www.europesays.com\/es\/wp-content\/uploads\/2025\/10\/13.%20250618%20_%20malyev%20_%20200%20ocean-16.jpg\"\/><\/p>\n<p>El sof\u00e1 a medida nace de un largo banco de piedra que recorre la pared acristalada, transform\u00e1ndose en un asiento mullido tapizado en tejido de Tibor.<\/p>\n<p>\u00a9 Jeanne Michelle Canto, prducci\u00f3n, Karine Moni\u00e9<strong>Una renovaci\u00f3n total<\/strong><\/p>\n<p>El proyecto naci\u00f3 de un gesto radical: desnudar el piso hasta llegar a su envoltura original, conservando \u00fanicamente las <a href=\"https:\/\/www.revistaad.es\/arquitectura\/articulos\/ventanas-modernas-mas-hojas-menos-perfileria-instaladas-en-cubierta\" rel=\"nofollow noopener\" target=\"_blank\">ventanas<\/a> como homenaje a la estructura y a su car\u00e1cter art d\u00e9co. A partir de ah\u00ed, Olga recompuso todo -espacios, flujos, materiales- imaginando un interior abierto y profundamente coherente. <strong>As\u00ed, cada estancia se ha redise\u00f1ado para adaptarse a la rutina diaria de una familia en movimiento: zonas de descanso, rincones de trabajo, una peque\u00f1a sala de cine\u2026<\/strong> Todo el mobiliario se fabric\u00f3 en Europa y se envi\u00f3 a Miami, en una operaci\u00f3n de precisi\u00f3n milim\u00e9trica realizada a distancia. <strong>El resultado es un conjunto armonioso donde las superficies lacadas y las proporciones armoniosas amplifican la luz natural,<\/strong> haciendo que cada habitaci\u00f3n forme parte de una narraci\u00f3n continua.<\/p>\n<p><img decoding=\"async\" alt=\"Cocina con salpicadero de mrmol\" loading=\"lazy\" class=\"ResponsiveImageContainer-eNxvmU cfBbTk responsive-image__image\"   src=\"https:\/\/www.europesays.com\/es\/wp-content\/uploads\/2025\/10\/1.%2050618%20_%20malyev%20_%20200%20ocean-10.jpg\"\/><\/p>\n<p>La cocina, parcialmente abierta al sal\u00f3n y al comedor, se ha dise\u00f1ado con gran atenci\u00f3n para camuflar los electrodom\u00e9sticos de gran tama\u00f1o, preservando al mismo tiempo la plena funcionalidad del espacio.<\/p>\n<p>\u00a9 Jeanne Michelle Canto, producci\u00f3n: Karine Moni\u00e9<img decoding=\"async\" alt=\"Comedor blanco junto a la ventana de la cocina\" loading=\"lazy\" class=\"ResponsiveImageContainer-eNxvmU cfBbTk responsive-image__image\"   src=\"https:\/\/www.europesays.com\/es\/wp-content\/uploads\/2025\/10\/9.%20250618%20_%20malyev%20_%20200%20ocean-27.jpg\"\/><\/p>\n<p>La columna portante, ahora un cilindro pulido y escultural, pasando de ser una limitaci\u00f3n t\u00e9cnica a convertirse en un detalle arquitect\u00f3nico protagonista. Este gesto formal evoca deliberadamente los c\u00f3digos del art d\u00e9co y del modernismo de mediados de siglo, reforzando el v\u00ednculo estil\u00edstico de todo el proyecto.<\/p>\n<p>\u00a9 Jeanne Michelle Canto, producci\u00f3n: Karine Moni\u00e9<strong>Iconos del dise\u00f1o y toques de color<\/strong><\/p>\n<p>El hilo conductor fue la reinterpretaci\u00f3n crom\u00e1tica del <a href=\"https:\/\/www.revistaad.es\/lugares\/articulos\/ruta-arquitectonica-art-deco-miami\/23051\" rel=\"nofollow noopener\" target=\"_blank\">art d\u00e9co americano<\/a>: azul noche, burdeos, negro brillante y toques de marfil cremoso se alternan en un sofisticado equilibrio. El tono intenso del dormitorio principal envuelve el espacio como un terciopelo visual, mientras que en el cuarto de ba\u00f1o de los ni\u00f1os, el contraste entre los azulejos oscuros y el m\u00e1rmol color vino crea un efecto dram\u00e1tico y vital. Piedras veteadas, maderas ex\u00f3ticas, cer\u00e1mica esmaltada y mosaicos de Bisazza, componen una paleta t\u00e1ctil y refinada, yuxtapuesta a superficies espejadas que capturan la luz del mar. El <strong>mobiliario vintage, de Stilnovo a Pace Collection, de Saarinen a <a href=\"https:\/\/www.revistaad.es\/arquitectura\/articulos\/charlotte-perriand-arquitecta-arte-vivir\/23985\" rel=\"nofollow noopener\" target=\"_blank\">Charlotte Perriand<\/a>, dialoga en equilibrio con piezas hechas a medida.<\/strong> Todo, desde el banco del sal\u00f3n hasta las l\u00e1mparas de ara\u00f1a de acero pulido, contribuye a crear un ambiente sofisticado y acogedor en el que cada detalle refleja la personalidad de la dise\u00f1adora: atrevida y elegante, pero profundamente \u00edntima.<\/p>\n<p><img decoding=\"async\" alt=\"Dormitorio con escritorio a un lado y pared espejada\" loading=\"lazy\" class=\"ResponsiveImageContainer-eNxvmU cfBbTk responsive-image__image\"   src=\"https:\/\/www.europesays.com\/es\/wp-content\/uploads\/2025\/10\/6.%20250618%20_%20malyev%20_%20200%20ocean-17.jpg\"\/><\/p>\n<p>En el dormitorio principal, la cama est\u00e1 tapizada en mohair color camel de Schumacher.<\/p>\n<p>\u00a9 Jeanne Michelle Canto, producci\u00f3n: Karine Moni\u00e9<img decoding=\"async\" alt=\"Dormitorio con pared de espejos y moqueta\" loading=\"lazy\" class=\"ResponsiveImageContainer-eNxvmU cfBbTk responsive-image__image\"   src=\"https:\/\/www.europesays.com\/es\/wp-content\/uploads\/2025\/10\/14.%20250618%20_%20malyev%20_%20200%20ocean-21.jpg\"\/><\/p>\n<p>La mesita de noche de acero es de Pace. Para completar el conjunto, un par de apliques de lat\u00f3n de Jacques Moniquet para Cheret AAM Paris de 1975.<\/p>\n<p>\u00a9 Jeanne Michelle Canto, producci\u00f3n: Karine Moni\u00e9<img decoding=\"async\" alt=\"Dormitorio con pared azul noche y escritorio de madera oscura\" loading=\"lazy\" class=\"ResponsiveImageContainer-eNxvmU cfBbTk responsive-image__image\"   src=\"https:\/\/www.europesays.com\/es\/wp-content\/uploads\/2025\/10\/250618%20_%20malyev%20_%20200%20ocean-20_1%20(1).jpg\"\/><\/p>\n<p>Delante de la cama, una c\u00f3moda a medida inspirada en la est\u00e9tica minimalista de Charlotte Perriand dialoga con piezas vintage de car\u00e1cter decidido: una l\u00e1mpara brutalista de Laurel de los a\u00f1os 7.<\/p>\n<p>\u00a9 Jeanne Michelle Canto, producci\u00f3n: Karine Moni\u00e9<\/p>\n","protected":false},"excerpt":{"rendered":"Tras pasar a\u00f1os entre Londres y las playas de South Beach, la dise\u00f1adora decidi\u00f3 establecer aqu\u00ed su segundo&hellip;\n","protected":false},"author":2,"featured_media":180282,"comment_status":"","ping_status":"","sticky":false,"template":"","format":"standard","meta":{"footnotes":""},"categories":[173],"tags":[229,233,231,230,1530,232,234,146,147,25,24,23],"class_list":{"0":"post-180281","1":"post","2":"type-post","3":"status-publish","4":"format-standard","5":"has-post-thumbnail","7":"category-arte-y-diseno","8":"tag-arte","9":"tag-arte-y-diseno","10":"tag-arts","11":"tag-arts-and-design","12":"tag-casas-ad","13":"tag-design","14":"tag-diseno","15":"tag-entertainment","16":"tag-entretenimiento","17":"tag-es","18":"tag-espana","19":"tag-spain"},"share_on_mastodon":{"url":"","error":""},"_links":{"self":[{"href":"https:\/\/www.europesays.com\/es\/wp-json\/wp\/v2\/posts\/180281","targetHints":{"allow":["GET"]}}],"collection":[{"href":"https:\/\/www.europesays.com\/es\/wp-json\/wp\/v2\/posts"}],"about":[{"href":"https:\/\/www.europesays.com\/es\/wp-json\/wp\/v2\/types\/post"}],"author":[{"embeddable":true,"href":"https:\/\/www.europesays.com\/es\/wp-json\/wp\/v2\/users\/2"}],"replies":[{"embeddable":true,"href":"https:\/\/www.europesays.com\/es\/wp-json\/wp\/v2\/comments?post=180281"}],"version-history":[{"count":0,"href":"https:\/\/www.europesays.com\/es\/wp-json\/wp\/v2\/posts\/180281\/revisions"}],"wp:featuredmedia":[{"embeddable":true,"href":"https:\/\/www.europesays.com\/es\/wp-json\/wp\/v2\/media\/180282"}],"wp:attachment":[{"href":"https:\/\/www.europesays.com\/es\/wp-json\/wp\/v2\/media?parent=180281"}],"wp:term":[{"taxonomy":"category","embeddable":true,"href":"https:\/\/www.europesays.com\/es\/wp-json\/wp\/v2\/categories?post=180281"},{"taxonomy":"post_tag","embeddable":true,"href":"https:\/\/www.europesays.com\/es\/wp-json\/wp\/v2\/tags?post=180281"}],"curies":[{"name":"wp","href":"https:\/\/api.w.org\/{rel}","templated":true}]}}