{"id":180297,"date":"2025-10-16T09:35:08","date_gmt":"2025-10-16T09:35:08","guid":{"rendered":"https:\/\/www.europesays.com\/es\/180297\/"},"modified":"2025-10-16T09:35:08","modified_gmt":"2025-10-16T09:35:08","slug":"me-alegro-de-que-le-den-el-nobel-a-una-persona-que-defiende-la-democracia-en-la-dictadura-venezolana","status":"publish","type":"post","link":"https:\/\/www.europesays.com\/es\/180297\/","title":{"rendered":"\u00abMe alegro de que le den el Nobel a una persona que defiende la democracia\u00bb en la \u00abdictadura\u00bb venezolana"},"content":{"rendered":"<p>16\/10\/2025<br \/>\n<br \/><strong><br \/>\nActualizado a las 10:44h.<br \/>\n<\/strong><\/p>\n<p class=\"voc-p\" style=\"\">El ministro de Transportes, \u00d3scar Puente, ha tomado una <strong>postura un tanto diferente a la del resto de miembros del actual Gobierno<\/strong> de Espa\u00f1a en cuanto al Nobel de la Paz de Mar\u00eda Corina Machado. La opositora venezolana no ha sido felicitada de forma  &#8230; p\u00fablica por el Ejecutivo y el escepticismo se hizo a\u00fan m\u00e1s evidente tras las declaraciones de S\u00e1nchez este martes: <a href=\"https:\/\/www.abc.es\/espana\/pronuncio-sobre-nobel-mensajes-demuestran-pedro-sanchez-20251014103321-nt.html\" target=\"_self\" data-voc-vtm-id=\"in-text-traffic\" title=\"\u00abNo entro a valorar si es justo o no\u00bb\" data-mrf-link=\"www.abc.es\" rel=\"nofollow noopener\">\u00abNo entro a valorar si es justo o no\u00bb<\/a>.<\/p>\n<p class=\"voc-p\" style=\"\">Puente, sin embargo, ha mostrado su simpat\u00eda con la decisi\u00f3n del jurado que entrega el galard\u00f3n. <strong>\u00abMe alegro de que le den el Nobel a una persona que defiende la democracia en Venezuela\u00bb<\/strong>, ha afirmado el ministro en una entrevista en el programa &#8216;M\u00e1s de Uno&#8217;, de Onda Cero. <\/p>\n<p class=\"voc-p\" style=\"\">Hasta ahora, el ministro de Transportes es <a href=\"https:\/\/www.abc.es\/internacional\/mezquindad-ante-nobel-machado-20251014091119-nt.html#vca=modulo-rel-uno&amp;vso=abc&amp;vmc=noticias-rel&amp;vli=espana\" target=\"_self\" data-voc-vtm-id=\"in-text-traffic\" title=\"el \u00fanico en el Ejecutivo que se ha posicionado en p\u00fablico de una forma clara y evidente a favor\" data-mrf-link=\"www.abc.es\" rel=\"nofollow noopener\">el \u00fanico en el Ejecutivo que se ha posicionado en p\u00fablico de una forma clara y evidente a favor<\/a> de que Machado haya sido premiada. \u00abSi el jurado ha considerado que tiene m\u00e9ritos para ello <strong>me parece bien<\/strong>\u00bb, ha dicho sin tapujos Puente.<\/p>\n<p class=\"voc-p\" style=\"\">El ministro ha reconocido no conocer \u00abmuy bien\u00bb la trayectoria de la opositora venezolana y ha justificado que: \u00abNo soy un defensor de la <strong>dictadura venezolana<\/strong> ni del r\u00e9gimen; no tengo nada que ver con el se\u00f1or Maduro\u00bb.<\/p>\n<p>\nArt\u00edculo solo para suscriptores\n<\/p>\n<p>Reportar un error<\/p>\n","protected":false},"excerpt":{"rendered":"16\/10\/2025 Actualizado a las 10:44h. El ministro de Transportes, \u00d3scar Puente, ha tomado una postura un tanto diferente&hellip;\n","protected":false},"author":2,"featured_media":180298,"comment_status":"","ping_status":"","sticky":false,"template":"","format":"standard","meta":{"footnotes":""},"categories":[42],"tags":[51286,17,18,5443,4875,18469,13,14,11,61,62,63,64,19,20,9,35262,10,15,16,2789,3638,2497,12,21,22,1192,65,66,67],"class_list":{"0":"post-180297","1":"post","2":"type-post","3":"status-publish","4":"format-standard","5":"has-post-thumbnail","7":"category-internacional","8":"tag-alegro","9":"tag-breaking-news","10":"tag-breakingnews","11":"tag-defiende","12":"tag-democracia","13":"tag-den","14":"tag-featured-news","15":"tag-featurednews","16":"tag-headlines","17":"tag-internacional","18":"tag-international","19":"tag-international-news","20":"tag-internationalnews","21":"tag-latest-news","22":"tag-latestnews","23":"tag-news","24":"tag-nobel","25":"tag-noticias","26":"tag-noticias-destacadas","27":"tag-noticiasdestacadas","28":"tag-oscar","29":"tag-persona","30":"tag-puente","31":"tag-titulares","32":"tag-ultimas-noticias","33":"tag-ultimasnoticias","34":"tag-venezuela","35":"tag-world","36":"tag-world-news","37":"tag-worldnews"},"share_on_mastodon":{"url":"","error":""},"_links":{"self":[{"href":"https:\/\/www.europesays.com\/es\/wp-json\/wp\/v2\/posts\/180297","targetHints":{"allow":["GET"]}}],"collection":[{"href":"https:\/\/www.europesays.com\/es\/wp-json\/wp\/v2\/posts"}],"about":[{"href":"https:\/\/www.europesays.com\/es\/wp-json\/wp\/v2\/types\/post"}],"author":[{"embeddable":true,"href":"https:\/\/www.europesays.com\/es\/wp-json\/wp\/v2\/users\/2"}],"replies":[{"embeddable":true,"href":"https:\/\/www.europesays.com\/es\/wp-json\/wp\/v2\/comments?post=180297"}],"version-history":[{"count":0,"href":"https:\/\/www.europesays.com\/es\/wp-json\/wp\/v2\/posts\/180297\/revisions"}],"wp:featuredmedia":[{"embeddable":true,"href":"https:\/\/www.europesays.com\/es\/wp-json\/wp\/v2\/media\/180298"}],"wp:attachment":[{"href":"https:\/\/www.europesays.com\/es\/wp-json\/wp\/v2\/media?parent=180297"}],"wp:term":[{"taxonomy":"category","embeddable":true,"href":"https:\/\/www.europesays.com\/es\/wp-json\/wp\/v2\/categories?post=180297"},{"taxonomy":"post_tag","embeddable":true,"href":"https:\/\/www.europesays.com\/es\/wp-json\/wp\/v2\/tags?post=180297"}],"curies":[{"name":"wp","href":"https:\/\/api.w.org\/{rel}","templated":true}]}}