{"id":180306,"date":"2025-10-16T09:43:09","date_gmt":"2025-10-16T09:43:09","guid":{"rendered":"https:\/\/www.europesays.com\/es\/180306\/"},"modified":"2025-10-16T09:43:09","modified_gmt":"2025-10-16T09:43:09","slug":"movistar-team-presenta-la-primera-promocion-de-su-nuevo-equipo-de-desarrollo","status":"publish","type":"post","link":"https:\/\/www.europesays.com\/es\/180306\/","title":{"rendered":"Movistar Team presenta la primera promoci\u00f3n de su nuevo equipo de desarrollo"},"content":{"rendered":"<p class=\"news_body-excerpt\">Movistar Team ha confirmado oficialmente la primera promoci\u00f3n de su nuevo proyecto de formaci\u00f3n, Movistar Team Academy, una escuadra compuesta por 12 j\u00f3venes corredores de entre 17 y 21 a\u00f1os (media de 18 a\u00f1os) procedentes de seis pa\u00edses: Espa\u00f1a (6), Italia (2), Colombia (1), Costa Rica (1), Rep\u00fablica Checa (1) y Reino Unido (1).<\/p>\n<p><img fetchpriority=\"high\" decoding=\"async\" width=\"736\" height=\"920\" src=\"https:\/\/www.europesays.com\/es\/wp-content\/uploads\/2025\/10\/ALINEACION-ESTILO-V-OK-MT-Academy-Feed-1-736x920.jpg\" alt=\"\" class=\"wp-image-145758\"  \/><\/p>\n<p>El\u00a0<strong>Movistar Team Academy<\/strong>\u00a0nace con el prop\u00f3sito de\u00a0<strong>fortalecer la base del ciclismo<\/strong>\u00a0y\u00a0<strong>facilitar la transici\u00f3n de j\u00f3venes talentos<\/strong>\u00a0hasta el m\u00e1ximo nivel del\u00a0<strong>UCI WorldTour<\/strong>. Con esta iniciativa, el conjunto navarro ampl\u00eda su estructura deportiva y reafirma su apuesta por un modelo formativo de referencia en el ciclismo internacional.<\/p>\n<p><strong>\u00abPresentamos un grupo muy ilusionante, con ciclistas j\u00f3venes que cuentan con un gran potencial de crecimiento. Algunos de ellos ya est\u00e1n mostrando una evoluci\u00f3n impresionante, y con el resto trabajaremos para que sigan el mismo camino, cada uno en su especialidad. Nuestro objetivo es ofrecerles un entorno de desarrollo ideal, en el que se sientan como en casa y dispongan de la libertad necesaria para seguir creciendo.\u201d<\/strong>\u00a0explica\u00a0<strong>Manuel Mateo<\/strong>, director deportivo del Movistar Team Academy.<\/p>\n<p>Por su parte,\u00a0<strong>Sebasti\u00e1n Unzu\u00e9<\/strong>, manager general del proyecto, destaca que \u201c<strong>La confirmaci\u00f3n de este grupo de 12 corredores que conforman la plantilla de la Movistar Team Academy es un paso importante para nuestra estructura. Queremos ofrecer a los j\u00f3venes un entorno profesional donde puedan crecer, aprender y dar sus primeros pasos hacia el m\u00e1ximo nivel. Este proyecto nace con una visi\u00f3n a largo plazo, centrada en acompa\u00f1arlos en su desarrollo deportivo y personal, siempre con los valores que definen a Movistar Team<\/strong>.\u201d<\/p>\n<p><img loading=\"lazy\" decoding=\"async\" width=\"1380\" height=\"920\" src=\"https:\/\/www.europesays.com\/es\/wp-content\/uploads\/2025\/10\/GOBIKXMOVISTAR-55-1380x920.jpg\" alt=\"\" class=\"lazyload wp-image-145728\"  data-\/><\/p>\n<p><strong>Plantilla Movistar Team Academy<\/strong><\/p>\n<p><strong>\ud83c\uddea\ud83c\uddf8<\/strong><strong>\u00a0Markel ARANAZ (18) Contrato 2026<\/strong>\u00a0\u2013 Del Baqu\u00e9 Movistar Team, con\u00a0<strong>1 victoria y 3\u00a0<\/strong>podios en 2025.<\/p>\n<p><strong>\ud83c\udde8\ud83c\uddf7\u00a0Sebasti\u00e1n CASTRO (18) Contrato 2026 \u2013 2027<\/strong>\u00a0\u2013\u00a0Del Team General System AWC,\u00a0<strong>campe\u00f3n centroamericano junior de ruta<\/strong>\u00a0y autor de\u00a0<strong>4 victorias<\/strong>\u00a0este a\u00f1o.<\/p>\n<p><strong>\ud83c\uddea\ud83c\uddf8\u00a0Javier CUBILLAS (18)\u00a0Contrato 2026 \u2013 2027<\/strong>\u00a0\u2013\u00a0Del Baqu\u00e9 Movistar Team. Destacado en el Mundial de Ruanda y\u00a0<strong>Top-10 en el Europeo<\/strong>, con\u00a0<strong>2 triunfos<\/strong>\u00a0esta temporada.<\/p>\n<p><strong>\ud83c\uddee\ud83c\uddf9\u00a0Daniele FORLIN (17)\u00a0Contrato 2026 \u2013 2027<\/strong>\u00a0\u2013\u00a0Del Nordest Villadose Angelo Gomme, con\u00a0<strong>6 podios<\/strong>\u00a0este a\u00f1o.<\/p>\n<p><strong>\ud83c\udde8\ud83c\uddf4\u00a0Jhonatan GUATIBONZA (21) Contrato 2026<\/strong>\u00a0\u2013 Del Nu Colombia,\u00a0<strong>campe\u00f3n panamericano sub-23<\/strong>\u00a0y\u00a0<strong>5 triunfos<\/strong>\u00a0esta temporada.<\/p>\n<p><strong>\ud83c\uddea\ud83c\uddf8\u00a0Eric IGUAL (18)\u00a0Contrato 2026 \u2013 2027<\/strong>\u00a0\u2013\u00a0Del Picusa Academy, suma\u00a0<strong>2 victorias<\/strong>\u00a0en 2025.<\/p>\n<p><strong>\ud83c\uddec\ud83c\udde7\u00a0Lucas JACKSON (18)\u00a0Contrato 2026 \u2013 2027<\/strong>\u00a0\u2013\u00a0Brit\u00e1nico afincado en Espa\u00f1a,\u00a0<strong>ganador de la Bizkaiko Itzulia<\/strong>\u00a0y con\u00a0<strong>2 victorias<\/strong>\u00a0este curso.<\/p>\n<p><strong>\ud83c\udde8\ud83c\uddff\u00a0Filip NOV\u00c1K (17)\u00a0Contrato 2026<\/strong>\u00a0\u2013\u00a0De la Ciclistica Trevigliese, en 2025 con\u00a0<strong>1 triunfo<\/strong>\u00a0y\u00a0<strong>4 Top-5<\/strong>\u00a0logrados en Italia.<\/p>\n<p><strong>\ud83c\uddea\ud83c\uddf8\u00a0Roger PARETA (19)\u00a0Contrato 2026 \u2013 2027<\/strong>\u00a0\u2013\u00a0Procedente del Finisher\u2013Kern Pharma, esta temporada con\u00a0<strong>6 presencias en el Top-5.<\/strong><\/p>\n<p><strong>\ud83c\uddea\ud83c\uddf8\u00a0Tom\u00e1s POMBO (19)\u00a0Contrato 2026 \u2013 2027<\/strong>\u00a0\u2013\u00a0Del Club Ciclista Padron\u00e9s\u2013Cortizo, con\u00a0<strong>4 victorias<\/strong>\u00a0en 2025.<\/p>\n<p><strong>\ud83c\uddee\ud83c\uddf9\u00a0Mattia PROIETTI (18 a\u00f1os)\u00a0Contrato 2026 \u2013 2027<\/strong>\u00a0\u2013\u00a0Procedente del Team Franco Ballerini. Ha logrado\u00a0<strong>5 victorias<\/strong>\u00a0en el calendario italiano 2025.<\/p>\n<p><strong>\ud83c\uddea\ud83c\uddf8\u00a0Ibai VILLATE (17)\u00a0Contrato 2026 \u2013 2027<\/strong>\u00a0\u2013\u00a0Subcampe\u00f3n de Espa\u00f1a junior CRI 2025, del Alimco\u2013Campagnolo y con\u00a0<strong>3 victorias<\/strong>\u00a0este a\u00f1o.<\/p>\n<p>Con el\u00a0<strong>Movistar Team Academy<\/strong>, el conjunto azul refuerza su papel como un impulsor del talento joven en el pelot\u00f3n internacional, creando un puente directo entre la base y la \u00e9lite del ciclismo mundial.<\/p>\n","protected":false},"excerpt":{"rendered":"Movistar Team ha confirmado oficialmente la primera promoci\u00f3n de su nuevo proyecto de formaci\u00f3n, Movistar Team Academy, una&hellip;\n","protected":false},"author":2,"featured_media":180307,"comment_status":"","ping_status":"","sticky":false,"template":"","format":"standard","meta":{"footnotes":""},"categories":[273],"tags":[5168,313,1757,312,168,622,25,24,14861,699,303,8660,3013,23,167,1826,462,11214,5411,14860],"class_list":{"0":"post-180306","1":"post","2":"type-post","3":"status-publish","4":"format-standard","5":"has-post-thumbnail","7":"category-ciclismo","8":"tag-bicicletas","9":"tag-ciclismo","10":"tag-ciclista","11":"tag-cycling","12":"tag-deportes","13":"tag-equipo","14":"tag-es","15":"tag-espana","16":"tag-eusebio-unzue","17":"tag-grande","18":"tag-movistar","19":"tag-movistar-team","20":"tag-mundo","21":"tag-spain","22":"tag-sports","23":"tag-telefonica","24":"tag-tour-de-francia","25":"tag-uci","26":"tag-vuelta-a-espana","27":"tag-world-tour"},"share_on_mastodon":{"url":"","error":""},"_links":{"self":[{"href":"https:\/\/www.europesays.com\/es\/wp-json\/wp\/v2\/posts\/180306","targetHints":{"allow":["GET"]}}],"collection":[{"href":"https:\/\/www.europesays.com\/es\/wp-json\/wp\/v2\/posts"}],"about":[{"href":"https:\/\/www.europesays.com\/es\/wp-json\/wp\/v2\/types\/post"}],"author":[{"embeddable":true,"href":"https:\/\/www.europesays.com\/es\/wp-json\/wp\/v2\/users\/2"}],"replies":[{"embeddable":true,"href":"https:\/\/www.europesays.com\/es\/wp-json\/wp\/v2\/comments?post=180306"}],"version-history":[{"count":0,"href":"https:\/\/www.europesays.com\/es\/wp-json\/wp\/v2\/posts\/180306\/revisions"}],"wp:featuredmedia":[{"embeddable":true,"href":"https:\/\/www.europesays.com\/es\/wp-json\/wp\/v2\/media\/180307"}],"wp:attachment":[{"href":"https:\/\/www.europesays.com\/es\/wp-json\/wp\/v2\/media?parent=180306"}],"wp:term":[{"taxonomy":"category","embeddable":true,"href":"https:\/\/www.europesays.com\/es\/wp-json\/wp\/v2\/categories?post=180306"},{"taxonomy":"post_tag","embeddable":true,"href":"https:\/\/www.europesays.com\/es\/wp-json\/wp\/v2\/tags?post=180306"}],"curies":[{"name":"wp","href":"https:\/\/api.w.org\/{rel}","templated":true}]}}